{"id":34142,"date":"2019-02-07T01:08:20","date_gmt":"2019-02-06T22:08:20","guid":{"rendered":"https:\/\/www.bghaber.org\/bghaber\/?p=34142"},"modified":"2019-06-25T23:25:08","modified_gmt":"2019-06-25T20:25:08","slug":"yunanistan-bulgaristan-dogalgaz-boru-hattinin-insaatina-mayis-ayinda-baslanacak","status":"publish","type":"post","link":"https:\/\/www.bghaber.org\/bghaber\/yunanistan-bulgaristan-dogalgaz-boru-hattinin-insaatina-mayis-ayinda-baslanacak\/","title":{"rendered":"Yunanistan-Bulgaristan do\u011falgaz boru hatt\u0131n\u0131n in\u015faat\u0131na May\u0131s ay\u0131nda ba\u015flanacak"},"content":{"rendered":"<p>Enerji Bakanl\u0131\u011f\u0131 Bas\u0131n ve Halkla \u0130li\u015fkiler M\u00fc\u015favirli\u011finden yap\u0131lan a\u00e7\u0131klamaya g\u00f6re bug\u00fcn Enerji Bakan\u0131 Temenujka Petkova, Avrupa Birli\u011fi (AB) \u00fclkelerinin b\u00fcy\u00fckel\u00e7ilerinin kat\u0131l\u0131m\u0131yla ger\u00e7ekle\u015ftirilen toplant\u0131da, \u201cYunanistan-Bulgaristan do\u011falgaz boru hatt\u0131na y\u00f6nelik in\u015faat i\u015fleri May\u0131s ay\u0131nda ba\u015flayacak. Boru al\u0131m\u0131, m\u00fchendislik dan\u0131\u015fmanl\u0131\u011f\u0131 ve y\u00fcklenici in\u015faat firmas\u0131 i\u00e7in \u00fc\u00e7 kamu h\u0131zmet al\u0131m\u0131 ihalesinin o zamana kadar tamamlanmas\u0131 bekleniyor\u201d diye a\u00e7\u0131klad\u0131.<\/p>\n<p>Bakan, do\u011falgaz boru hatt\u0131nda ilk gaz ak\u0131\u015f\u0131n\u0131n 2020 y\u0131l\u0131nda ba\u015flayaca\u011f\u0131n\u0131 d\u00fc\u015f\u00fcn\u00fcyor. AB \u00fclkelerinin b\u00fcy\u00fckel\u00e7ilerinin kat\u0131l\u0131m\u0131yla ger\u00e7ekle\u015ftirilen toplant\u0131, AB Konseyi D\u00f6nem Ba\u015fkanl\u0131\u011f\u0131\u2019n\u0131 y\u00fcr\u00fcten Romanya\u2019n\u0131n giri\u015fimi \u00fczerine d\u00fczenlendi.<\/p>\n<p>Yunanistan-Bulgaristan do\u011falgaz boru hatt\u0131n\u0131n in\u015faat\u0131na y\u00f6nelik ihalelere ba\u015fvuran \u015firketler aras\u0131nda sadece Bulgar ve Yunan \u015firketleri ihalelere teklif vermeye davet edildi. Katma de\u011fer vergisi (KDV) hari\u00e7 145 milyon avro ba\u015flang\u0131\u00e7 tutar\u0131yla yap\u0131lan a\u00e7\u0131k art\u0131rmaya toplam 11 \u015firket kat\u0131ld\u0131, ancak bu alanda tecr\u00fcbeli olan d\u00fcnya \u00e7ap\u0131ndaki \u015firketler, Stara Zagora (Eski Za\u011fra)-G\u00fcm\u00fclcine g\u00fczergah\u0131 \u00fczerinden ge\u00e7ecek olan 183 kilometre uzunlu\u011fundaki do\u011falgaz boru hatt\u0131 projesini tasarlayan Bulgaristan Enerji Holdingi BEH ve Yunanistan ve \u0130talyan sermayeli \u015firket olan IGI Poseidon\u2019un e\u015fit paylara sahip oldu\u011fu ICGB \u015eirketler Birli\u011fi taraf\u0131ndan olu\u015fturulan ihale komisyonu taraf\u0131ndan ihaleye \u00e7a\u011f\u0131r\u0131lmad\u0131.<\/p>\n<p>\u0130hale s\u00fcreci Bulgaristan\u2019\u0131n b\u00fcy\u00fck in\u015faat \u015firketleri GP Group, Trace Group Hold, Glavbolgarstroy ve Yunan \u015firketleri Terna, Aktor, JP- Avax\u2019in kat\u0131l\u0131m\u0131yla devam ediyor. Hepsi proje uygulamas\u0131 i\u00e7in y\u00fcksek gereklilikleri kar\u015f\u0131lamak i\u00e7in yabanc\u0131 \u015firketlerle resmen ortakt\u0131r, ancak in\u015faat ve montaj i\u015flerinin ba\u015fl\u0131ca onlar taraf\u0131ndan ger\u00e7ekle\u015ftirilece\u011fi a\u00e7\u0131kt\u0131r.<\/p>\n<p>Birinci eleme turundan sonra ikincisine kat\u0131lan \u015firketlerin verdi\u011fi tekliflerin g\u00f6zden ge\u00e7irilmesi, de\u011ferlendirilmesi ve s\u0131ralanmas\u0131 bekleniyor.<\/p><div id=\"bghab-925155435\" class=\"bghab-icerik-icine bghab-entity-placement\"><script async src=\"\/\/pagead2.googlesyndication.com\/pagead\/js\/adsbygoogle.js?client=ca-pub-6203283170189293\" crossorigin=\"anonymous\"><\/script><ins class=\"adsbygoogle\" style=\"display:block; text-align:center;\" data-ad-client=\"ca-pub-6203283170189293\" \ndata-ad-slot=\"7303146466\" \ndata-ad-layout=\"in-article\"\ndata-ad-format=\"fluid\" data-full-width-responsive=\"true\"><\/ins>\n<script> \n(adsbygoogle = window.adsbygoogle || []).push({}); \n<\/script>\n<\/div>\n<p>Gaz borular\u0131n\u0131n imalat\u0131 ve temini ihalesi de ikinci eleme turu a\u015famas\u0131nda bulunuyor.<\/p>\n<p>&nbsp;<\/p>\n<p>&nbsp;<\/p>\n<p>K\u0131rcaali Haber<\/p>\n<div id=\"bghab-64125709\" class=\"bghab-yazi-altinda bghab-entity-placement\"><div class=\"bghab-adlabel\">Reklamlar<\/div><script async src=\"https:\/\/pagead2.googlesyndication.com\/pagead\/js\/adsbygoogle.js\"><\/script>\r\n<!-- bghaber-yaz\u0131-sonu -->\r\n<ins class=\"adsbygoogle\"\r\n     style=\"display:block\"\r\n     data-ad-client=\"ca-pub-6203283170189293\"\r\n     data-ad-slot=\"4222328180\"\r\n     data-ad-format=\"auto\"\r\n     data-full-width-responsive=\"true\"><\/ins>\r\n<script>\r\n     (adsbygoogle = window.adsbygoogle || []).push({});\r\n<\/script><\/div><br style=\"clear: both; display: block; float: none;\"\/>","protected":false},"excerpt":{"rendered":"<p>Enerji Bakanl\u0131\u011f\u0131 Bas\u0131n ve Halkla \u0130li\u015fkiler M\u00fc\u015favirli\u011finden yap\u0131lan a\u00e7\u0131klamaya g\u00f6re bug\u00fcn Enerji Bakan\u0131 Temenujka Petkova, Avrupa Birli\u011fi (AB) \u00fclkelerinin b\u00fcy\u00fckel\u00e7ilerinin kat\u0131l\u0131m\u0131yla ger\u00e7ekle\u015ftirilen toplant\u0131da, \u201cYunanistan-Bulgaristan do\u011falgaz<\/p>\n","protected":false},"author":29,"featured_media":7162,"comment_status":"closed","ping_status":"closed","sticky":false,"template":"","format":"standard","meta":{"advanced_seo_description":"","jetpack_seo_html_title":"","jetpack_seo_noindex":false,"_jetpack_memberships_contains_paid_content":false,"footnotes":""},"categories":[9],"tags":[],"class_list":["post-34142","post","type-post","status-publish","format-standard","has-post-thumbnail","hentry","category-ekonomi"],"jetpack_featured_media_url":"https:\/\/i0.wp.com\/www.bghaber.org\/bghaber\/wp-content\/uploads\/2013\/10\/dogalgaz-borusu.jpg?fit=474%2C192&ssl=1","jetpack_sharing_enabled":true,"jetpack_likes_enabled":true,"jetpack-related-posts":[],"jetpack_shortlink":"https:\/\/wp.me\/pc2PfJ-8SG","_links":{"self":[{"href":"https:\/\/www.bghaber.org\/bghaber\/wp-json\/wp\/v2\/posts\/34142","targetHints":{"allow":["GET"]}}],"collection":[{"href":"https:\/\/www.bghaber.org\/bghaber\/wp-json\/wp\/v2\/posts"}],"about":[{"href":"https:\/\/www.bghaber.org\/bghaber\/wp-json\/wp\/v2\/types\/post"}],"author":[{"embeddable":true,"href":"https:\/\/www.bghaber.org\/bghaber\/wp-json\/wp\/v2\/users\/29"}],"replies":[{"embeddable":true,"href":"https:\/\/www.bghaber.org\/bghaber\/wp-json\/wp\/v2\/comments?post=34142"}],"version-history":[{"count":0,"href":"https:\/\/www.bghaber.org\/bghaber\/wp-json\/wp\/v2\/posts\/34142\/revisions"}],"wp:featuredmedia":[{"embeddable":true,"href":"https:\/\/www.bghaber.org\/bghaber\/wp-json\/wp\/v2\/media\/7162"}],"wp:attachment":[{"href":"https:\/\/www.bghaber.org\/bghaber\/wp-json\/wp\/v2\/media?parent=34142"}],"wp:term":[{"taxonomy":"category","embeddable":true,"href":"https:\/\/www.bghaber.org\/bghaber\/wp-json\/wp\/v2\/categories?post=34142"},{"taxonomy":"post_tag","embeddable":true,"href":"https:\/\/www.bghaber.org\/bghaber\/wp-json\/wp\/v2\/tags?post=34142"}],"curies":[{"name":"wp","href":"https:\/\/api.w.org\/{rel}","templated":true}]}}