{"id":34136,"date":"2019-02-07T15:02:40","date_gmt":"2019-02-07T12:02:40","guid":{"rendered":"https:\/\/www.bghaber.org\/bghaber\/?p=34136"},"modified":"2019-06-25T23:25:08","modified_gmt":"2019-06-25T20:25:08","slug":"bulgaristan-enerjisinin-yuzde-19u-yenilenebilir-kaynaklardan-geliyor","status":"publish","type":"post","link":"https:\/\/www.bghaber.org\/bghaber\/bulgaristan-enerjisinin-yuzde-19u-yenilenebilir-kaynaklardan-geliyor\/","title":{"rendered":"Bulgaristan enerjisinin y\u00fczde 19\u2019u yenilenebilir kaynaklardan geliyor"},"content":{"rendered":"<p>Enerji Bakan Yard\u0131mc\u0131s\u0131 Zhecho Stankov, Sofya\u2019da d\u00fczenlenen forumda \u201cBulgaristan, 2030 y\u0131l\u0131na kadar enerji t\u00fcketiminin d\u00f6rtte birini yenilenebilir kaynaklardan sa\u011flamay\u0131 ama\u00e7l\u0131yor\u201d dedi. \u015eu anda yenilenebilir kaynaklar\u0131n pay\u0131 y\u00fczde 19 oran\u0131nda. Bu ama\u00e7la \u00fclkemiz, konut \u00a0t\u00fcketicilerini k\u00fc\u00e7\u00fck hidroelektrik tesisleri in\u015fa etmek i\u00e7in te\u015fvik edecektir. \u00a0Bulgaristan, \u00fclkenin \u00a0elektrik ihtiya\u00e7lar\u0131n\u0131n y\u00fczde 40\u2019n\u0131 \u00fcreten termik santrallerinin \u00e7evre mevzuat\u0131na uyarak kullan\u0131m\u0131na devam etmek istiyor. Bakan Yard\u0131mc\u0131s\u0131, &#8220;Kozloduy NES V. ile VI. \u00fcniteleri, Bulgaristan\u2019\u0131n enerji kar\u0131\u015f\u0131m\u0131nda yer alan ikinci \u00f6nemli unsurdur. Bundan dolay\u0131 s\u00f6z konusu \u00fcniteler kullan\u0131lmaya devam edilecek&#8221; \u015feklinde konu\u015ftu.<\/p>\n<p>&nbsp;<\/p>\n<p>BNR<\/p>\n<div id=\"bghab-9461547\" class=\"bghab-yazi-altinda bghab-entity-placement\"><div class=\"bghab-adlabel\">Reklamlar<\/div><script async src=\"https:\/\/pagead2.googlesyndication.com\/pagead\/js\/adsbygoogle.js\"><\/script>\r\n<!-- bghaber-yaz\u0131-sonu -->\r\n<ins class=\"adsbygoogle\"\r\n     style=\"display:block\"\r\n     data-ad-client=\"ca-pub-6203283170189293\"\r\n     data-ad-slot=\"4222328180\"\r\n     data-ad-format=\"auto\"\r\n     data-full-width-responsive=\"true\"><\/ins>\r\n<script>\r\n     (adsbygoogle = window.adsbygoogle || []).push({});\r\n<\/script><\/div><br style=\"clear: both; display: block; float: none;\"\/>","protected":false},"excerpt":{"rendered":"<p>Enerji Bakan Yard\u0131mc\u0131s\u0131 Zhecho Stankov, Sofya\u2019da d\u00fczenlenen forumda \u201cBulgaristan, 2030 y\u0131l\u0131na kadar enerji t\u00fcketiminin d\u00f6rtte birini yenilenebilir kaynaklardan sa\u011flamay\u0131 ama\u00e7l\u0131yor\u201d dedi. \u015eu anda yenilenebilir kaynaklar\u0131n<\/p>\n","protected":false},"author":29,"featured_media":7128,"comment_status":"closed","ping_status":"closed","sticky":false,"template":"","format":"standard","meta":{"advanced_seo_description":"","jetpack_seo_html_title":"","jetpack_seo_noindex":false,"_jetpack_memberships_contains_paid_content":false,"footnotes":""},"categories":[9,1],"tags":[],"class_list":["post-34136","post","type-post","status-publish","format-standard","has-post-thumbnail","hentry","category-ekonomi","category-haberler"],"jetpack_featured_media_url":"https:\/\/i0.wp.com\/www.bghaber.org\/bghaber\/wp-content\/uploads\/2013\/10\/gunes-enerjisi.jpg?fit=300%2C225&ssl=1","jetpack_sharing_enabled":true,"jetpack_likes_enabled":true,"jetpack-related-posts":[],"jetpack_shortlink":"https:\/\/wp.me\/pc2PfJ-8SA","_links":{"self":[{"href":"https:\/\/www.bghaber.org\/bghaber\/wp-json\/wp\/v2\/posts\/34136","targetHints":{"allow":["GET"]}}],"collection":[{"href":"https:\/\/www.bghaber.org\/bghaber\/wp-json\/wp\/v2\/posts"}],"about":[{"href":"https:\/\/www.bghaber.org\/bghaber\/wp-json\/wp\/v2\/types\/post"}],"author":[{"embeddable":true,"href":"https:\/\/www.bghaber.org\/bghaber\/wp-json\/wp\/v2\/users\/29"}],"replies":[{"embeddable":true,"href":"https:\/\/www.bghaber.org\/bghaber\/wp-json\/wp\/v2\/comments?post=34136"}],"version-history":[{"count":0,"href":"https:\/\/www.bghaber.org\/bghaber\/wp-json\/wp\/v2\/posts\/34136\/revisions"}],"wp:featuredmedia":[{"embeddable":true,"href":"https:\/\/www.bghaber.org\/bghaber\/wp-json\/wp\/v2\/media\/7128"}],"wp:attachment":[{"href":"https:\/\/www.bghaber.org\/bghaber\/wp-json\/wp\/v2\/media?parent=34136"}],"wp:term":[{"taxonomy":"category","embeddable":true,"href":"https:\/\/www.bghaber.org\/bghaber\/wp-json\/wp\/v2\/categories?post=34136"},{"taxonomy":"post_tag","embeddable":true,"href":"https:\/\/www.bghaber.org\/bghaber\/wp-json\/wp\/v2\/tags?post=34136"}],"curies":[{"name":"wp","href":"https:\/\/api.w.org\/{rel}","templated":true}]}}