{"id":34132,"date":"2019-02-07T08:00:45","date_gmt":"2019-02-07T05:00:45","guid":{"rendered":"https:\/\/www.bghaber.org\/bghaber\/?p=34132"},"modified":"2019-06-25T23:25:08","modified_gmt":"2019-06-25T20:25:08","slug":"bulgaristanda-alti-hafif-deprem-meydana-geldi","status":"publish","type":"post","link":"https:\/\/www.bghaber.org\/bghaber\/bulgaristanda-alti-hafif-deprem-meydana-geldi\/","title":{"rendered":"Bulgaristan\u2019da alt\u0131 hafif deprem meydana geldi"},"content":{"rendered":"<p>Ulusal Jeofizik ve Co\u011frafya Enstit\u00fcs\u00fc, d\u00fcn sabah Karadeniz\u2019de Burgas\u2019a 30 km. ve Emine Burnu ile Sl\u0131n\u00e7ev Bryag tatil merkezine 15- 20 km. uzakl\u0131kta Richter \u00f6l\u00e7e\u011fine g\u00f6re 2.4 v 2.2 aras\u0131nda alt\u0131 hafif deprem meydana geldi\u011fini bildirdi.<\/p>\n<p>Yer alt\u0131nda 3 ile 6 km. derinlikte olu\u015fan depremlerin hissedilmedi\u011fi a\u00e7\u0131kland\u0131. G\u00fcneybat\u0131 Bulgaristan\u2019\u0131n Petri\u00e7 \u015fehrinde de 3.1 b\u00fcy\u00fckl\u00fc\u011f\u00fcnde deprem meydana geldi.<\/p>\n<p>&nbsp;<\/p>\n<p>BNR<\/p>\n<div id=\"bghab-4092494938\" class=\"bghab-yazi-altinda bghab-entity-placement\"><div class=\"bghab-adlabel\">Reklamlar<\/div><script async src=\"https:\/\/pagead2.googlesyndication.com\/pagead\/js\/adsbygoogle.js\"><\/script>\r\n<!-- bghaber-yaz\u0131-sonu -->\r\n<ins class=\"adsbygoogle\"\r\n     style=\"display:block\"\r\n     data-ad-client=\"ca-pub-6203283170189293\"\r\n     data-ad-slot=\"4222328180\"\r\n     data-ad-format=\"auto\"\r\n     data-full-width-responsive=\"true\"><\/ins>\r\n<script>\r\n     (adsbygoogle = window.adsbygoogle || []).push({});\r\n<\/script><\/div><br style=\"clear: both; display: block; float: none;\"\/>","protected":false},"excerpt":{"rendered":"<p>Ulusal Jeofizik ve Co\u011frafya Enstit\u00fcs\u00fc, d\u00fcn sabah Karadeniz\u2019de Burgas\u2019a 30 km. ve Emine Burnu ile Sl\u0131n\u00e7ev Bryag tatil merkezine 15- 20 km. uzakl\u0131kta Richter \u00f6l\u00e7e\u011fine<\/p>\n","protected":false},"author":29,"featured_media":3522,"comment_status":"closed","ping_status":"closed","sticky":false,"template":"","format":"standard","meta":{"advanced_seo_description":"","jetpack_seo_html_title":"","jetpack_seo_noindex":false,"_jetpack_memberships_contains_paid_content":false,"footnotes":""},"categories":[5],"tags":[],"class_list":["post-34132","post","type-post","status-publish","format-standard","has-post-thumbnail","hentry","category-yasam"],"jetpack_featured_media_url":"https:\/\/i0.wp.com\/www.bghaber.org\/bghaber\/wp-content\/uploads\/2013\/07\/deprem.jpg?fit=283%2C178&ssl=1","jetpack_sharing_enabled":true,"jetpack_likes_enabled":true,"jetpack-related-posts":[],"jetpack_shortlink":"https:\/\/wp.me\/pc2PfJ-8Sw","_links":{"self":[{"href":"https:\/\/www.bghaber.org\/bghaber\/wp-json\/wp\/v2\/posts\/34132","targetHints":{"allow":["GET"]}}],"collection":[{"href":"https:\/\/www.bghaber.org\/bghaber\/wp-json\/wp\/v2\/posts"}],"about":[{"href":"https:\/\/www.bghaber.org\/bghaber\/wp-json\/wp\/v2\/types\/post"}],"author":[{"embeddable":true,"href":"https:\/\/www.bghaber.org\/bghaber\/wp-json\/wp\/v2\/users\/29"}],"replies":[{"embeddable":true,"href":"https:\/\/www.bghaber.org\/bghaber\/wp-json\/wp\/v2\/comments?post=34132"}],"version-history":[{"count":0,"href":"https:\/\/www.bghaber.org\/bghaber\/wp-json\/wp\/v2\/posts\/34132\/revisions"}],"wp:featuredmedia":[{"embeddable":true,"href":"https:\/\/www.bghaber.org\/bghaber\/wp-json\/wp\/v2\/media\/3522"}],"wp:attachment":[{"href":"https:\/\/www.bghaber.org\/bghaber\/wp-json\/wp\/v2\/media?parent=34132"}],"wp:term":[{"taxonomy":"category","embeddable":true,"href":"https:\/\/www.bghaber.org\/bghaber\/wp-json\/wp\/v2\/categories?post=34132"},{"taxonomy":"post_tag","embeddable":true,"href":"https:\/\/www.bghaber.org\/bghaber\/wp-json\/wp\/v2\/tags?post=34132"}],"curies":[{"name":"wp","href":"https:\/\/api.w.org\/{rel}","templated":true}]}}