{"id":34129,"date":"2019-02-07T12:47:09","date_gmt":"2019-02-07T09:47:09","guid":{"rendered":"https:\/\/www.bghaber.org\/bghaber\/?p=34129"},"modified":"2019-06-25T23:25:08","modified_gmt":"2019-06-25T20:25:08","slug":"bulgaristan-gures-sampiyonu-ayca-halibrama-kircaali-belediyesinden-odul","status":"publish","type":"post","link":"https:\/\/www.bghaber.org\/bghaber\/bulgaristan-gures-sampiyonu-ayca-halibrama-kircaali-belediyesinden-odul\/","title":{"rendered":"Bulgaristan g\u00fcre\u015f \u015fampiyonu Ay\u00e7a Halibram\u2019a K\u0131rcaali Belediyesi\u2019nden \u00f6d\u00fcl"},"content":{"rendered":"<p>K\u0131rcaali Belediye Ba\u015fkan\u0131 Hasan Azis, bug\u00fcn Gorna Oryahovitsa \u015fehrinde d\u00fczenlenen Y\u0131ld\u0131z ve Gen\u00e7 K\u0131zlar Bulgaristan Ferdi G\u00fcre\u015f \u015eampiyonas\u0131\u2019nda 70 kg alt\u0131 kategorisinde \u015fampiyonluk elde eden K\u0131rcaalili gen\u00e7 g\u00fcre\u015f\u00e7i Ay\u00e7a Sunay Halibram\u2019\u0131, spor alan\u0131nda y\u00fcksek profesyonel ba\u015far\u0131 elde etmesi ve K\u0131rcaali Belediyesi\u2019nin sayg\u0131nl\u0131\u011f\u0131n\u0131 art\u0131rmas\u0131ndan dolay\u0131 diploma ve para \u00f6d\u00fcl\u00fc ile \u00f6d\u00fcllendirdi.<br \/>\nK\u0131rcaali Hristo Botev Yabanc\u0131 Diller Lisesinde10.s\u0131n\u0131fta okuyan Ay\u00e7a Halibram, K\u0131rcaali G\u00fcre\u015f Spor Kul\u00fcb\u00fc\u2019n\u00fcn antrenmanlar\u0131na iki aydan beri kat\u0131l\u0131yor ve Gorna Oryahovitsa \u015fehrinde d\u00fczenlenen Y\u0131ld\u0131z ve Gen\u00e7 K\u0131zlar Bulgaristan Ferdi G\u00fcre\u015f \u015eampiyonas\u0131\u2019nda 70 kg alt\u0131 kategorisinde \u015fampiyonluk elde etti. \u015eampiyonan\u0131n en teknik g\u00fcre\u015f\u00e7isi ilan edilen Ay\u00e7a, gen\u00e7 k\u0131zlarda alt\u0131n madalya kazanan ilk K\u0131rcaalili k\u0131z\u0131m\u0131zd\u0131r.<\/p>\n<p>K\u0131rcaali G\u00fcre\u015f Spor Kul\u00fcb\u00fc\u2019n\u00fcn antren\u00f6r\u00fc S\u00fcleyman Atalay, K\u0131rcaali G\u00fcre\u015f Spor Kul\u00fcb\u00fc Derne\u011fi ad\u0131na \u201cK\u0131rcaali\u2019nin en iyi Belediye Ba\u015fkan\u0131\u2019na minnettar\u0131z\u201d yaz\u0131l\u0131 K\u0131rcaali il\u00e7esinde sporun geli\u015fmesine sa\u011flad\u0131\u011f\u0131 katk\u0131lar\u0131ndan dolay\u0131 M\u00fch. Azis\u2019e te\u015fekk\u00fcr belgesi sundu.<\/p>\n<p>Ay\u00e7a, amac\u0131n\u0131n Nisan ay\u0131nda d\u00fczenlenen \u015fampiyonada ikinci bir \u015fampiyonluk elde ederek Haziran ay\u0131nda yap\u0131lacak Avrupa \u015eampiyonas\u0131\u2019na kat\u0131lmak \u00fczere gen\u00e7 k\u0131z milli g\u00fcre\u015f tak\u0131m\u0131na dahil edilmesi oldu\u011funu ifade etti.<\/p>\n<p>M\u00fch. Azis, Ay\u00e7a\u2019ya hedeflerinin y\u00fcksek olmas\u0131n\u0131 ve hayallerinin pe\u015finden ko\u015fmas\u0131n\u0131 diledi. Belediye y\u00f6netimi ad\u0131na elde etti\u011fi \u015fampiyonlukla K\u0131rcaali\u2019nin iyi \u015feylerle an\u0131lmas\u0131n\u0131 sa\u011flad\u0131\u011f\u0131 i\u00e7in Ay\u00e7a\u2019ya te\u015fekk\u00fcr eden Belediye Ba\u015fkan\u0131, ikinci bir \u015fampiyonluk elde ederek gen\u00e7 k\u0131z milli g\u00fcre\u015f tak\u0131m\u0131na edilmesi y\u00f6n\u00fcndeki hayallerinin ger\u00e7ekle\u015fmesini temenni etti. Belediye Ba\u015fkan\u0131, Ay\u00e7a\u2019ya belediyenin sporla ilgili giri\u015fimlerine her t\u00fcrl\u00fc deste\u011fi verece\u011fine kanaat getirdi.<\/p>\n<p>&nbsp;<\/p><div id=\"bghab-4011001242\" class=\"bghab-icerik-icine bghab-entity-placement\"><script async src=\"\/\/pagead2.googlesyndication.com\/pagead\/js\/adsbygoogle.js?client=ca-pub-6203283170189293\" crossorigin=\"anonymous\"><\/script><ins class=\"adsbygoogle\" style=\"display:block; text-align:center;\" data-ad-client=\"ca-pub-6203283170189293\" \ndata-ad-slot=\"7303146466\" \ndata-ad-layout=\"in-article\"\ndata-ad-format=\"fluid\" data-full-width-responsive=\"true\"><\/ins>\n<script> \n(adsbygoogle = window.adsbygoogle || []).push({}); \n<\/script>\n<\/div>\n<p>&nbsp;<\/p>\n<p>K\u0131rcaali Haber<\/p>\n<div id=\"bghab-1746875627\" class=\"bghab-yazi-altinda bghab-entity-placement\"><div class=\"bghab-adlabel\">Reklamlar<\/div><script async src=\"https:\/\/pagead2.googlesyndication.com\/pagead\/js\/adsbygoogle.js\"><\/script>\r\n<!-- bghaber-yaz\u0131-sonu -->\r\n<ins class=\"adsbygoogle\"\r\n     style=\"display:block\"\r\n     data-ad-client=\"ca-pub-6203283170189293\"\r\n     data-ad-slot=\"4222328180\"\r\n     data-ad-format=\"auto\"\r\n     data-full-width-responsive=\"true\"><\/ins>\r\n<script>\r\n     (adsbygoogle = window.adsbygoogle || []).push({});\r\n<\/script><\/div><br style=\"clear: both; display: block; float: none;\"\/>","protected":false},"excerpt":{"rendered":"<p>K\u0131rcaali Belediye Ba\u015fkan\u0131 Hasan Azis, bug\u00fcn Gorna Oryahovitsa \u015fehrinde d\u00fczenlenen Y\u0131ld\u0131z ve Gen\u00e7 K\u0131zlar Bulgaristan Ferdi G\u00fcre\u015f \u015eampiyonas\u0131\u2019nda 70 kg alt\u0131 kategorisinde \u015fampiyonluk elde eden<\/p>\n","protected":false},"author":29,"featured_media":34130,"comment_status":"closed","ping_status":"closed","sticky":false,"template":"","format":"standard","meta":{"advanced_seo_description":"","jetpack_seo_html_title":"","jetpack_seo_noindex":false,"_jetpack_memberships_contains_paid_content":false,"footnotes":""},"categories":[1,7],"tags":[],"class_list":["post-34129","post","type-post","status-publish","format-standard","has-post-thumbnail","hentry","category-haberler","category-saglik-spor"],"jetpack_featured_media_url":"https:\/\/i0.wp.com\/www.bghaber.org\/bghaber\/wp-content\/uploads\/2019\/02\/Bulgaristan-g%C3%BCre%C5%9F-%C5%9Fampiyonu-Ay%C3%A7a-Halibram%E2%80%99a-K%C4%B1rcaali-Belediyesi%E2%80%99nden-%C3%B6d%C3%BCl.jpeg?fit=1600%2C1200&ssl=1","jetpack_sharing_enabled":true,"jetpack_likes_enabled":true,"jetpack-related-posts":[],"jetpack_shortlink":"https:\/\/wp.me\/pc2PfJ-8St","_links":{"self":[{"href":"https:\/\/www.bghaber.org\/bghaber\/wp-json\/wp\/v2\/posts\/34129","targetHints":{"allow":["GET"]}}],"collection":[{"href":"https:\/\/www.bghaber.org\/bghaber\/wp-json\/wp\/v2\/posts"}],"about":[{"href":"https:\/\/www.bghaber.org\/bghaber\/wp-json\/wp\/v2\/types\/post"}],"author":[{"embeddable":true,"href":"https:\/\/www.bghaber.org\/bghaber\/wp-json\/wp\/v2\/users\/29"}],"replies":[{"embeddable":true,"href":"https:\/\/www.bghaber.org\/bghaber\/wp-json\/wp\/v2\/comments?post=34129"}],"version-history":[{"count":0,"href":"https:\/\/www.bghaber.org\/bghaber\/wp-json\/wp\/v2\/posts\/34129\/revisions"}],"wp:featuredmedia":[{"embeddable":true,"href":"https:\/\/www.bghaber.org\/bghaber\/wp-json\/wp\/v2\/media\/34130"}],"wp:attachment":[{"href":"https:\/\/www.bghaber.org\/bghaber\/wp-json\/wp\/v2\/media?parent=34129"}],"wp:term":[{"taxonomy":"category","embeddable":true,"href":"https:\/\/www.bghaber.org\/bghaber\/wp-json\/wp\/v2\/categories?post=34129"},{"taxonomy":"post_tag","embeddable":true,"href":"https:\/\/www.bghaber.org\/bghaber\/wp-json\/wp\/v2\/tags?post=34129"}],"curies":[{"name":"wp","href":"https:\/\/api.w.org\/{rel}","templated":true}]}}