{"id":34115,"date":"2019-02-07T09:22:40","date_gmt":"2019-02-07T06:22:40","guid":{"rendered":"https:\/\/www.bghaber.org\/bghaber\/?p=34115"},"modified":"2019-06-25T23:25:08","modified_gmt":"2019-06-25T20:25:08","slug":"yurtdisinda-yasayan-bulgaristan-vatandaslarinin-sayisi-2-5-milyonu-buldu","status":"publish","type":"post","link":"https:\/\/www.bghaber.org\/bghaber\/yurtdisinda-yasayan-bulgaristan-vatandaslarinin-sayisi-2-5-milyonu-buldu\/","title":{"rendered":"Yurtd\u0131\u015f\u0131nda ya\u015fayan Bulgaristan vatanda\u015flar\u0131n\u0131n say\u0131s\u0131 2.5 milyonu buldu"},"content":{"rendered":"<p>Bulgaristan D\u0131\u015fi\u015fleri Bakanl\u0131\u011f\u0131 ABD\u2019de Bulgarca yay\u0131n yapan www.eurochicago.com haber sitesinden gelen soru \u00fczerine yurtd\u0131\u015f\u0131nda ya\u015fayan Bulgaristan vatanda\u015flar\u0131 hakk\u0131nda bilgi verdi.<\/p>\n<p>Avrupa\u2019da en \u00e7ok Bulgaristan vatanda\u015f\u0131 Almanya\u2019da var. Orada 416 bin Bulgaristanl\u0131 ya\u015f\u0131yor. Son yedi y\u0131lda Fransa\u2019ya giden Bulgaristan vatanda\u015flar\u0131n\u0131n say\u0131s\u0131 80 bine yakla\u015ft\u0131.<\/p>\n<p>D\u0131\u015fi\u015fleri Bakanl\u0131\u011f\u0131\u2019n\u0131n 31 Ocak tarihli verilerine g\u00f6re, T\u00fcrkiye\u2019de 350 bin Bulgaristan vatanda\u015f\u0131 ya\u015f\u0131yor. ABD\u2019ye g\u00f6\u00e7 edenleri say\u0131s\u0131 300 bin, Yunanistan\u2019da 300 bin, \u0130spanya- 250 bin, \u0130ngiltere 200 bin, \u0130talya- 120 bin, Kanada- 70 bin, Avusturya- 35 bin olarak verildi. Bundan yedi y\u0131l \u00f6nce verilen rakamlara k\u0131yasla, 2011\u2019de Almanya\u2019da ya\u015fayan Bulgaristan vatanda\u015flar\u0131n\u0131n say\u0131s\u0131 74 869 olarak verilmi\u015fti. Bu y\u0131l ba\u015f\u0131nda ise 400 binden fazla oldu\u011fu tespit edildi. Bakanl\u0131\u011f\u0131n 2011\u2019deki istatistiklerine g\u00f6re, T\u00fcrkiye\u2019de ya\u015fayan Bulgaristan vatanda\u015flar\u0131n\u0131n say\u0131s\u0131 500 bin idi. Bu y\u0131l verilerinde ise, T\u00fcrkiye\u2019deki say\u0131s\u0131 150 bin ki\u015fiyle az g\u00f6sterildi.<\/p>\n<p>Almanya\u2019da Bulgaristan vatanda\u015f\u0131 say\u0131s\u0131 yedi y\u0131lda 400 bin artt\u0131<\/p>\n<p>2011\u2019de yurtd\u0131\u015f\u0131nda ya\u015fayan ve \u00e7al\u0131\u015fan Bulgaristan\u2019l\u0131lar\u0131n say\u0131s\u0131 2 018 792 olarak bildirilmi\u015fti. \u015eimdi ise say\u0131 400 bin ile artarak, 2 milyon 417 bin oldu.<\/p><div id=\"bghab-4075450716\" class=\"bghab-icerik-icine bghab-entity-placement\"><script async src=\"\/\/pagead2.googlesyndication.com\/pagead\/js\/adsbygoogle.js?client=ca-pub-6203283170189293\" crossorigin=\"anonymous\"><\/script><ins class=\"adsbygoogle\" style=\"display:block; text-align:center;\" data-ad-client=\"ca-pub-6203283170189293\" \ndata-ad-slot=\"7303146466\" \ndata-ad-layout=\"in-article\"\ndata-ad-format=\"fluid\" data-full-width-responsive=\"true\"><\/ins>\n<script> \n(adsbygoogle = window.adsbygoogle || []).push({}); \n<\/script>\n<\/div>\n<p><b>2011\u2019de AB i\u015f piyasalar\u0131n\u0131 Bulgaristan vatanda\u015flar\u0131na a\u00e7t\u0131<\/b><\/p>\n<p>2007 y\u0131l\u0131nda AB \u00fcyesi olan Bulgaristan vatanda\u015flar\u0131 Avrupa\u2019da serbest seyahat hakk\u0131, 2011\u2019den itibaren ise AB i\u015f piyasas\u0131nda serbest \u00e7al\u0131\u015fma hakk\u0131 kazand\u0131. AB\u2019nin en yoksul \u00fcye \u00fclke olarak tan\u0131mlanan \u00fclkede, 2011\u2019den itibaren yo\u011fun bir i\u015f g\u00f6\u00e7\u00fc ya\u015fand\u0131. T\u00fcrkiye\u2019de ya\u015fam s\u00fcren Bulgaristan vatanda\u015fl\u0131\u011f\u0131na da sahip ki\u015filer ise, genelde 1989 y\u0131l\u0131ndaki b\u00fcy\u00fck g\u00f6\u00e7le giden ki\u015filerdir. Bundan \u00f6nceki y\u0131llarda aileleri T\u00fcrkiye g\u00f6\u00e7 etmi\u015f soyda\u015flar aras\u0131nda da tekrar Bulgar pasaportu alma e\u011filimi g\u00f6zleniyor.<\/p>\n<p>Bulgaristan n\u00fcfusunun art\u0131k 7 milyondan az oldu\u011fu, yurt d\u0131\u015f\u0131na giden bu 2 bu\u00e7uk milyon ki\u015finin ise, genelde \u00e7al\u0131\u015f\u0131r ve aktif ya\u015fta vatanda\u015flar oldu\u011fu a\u00e7\u0131kland\u0131.<\/p>\n<p><b>Bel\u00e7ika\u2019dan sonra en \u00e7ok Bulgar diplomat T\u00fcrkiye\u2019de<\/b><\/p>\n<p>Bakanl\u0131\u011f\u0131n verdi\u011fi bilgilere g\u00f6re, en \u00e7ok Bulgar diplomatik temsilcisi Be\u00e7ika\u2019da var- toplam 85 ki\u015fi. \u0130kinci yerde ise 53 Bulgar diplomatik temsilciyle T\u00fcrkiye geliyor. \u0130stanbul\u2019daki Bulgaristan Ba\u015fkonsoloslu\u011funda 25, Ankara\u2019daki B\u00fcy\u00fckel\u00e7ilikte- 17, Edirne\u2019deki Ba\u015fkonsoloslukta 8 ve Bursa\u2019da 3 diplomat \u00e7al\u0131\u015f\u0131yor. \u00dc\u00e7\u00fcnc\u00fc yerde ise 40 diplomatik temsilciyle ABD geliyor.<\/p><div id=\"bghab-1911930786\" class=\"bghab-icerik-icine-10-paragraf bghab-entity-placement\"><script async src=\"\/\/pagead2.googlesyndication.com\/pagead\/js\/adsbygoogle.js?client=ca-pub-6203283170189293\" crossorigin=\"anonymous\"><\/script><ins class=\"adsbygoogle\" style=\"display:block; text-align:center;\" data-ad-client=\"ca-pub-6203283170189293\" \ndata-ad-slot=\"7303146466\" \ndata-ad-layout=\"in-article\"\ndata-ad-format=\"fluid\" data-full-width-responsive=\"true\"><\/ins>\n<script> \n(adsbygoogle = window.adsbygoogle || []).push({}); \n<\/script>\n<\/div>\n<p>&nbsp;<\/p>\n<p>BNR<\/p>\n<div id=\"bghab-1095996447\" class=\"bghab-yazi-altinda bghab-entity-placement\"><div class=\"bghab-adlabel\">Reklamlar<\/div><script async src=\"https:\/\/pagead2.googlesyndication.com\/pagead\/js\/adsbygoogle.js\"><\/script>\r\n<!-- bghaber-yaz\u0131-sonu -->\r\n<ins class=\"adsbygoogle\"\r\n     style=\"display:block\"\r\n     data-ad-client=\"ca-pub-6203283170189293\"\r\n     data-ad-slot=\"4222328180\"\r\n     data-ad-format=\"auto\"\r\n     data-full-width-responsive=\"true\"><\/ins>\r\n<script>\r\n     (adsbygoogle = window.adsbygoogle || []).push({});\r\n<\/script><\/div><br style=\"clear: both; display: block; float: none;\"\/>","protected":false},"excerpt":{"rendered":"<p>Bulgaristan D\u0131\u015fi\u015fleri Bakanl\u0131\u011f\u0131 ABD\u2019de Bulgarca yay\u0131n yapan www.eurochicago.com haber sitesinden gelen soru \u00fczerine yurtd\u0131\u015f\u0131nda ya\u015fayan Bulgaristan vatanda\u015flar\u0131 hakk\u0131nda bilgi verdi. Avrupa\u2019da en \u00e7ok Bulgaristan vatanda\u015f\u0131<\/p>\n","protected":false},"author":29,"featured_media":26182,"comment_status":"closed","ping_status":"closed","sticky":false,"template":"","format":"standard","meta":{"advanced_seo_description":"","jetpack_seo_html_title":"","jetpack_seo_noindex":false,"_jetpack_memberships_contains_paid_content":false,"footnotes":""},"categories":[5],"tags":[],"class_list":["post-34115","post","type-post","status-publish","format-standard","has-post-thumbnail","hentry","category-yasam"],"jetpack_featured_media_url":"https:\/\/i0.wp.com\/www.bghaber.org\/bghaber\/wp-content\/uploads\/2018\/01\/istihdam-seferberlig.jpg?fit=750%2C420&ssl=1","jetpack_sharing_enabled":true,"jetpack_likes_enabled":true,"jetpack-related-posts":[],"jetpack_shortlink":"https:\/\/wp.me\/pc2PfJ-8Sf","_links":{"self":[{"href":"https:\/\/www.bghaber.org\/bghaber\/wp-json\/wp\/v2\/posts\/34115","targetHints":{"allow":["GET"]}}],"collection":[{"href":"https:\/\/www.bghaber.org\/bghaber\/wp-json\/wp\/v2\/posts"}],"about":[{"href":"https:\/\/www.bghaber.org\/bghaber\/wp-json\/wp\/v2\/types\/post"}],"author":[{"embeddable":true,"href":"https:\/\/www.bghaber.org\/bghaber\/wp-json\/wp\/v2\/users\/29"}],"replies":[{"embeddable":true,"href":"https:\/\/www.bghaber.org\/bghaber\/wp-json\/wp\/v2\/comments?post=34115"}],"version-history":[{"count":0,"href":"https:\/\/www.bghaber.org\/bghaber\/wp-json\/wp\/v2\/posts\/34115\/revisions"}],"wp:featuredmedia":[{"embeddable":true,"href":"https:\/\/www.bghaber.org\/bghaber\/wp-json\/wp\/v2\/media\/26182"}],"wp:attachment":[{"href":"https:\/\/www.bghaber.org\/bghaber\/wp-json\/wp\/v2\/media?parent=34115"}],"wp:term":[{"taxonomy":"category","embeddable":true,"href":"https:\/\/www.bghaber.org\/bghaber\/wp-json\/wp\/v2\/categories?post=34115"},{"taxonomy":"post_tag","embeddable":true,"href":"https:\/\/www.bghaber.org\/bghaber\/wp-json\/wp\/v2\/tags?post=34115"}],"curies":[{"name":"wp","href":"https:\/\/api.w.org\/{rel}","templated":true}]}}