{"id":34111,"date":"2019-02-06T20:00:29","date_gmt":"2019-02-06T17:00:29","guid":{"rendered":"https:\/\/www.bghaber.org\/bghaber\/?p=34111"},"modified":"2019-02-06T20:00:29","modified_gmt":"2019-02-06T17:00:29","slug":"anadil-siir-celengi","status":"publish","type":"post","link":"https:\/\/www.bghaber.org\/bghaber\/anadil-siir-celengi\/","title":{"rendered":"Anadil \u015eiir \u00c7elengi"},"content":{"rendered":"<p>Tarih: 06 02 2019<br \/>\nYazan: Sevilcan Y\u00dcCE<br \/>\nKonu<strong>:\u00a0\u00a0 Kula\u011f\u0131mdad\u0131r hala annem ninnileri.<\/strong><\/p>\n<p>E\u011fer her sabah y\u00fcreklerimiz ayn\u0131 hislerle \u00e7arparsa, anadilimiz canl\u0131d\u0131r zihnimizde. Milletimin kutsal y\u0131ld\u0131z\u0131! Parlamak i\u00e7in do\u011far ve durmadan parlar. S\u00f6ylemek i\u00e7in gelmi\u015ftir, s\u00f6yleyecektir. \u015eenlenmeye gelmi\u015ftir, \u015fenlenecektir.<\/p>\n<p>\u201c<strong>Tutuldu mu dilin<\/strong>?\u201d Y\u00fcrekten sesini i\u015fitmek gelir i\u00e7imden. G\u00fczlerin yakar g\u00f6nl\u00fcm\u00fc,\u00a0 biz yine de dilinin \u00e7\u00f6z\u00fclmesini beklerim.<\/p>\n<p>\u201c<strong>Tutuldu mu dilin \u00e7a\u011f\u0131rmaz oldun! Y\u00fcre\u011fim avunmaz oldu!<\/strong>\u201d deriz sesini ararken. Hasrettir dilin kucakla\u015fmas\u0131n\u0131 beklemek, \u00e7ocuklukta ba\u015fa gelir, \u00e7\u00f6z\u00fcl\u00fcr, gen\u00e7likte gene tutulur, sonra akar akar ve sonunda tutulan dil de\u011fil, \u00e7enedir. Hayat yoludur bu. G\u00f6nl\u00fc d\u00fcnyaya ak\u0131tan dildir. Beklenendir dil, anadili, dillerin en g\u00fczeli.<\/p>\n<p>Ard\u0131ndan \u201c<strong>S\u00f6yletme beni gelir<\/strong>!\u201d Ve ancak sevday\u0131 sakl\u0131yorsa kalpteki deniz, dile gelir ve dalga dalga vurduk\u00e7a g\u00f6n\u00fcl tellerine dilin sevgi oca\u011f\u0131 tutu\u015fur ve \u015fark\u0131lar\u0131n\u0131 anadil telleri dile gelir. Dilim ana dilimdir ve annemden, anneannemden gelir.<br \/>\nAnadil sevgisi her sabah yeniden do\u011far.<br \/>\n\u015eairlerimizi s\u00f6yletelim:<\/p><div id=\"bghab-3970240725\" class=\"bghab-icerik-icine bghab-entity-placement\"><script async src=\"\/\/pagead2.googlesyndication.com\/pagead\/js\/adsbygoogle.js?client=ca-pub-6203283170189293\" crossorigin=\"anonymous\"><\/script><ins class=\"adsbygoogle\" style=\"display:block; text-align:center;\" data-ad-client=\"ca-pub-6203283170189293\" \ndata-ad-slot=\"7303146466\" \ndata-ad-layout=\"in-article\"\ndata-ad-format=\"fluid\" data-full-width-responsive=\"true\"><\/ins>\n<script> \n(adsbygoogle = window.adsbygoogle || []).push({}); \n<\/script>\n<\/div>\n<p>&nbsp;<\/p>\n<p><strong>Rasim B\u0130LAZEO\u011eLU<br \/>\n<\/strong><strong>ANAD\u0130L\u0130M<\/strong><\/p>\n<p>Mutlulu\u011fum seninle evrende anadilim,<br \/>\nEbedi varl\u0131\u011f\u0131mla ba\u011fl\u0131y\u0131m sana anadilim,<br \/>\n\u00d6z T\u00fcrk\u00e7e konu\u015farak annem do\u011furdu beni,<br \/>\n\u00d6z mayama bal kat\u0131p, s\u00fctle yo\u011furdu beni,<br \/>\nAnadilim, t\u00fcm g\u00fczellikler gibi g\u00fczelsin,<br \/>\nAy y\u00fczl\u00fc, g\u00fczel y\u00fczl\u00fc dilber gibi g\u00fczelsin!<\/p>\n<p>O \u00f6l\u00fcmc\u00fcl y\u0131llarda kilitliydi a\u011fz\u0131m\u0131z,<br \/>\nMahpustu kitab\u0131m\u0131z, yasakt\u0131 \u00f6z yaz\u0131m\u0131z!<br \/>\nBahar\u0131m\u0131z, yaz\u0131m\u0131z, karak\u0131\u015fa d\u00f6nm\u00fc\u015ft\u00fc,<br \/>\nRuhumuzu \u0131s\u0131tan oca\u011f\u0131m\u0131z s\u00f6nm\u00fc\u015ft\u00fc.<br \/>\nDemir bilek\u00e7eleri demokrasimiz k\u0131rd\u0131,<br \/>\nBizi basan k\u00e2busu \u00fcst\u00fcm\u00fczden s\u0131y\u0131rd\u0131.<br \/>\nKula\u011f\u0131mdad\u0131r hala annemin ninnileri,<br \/>\nK\u0131zlar\u0131n s\u00f6yledi\u011fi yan\u0131k a\u015fk manileri,<br \/>\nTa ezelden okuruz \u015fark\u0131lar\u0131m\u0131z\u0131 biz,<br \/>\nT\u00fcrk\u00fclerimiz gibi ahenklidir T\u00fcrk\u00e7emiz<br \/>\nBu dilde dinlemi\u015fim ninemden masallar\u0131,<br \/>\nBu dilde y\u00fcceliyor T\u00fcrkl\u00fc\u011f\u00fcm\u00fcn vakar\u0131.<\/p>\n<p>Dilimizin s\u00fcs\u00fcd\u00fcr T\u00fcrk halk bilmeceleri,<br \/>\n\u00d6zl\u00fc atas\u00f6zleri ve \u015fen g\u00fclmeceleri,<br \/>\n\u201cHak ve \u00d6zg\u00fcrl\u00fc\u011f\u00fcm\u00fcz\u00fc\u201d kazand\u0131k ilelebet,<br \/>\nGer\u00e7ek demokrasiye minnettar\u0131z biz elbet,<br \/>\nEbedi varl\u0131\u011f\u0131m\u0131zla ba\u011fl\u0131y\u0131m sana dilim,<br \/>\nMutlulu\u011fum seninle evrende anadilim.<\/p><div id=\"bghab-329240643\" class=\"bghab-icerik-icine-10-paragraf bghab-entity-placement\"><script async src=\"\/\/pagead2.googlesyndication.com\/pagead\/js\/adsbygoogle.js?client=ca-pub-6203283170189293\" crossorigin=\"anonymous\"><\/script><ins class=\"adsbygoogle\" style=\"display:block; text-align:center;\" data-ad-client=\"ca-pub-6203283170189293\" \ndata-ad-slot=\"7303146466\" \ndata-ad-layout=\"in-article\"\ndata-ad-format=\"fluid\" data-full-width-responsive=\"true\"><\/ins>\n<script> \n(adsbygoogle = window.adsbygoogle || []).push({}); \n<\/script>\n<\/div>\n<p>&nbsp;<\/p>\n<p><strong>Zahit G\u00dcNEY<br \/>\n<\/strong><strong>T\u00dcRK\u00c7E\u2019M<br \/>\n<\/strong>Sen<\/p>\n<p>G\u00fcll\u00fck g\u00fcne\u015flik bah\u00e7elerin tam ortas\u0131nda<br \/>\nHi\u00e7 solmayan en g\u00fczel \u00e7i\u00e7ek;<br \/>\nYaprak yaprak \u00f6l\u00fcms\u00fczl\u00fc\u011f\u00fc tinimin<br \/>\n\u00d6z\u00fcm denli gizemli<\/p>\n<p>\u00d6zlem denli ger\u00e7ek;<br \/>\nKokular\u0131n en g\u00fczeli sende<br \/>\nRenklerin en g\u00fczeli sende<br \/>\nSeslerin en g\u00fczeli sende<\/p>\n<p>G\u00fcnde \u00fc\u00e7 \u00f6\u011f\u00fcn<br \/>\nBarda\u011f\u0131mda suyum<br \/>\nSoframda ekme\u011fim;<\/p><div id=\"bghab-4168100189\" class=\"bghab-icerik-icine-15-paragraf bghab-entity-placement\"><script async src=\"\/\/pagead2.googlesyndication.com\/pagead\/js\/adsbygoogle.js?client=ca-pub-6203283170189293\" crossorigin=\"anonymous\"><\/script><ins class=\"adsbygoogle\" style=\"display:block; text-align:center;\" data-ad-client=\"ca-pub-6203283170189293\" \ndata-ad-slot=\"7303146466\" \ndata-ad-layout=\"in-article\"\ndata-ad-format=\"fluid\" data-full-width-responsive=\"true\"><\/ins>\n<script> \n(adsbygoogle = window.adsbygoogle || []).push({}); \n<\/script>\n<\/div>\n<p>\u00c7a\u011flarca<br \/>\nEngin maviliklerde<br \/>\nBayram\u0131n s\u00fcz\u00fcl\u00fc\u015f\u00fc g\u00fcne\u015fe do\u011fru;<br \/>\nNe bileyim, belki de<br \/>\nAnnemin \u0131\u015f\u0131k sa\u00e7an y\u00fcz\u00fc, g\u00fcl\u00fc\u015f\u00fc<br \/>\nSaks\u0131larda \u00e7i\u00e7ek g\u00f6r\u00fcn\u00fcm\u00fcnde.<\/p>\n<p>&nbsp;<\/p>\n<p><strong>\u0130sa CEBEC\u0130<br \/>\n<\/strong><strong>D\u0130LLER \u0130\u00c7\u0130NDE B\u0130R D\u0130LBER<\/strong><\/p>\n<p>Binlerce dil duyulur \u015fu ya\u015fl\u0131 yery\u00fcz\u00fcnde<br \/>\nDiller i\u00e7inde birsin, g\u00fcrs\u00fcn, dilbersin T\u00fcrk\u00e7em<br \/>\nT\u00fcrl\u00fc t\u00fcrl\u00fc nameler gizlenir her s\u00f6z\u00fcnde<br \/>\nK\u0131vrak t\u00fcrk\u00fclerinde ya\u015far g\u00fclersin T\u00fcrk\u00e7em.<\/p>\n<p>Bazen bir da\u011f \u00e7ay\u0131n\u0131n co\u015fkun \u015f\u0131r\u0131lt\u0131s\u0131s\u0131n<br \/>\nSeslerim kula\u011f\u0131ma efsaneler f\u0131s\u0131ldar<br \/>\nBazen g\u00fcz ya\u011fmurunun sakin \u015f\u0131p\u0131rt\u0131s\u0131s\u0131n<br \/>\nSeni dinlerken kalbim k\u0131p\u0131r k\u0131p\u0131r k\u0131p\u0131rdar<\/p><div id=\"bghab-729169629\" class=\"bghab-icerik-icine-20-paragraf bghab-entity-placement\"><script async src=\"\/\/pagead2.googlesyndication.com\/pagead\/js\/adsbygoogle.js?client=ca-pub-6203283170189293\" crossorigin=\"anonymous\"><\/script><ins class=\"adsbygoogle\" style=\"display:block; text-align:center;\" data-ad-client=\"ca-pub-6203283170189293\" \ndata-ad-slot=\"7303146466\" \ndata-ad-layout=\"in-article\"\ndata-ad-format=\"fluid\" data-full-width-responsive=\"true\"><\/ins>\n<script> \n(adsbygoogle = window.adsbygoogle || []).push({}); \n<\/script>\n<\/div>\n<p>\u00c7ocukluk yavuklumsun, ilk g\u00f6z a\u011f\u0131r\u0131ms\u0131n benim<br \/>\nSevdirdi seni bana ninnileri annemin<br \/>\nSeninle s\u00f6yle\u015firim, seninle \u015fendir evim<br \/>\nT\u00fcrk\u00e7em, sen sevimli bir bireyisin hanemin<\/p>\n<p>Seni k\u00fc\u00e7\u00fcmseyenler olmu\u015f t\u00fcrl\u00fc bi\u00e7imde<br \/>\nYabanc\u0131 hayranlar\u0131 hor g\u00f6rm\u00fc\u015f s\u00f6zlerini<br \/>\nYine de g\u00fcrlemi\u015fsin Avrasya\u2019n\u0131n i\u00e7inde.<br \/>\nSayende T\u00fcrk boylar\u0131 korumu\u015f \u00f6zlerini.<\/p>\n<p>Karamano\u011flu Mehmet Bey ve Atat\u00fcrk\u00fcm\u00fcz.<br \/>\nSeni \u00f6ven, koruyan ve y\u00fckselten erlerdi<br \/>\nOnlars\u0131z ya\u015famazd\u0131 ne \u015fark\u0131 ne t\u00fcrk\u00fcm\u00fcz<br \/>\nOnlar seni kendilerinden \u00e7ok severlerdi<\/p>\n<p>Annemin has ninnilerinde buldum hep seni<br \/>\nYunus\u2019un Karacao\u011flan\u2019\u0131n dizelerinden i\u00e7tim<br \/>\nOzanlar\u0131n s\u00f6zleri b\u00fcy\u00fcledi hep beni<br \/>\nHalk\u0131m\u0131z\u0131n t\u00fcrk\u00fcleri ile kendimden ge\u00e7tim.<\/p>\n<p>Sen geli\u015fmeye devam et d\u00fcnya durduk\u00e7a<br \/>\nBeyinleri ayd\u0131nlar benim e\u015fsiz dilberim<br \/>\nSevip \u00f6\u011frenece\u011fim seni kalbim vurduk\u00e7a<br \/>\nSana diller i\u00e7inde kutlu bir yer dilerim.<\/p><div id=\"bghab-1826629541\" class=\"bghab-icerik-icine-25-paragraf bghab-entity-placement\"><script async src=\"\/\/pagead2.googlesyndication.com\/pagead\/js\/adsbygoogle.js?client=ca-pub-6203283170189293\" crossorigin=\"anonymous\"><\/script><ins class=\"adsbygoogle\" style=\"display:block; text-align:center;\" data-ad-client=\"ca-pub-6203283170189293\" \ndata-ad-slot=\"7303146466\" \ndata-ad-layout=\"in-article\"\ndata-ad-format=\"fluid\" data-full-width-responsive=\"true\"><\/ins>\n<script> \n(adsbygoogle = window.adsbygoogle || []).push({}); \n<\/script>\n<\/div>\n<p>&nbsp;<\/p>\n<p><strong>Hasan \u00dcZEY\u0130R<\/strong> \u2013 <strong>Kladenets, \u015eumen<br \/>\n<\/strong><strong>ANAD\u0130L\u0130M T\u00dcRK\u00c7EM<\/strong><\/p>\n<p>Sensin d\u00fcnyama mutluluklar veren,<br \/>\nBeynime, damar\u0131ma, kalbime giren<br \/>\nSevincimden co\u015fturan hem de g\u00fcld\u00fcren,<br \/>\nSensin, anadilim benim, T\u00fcrk\u00e7em.<\/p>\n<p>Senin varl\u0131\u011f\u0131nla \u00f6zg\u00fcr ya\u015far\u0131m,<br \/>\nHer t\u00fcrl\u00fc g\u00fc\u00e7l\u00fckleri engelsiz a\u015far\u0131m.<br \/>\nSana azap g\u00f6sterene \u015fa\u015far\u0131m,<br \/>\nKan\u0131mdas\u0131n benim anadilim T\u00fcrk\u00e7em.<\/p>\n<p>\u00c7ocuklar\u0131m\u0131za bilgi kayna\u011f\u0131s\u0131n,<br \/>\nGelen nesiller seni b\u00f6yle tan\u0131s\u0131n<br \/>\nT\u00fcrk kan\u0131 ta\u015f\u0131yan seni i\u00e7ten korusun<br \/>\n\u00d6mr\u00fcn uzun olsun anadilim T\u00fcrk\u00e7em.<\/p><div id=\"bghab-2429433572\" class=\"bghab-icerik-icine-30-paragraf bghab-entity-placement\"><script async src=\"\/\/pagead2.googlesyndication.com\/pagead\/js\/adsbygoogle.js?client=ca-pub-6203283170189293\" crossorigin=\"anonymous\"><\/script><ins class=\"adsbygoogle\" style=\"display:block; text-align:center;\" data-ad-client=\"ca-pub-6203283170189293\" \ndata-ad-slot=\"7303146466\" \ndata-ad-layout=\"in-article\"\ndata-ad-format=\"fluid\" data-full-width-responsive=\"true\"><\/ins>\n<script> \n(adsbygoogle = window.adsbygoogle || []).push({}); \n<\/script>\n<\/div>\n<p>Sen atalar\u0131m\u0131zdan mirass\u0131n bize,<br \/>\nSensiz giri\u015femeyiz hi\u00e7bir s\u00f6ze.<br \/>\nSayg\u0131 g\u00f6sterelim anadilimize<br \/>\nYol g\u00f6stersin bize, ayd\u0131n g\u00fcnlerimize.<\/p>\n<p>&nbsp;<\/p>\n<p>&nbsp;<\/p>\n<div id=\"bghab-1770650777\" class=\"bghab-yazi-altinda bghab-entity-placement\"><div class=\"bghab-adlabel\">Reklamlar<\/div><script async src=\"https:\/\/pagead2.googlesyndication.com\/pagead\/js\/adsbygoogle.js\"><\/script>\r\n<!-- bghaber-yaz\u0131-sonu -->\r\n<ins class=\"adsbygoogle\"\r\n     style=\"display:block\"\r\n     data-ad-client=\"ca-pub-6203283170189293\"\r\n     data-ad-slot=\"4222328180\"\r\n     data-ad-format=\"auto\"\r\n     data-full-width-responsive=\"true\"><\/ins>\r\n<script>\r\n     (adsbygoogle = window.adsbygoogle || []).push({});\r\n<\/script><\/div><br style=\"clear: both; display: block; float: none;\"\/>","protected":false},"excerpt":{"rendered":"<p>Tarih: 06 02 2019 Yazan: Sevilcan Y\u00dcCE Konu:\u00a0\u00a0 Kula\u011f\u0131mdad\u0131r hala annem ninnileri. E\u011fer her sabah y\u00fcreklerimiz ayn\u0131 hislerle \u00e7arparsa, anadilimiz canl\u0131d\u0131r zihnimizde. Milletimin kutsal y\u0131ld\u0131z\u0131!<\/p>\n","protected":false},"author":13,"featured_media":10086,"comment_status":"closed","ping_status":"closed","sticky":false,"template":"","format":"standard","meta":{"advanced_seo_description":"","jetpack_seo_html_title":"","jetpack_seo_noindex":false,"_jetpack_memberships_contains_paid_content":false,"footnotes":""},"categories":[6],"tags":[],"class_list":["post-34111","post","type-post","status-publish","format-standard","has-post-thumbnail","hentry","category-yorum"],"jetpack_featured_media_url":"https:\/\/i0.wp.com\/www.bghaber.org\/bghaber\/wp-content\/uploads\/2014\/05\/sevilcan-yuce.jpg?fit=210%2C242&ssl=1","jetpack_sharing_enabled":true,"jetpack_likes_enabled":true,"jetpack-related-posts":[],"jetpack_shortlink":"https:\/\/wp.me\/pc2PfJ-8Sb","_links":{"self":[{"href":"https:\/\/www.bghaber.org\/bghaber\/wp-json\/wp\/v2\/posts\/34111","targetHints":{"allow":["GET"]}}],"collection":[{"href":"https:\/\/www.bghaber.org\/bghaber\/wp-json\/wp\/v2\/posts"}],"about":[{"href":"https:\/\/www.bghaber.org\/bghaber\/wp-json\/wp\/v2\/types\/post"}],"author":[{"embeddable":true,"href":"https:\/\/www.bghaber.org\/bghaber\/wp-json\/wp\/v2\/users\/13"}],"replies":[{"embeddable":true,"href":"https:\/\/www.bghaber.org\/bghaber\/wp-json\/wp\/v2\/comments?post=34111"}],"version-history":[{"count":0,"href":"https:\/\/www.bghaber.org\/bghaber\/wp-json\/wp\/v2\/posts\/34111\/revisions"}],"wp:featuredmedia":[{"embeddable":true,"href":"https:\/\/www.bghaber.org\/bghaber\/wp-json\/wp\/v2\/media\/10086"}],"wp:attachment":[{"href":"https:\/\/www.bghaber.org\/bghaber\/wp-json\/wp\/v2\/media?parent=34111"}],"wp:term":[{"taxonomy":"category","embeddable":true,"href":"https:\/\/www.bghaber.org\/bghaber\/wp-json\/wp\/v2\/categories?post=34111"},{"taxonomy":"post_tag","embeddable":true,"href":"https:\/\/www.bghaber.org\/bghaber\/wp-json\/wp\/v2\/tags?post=34111"}],"curies":[{"name":"wp","href":"https:\/\/api.w.org\/{rel}","templated":true}]}}