{"id":34104,"date":"2019-02-05T10:49:05","date_gmt":"2019-02-05T07:49:05","guid":{"rendered":"https:\/\/www.bghaber.org\/bghaber\/?p=34104"},"modified":"2019-02-05T23:54:07","modified_gmt":"2019-02-05T20:54:07","slug":"makedonyada-isim-degisikligi-ve-ab","status":"publish","type":"post","link":"https:\/\/www.bghaber.org\/bghaber\/makedonyada-isim-degisikligi-ve-ab\/","title":{"rendered":"Makedonya\u2019da \u0130sim De\u011fi\u015fikli\u011fi Ve AB"},"content":{"rendered":"<p class=\"yiv5158072320ydp5b02f89fyiv5006079828ydp89b64578MsoNormal\">Alptekin CEVHERL\u0130<\/p>\n<p class=\"yiv5158072320ydp5b02f89fyiv5006079828ydp89b64578MsoNormal\">Kom\u00fcnist blo\u011fun \u00e7\u00f6kmesi ve Sovyetler Birli\u011fi\u2019nin 1990\u2019lar\u0131n ba\u015f\u0131nda da\u011f\u0131lmas\u0131yla birlikte d\u00fcnya iki kutuplu \u201cSo\u011fuk Sava\u015f\u201d ekseninden \u00e7\u0131karak \u00f6nce tek kutuplu ard\u0131ndan da \u00e7ok kutuplu bir \u015fekle d\u00f6n\u00fc\u015ft\u00fc. Bu arada SSCB ve Yugoslavya\u2019n\u0131n i\u00e7inde o d\u00f6neme kadar bask\u0131 alt\u0131nda tutulan pek \u00e7ok devlet ba\u011f\u0131ms\u0131zl\u0131\u011f\u0131n\u0131 ilan ederek, d\u00fcnyam\u0131zdaki devlet say\u0131s\u0131n\u0131 bir anda 200\u2019\u00fcn \u00fczerine \u00e7\u0131kard\u0131lar\u2026<\/p>\n<p class=\"yiv5158072320ydp5b02f89fyiv5006079828ydp89b64578MsoNormal\">Ancak bir k\u0131sm\u0131n\u0131z\u0131n hat\u0131rlayaca\u011f\u0131 gibi baz\u0131 \u00fclkeler bunu kans\u0131z ve sanc\u0131s\u0131z \u015fekilde atlat\u0131rken baz\u0131lar\u0131 ise yeni k\u00fcresel g\u00fc\u00e7lerin kesi\u015fme noktalar\u0131nda olduklar\u0131 i\u00e7in olduk\u00e7a kanl\u0131 ve ac\u0131l\u0131 bir \u015fekilde bu s\u00fcreci atlatt\u0131lar veya h\u00e2l\u00e2 atlatmaya \u00e7al\u0131\u015f\u0131yorlar\u2026<\/p>\n<p class=\"yiv5158072320ydp5b02f89fyiv5006079828ydp89b64578MsoNormal\">Bu bak\u0131mdan Kazakistan, Ukrayna, Ermenistan ve Makedonya gibi \u00fclkeler ba\u011f\u0131ms\u0131zl\u0131klar\u0131n\u0131 rahat bir \u015fekilde kazan\u0131rken; Azerbaycan, Bosna-Hersek, Kosova veya H\u0131rvatistan gibi \u00fclkeler ciddi bedeller \u00f6demek zorunda kald\u0131lar. Ge\u00e7en zamandan bug\u00fcne bakt\u0131\u011f\u0131m\u0131zda ise baz\u0131 hesaplar\u0131n h\u00e2l\u00e2 kapanmad\u0131\u011f\u0131n\u0131 ise deh\u015fet i\u00e7inde g\u00f6r\u00fcyor ve endi\u015feleniyoruz\u2026<\/p>\n<p class=\"yiv5158072320ydp5b02f89fyiv5006079828ydp89b64578MsoNormal\">Azerbaycan\u2019da Ermeni i\u015fgali nedeniyle 2 milyondan fazla ki\u015fi h\u00e2l\u00e2 yurtlar\u0131ndan uzakta, ka\u00e7k\u0131n olarak ya\u015f\u0131yor. Bosna-Hersek zorlama bir federasyon ile ayakta tutulmaya \u00e7al\u0131\u015f\u0131l\u0131yor. H\u0131rvatlar ise s\u0131rtlar\u0131n\u0131 \u2018Day\u0131lar\u0131na\u2019 dayad\u0131klar\u0131 i\u00e7in; AB\u2019ye de \u00fcye olup belki de en h\u0131zl\u0131 refaha kavu\u015fan topluluk oldular.<\/p><div id=\"bghab-958040449\" class=\"bghab-icerik-icine bghab-entity-placement\"><script async src=\"\/\/pagead2.googlesyndication.com\/pagead\/js\/adsbygoogle.js?client=ca-pub-6203283170189293\" crossorigin=\"anonymous\"><\/script><ins class=\"adsbygoogle\" style=\"display:block; text-align:center;\" data-ad-client=\"ca-pub-6203283170189293\" \ndata-ad-slot=\"7303146466\" \ndata-ad-layout=\"in-article\"\ndata-ad-format=\"fluid\" data-full-width-responsive=\"true\"><\/ins>\n<script> \n(adsbygoogle = window.adsbygoogle || []).push({}); \n<\/script>\n<\/div>\n<p class=\"yiv5158072320ydp5b02f89fyiv5006079828ydp89b64578MsoNormal\">Rusya ise Burak Obama y\u00f6netimindeki ABD\u2019nin olu\u015fturdu\u011fu dirayetsizli\u011fi \u00e7ok iyi de\u011ferlendirerek Ukrayna\u2019ya ba\u011fl\u0131 bir T\u00fcrk yurdu olan K\u0131r\u0131m\u2019\u0131, oldubittiye getirerek i\u015fgal ediverdi. Ayn\u0131 dirayetsizli\u011fin neticesi olarak Suriye, T\u00fcrkiye\u2019nin neredeyse hinterland\u0131na girmi\u015fken alenen Rusya\u2019ya kapt\u0131r\u0131ld\u0131.<\/p>\n<p class=\"yiv5158072320ydp5b02f89fyiv5006079828ydp89b64578MsoNormal\">Bu durumda Balkanlar\u2019da yeni kurulan Moldova, Kosova, S\u0131rbistan, Karada\u011f, Bosna-Hersek, Slovenya, H\u0131rvatistan ve Makedonya ise kendilerine yeni dostlar ve m\u00fcttefikler aramaya ba\u015flad\u0131lar.<\/p>\n<p class=\"yiv5158072320ydp5b02f89fyiv5006079828ydp89b64578MsoNormal\">O d\u00f6nemki \u00e7ok kutuplu d\u00fcnyan\u0131n do\u011fal liderleri olan ABD, T\u00fcrkiye, Almanya ve Rusya aras\u0131nda gidip gelen bu d\u00fcello; Bulgaristan ve Romanya\u2019n\u0131n ba\u015fta olmak \u00fczere H\u0131rvatistan ve Slovenya\u2019n\u0131n da Avrupa Birli\u011fi (AB) \u00fcyesi olarak Almanya\u2019n\u0131n kanatlar\u0131 alt\u0131na girmesi neticesi \u015fekillendi&#8230; S\u0131rbistan soyda\u015f\u0131 Rusya\u2019ya yana\u015ft\u0131. Makedonya, Kosova, Bosna-Hersek \u00fclkelerindeki M\u00fcsl\u00fcman ve T\u00fcrk n\u00fcfus nedeniyle T\u00fcrkiye ve ABD\u2019ye ve de elbette NATO m\u00fcttefiki Almanya\u2019ya yana\u015f\u0131rken Moldova da soyda\u015f\u0131 Romanya ile birlikte hareket etti. Ancak bir sorun vard\u0131\u2026<\/p>\n<p class=\"yiv5158072320ydp5b02f89fyiv5006079828ydp89b64578MsoNormal\">AB ve T\u00fcrkiye sayesinde de NATO \u00fcyesi olan Yunanistan, Makedonya\u2019n\u0131n AB \u00fcyeli\u011fini bloke ediyordu. Sebep Makedonya\u2019n\u0131n tarihte B\u00fcy\u00fck \u0130skender devrinde en g\u00fc\u00e7l\u00fc d\u00f6nemini ya\u015fam\u0131\u015f olan Makedonya Krall\u0131\u011f\u0131 ile birebir ismi alarak ayn\u0131 zamanda bug\u00fcnk\u00fc Makedonya Devleti\u2019nin s\u0131n\u0131rlar\u0131ndan \u00f6tede Yunanistan kontrol\u00fcndeki Selanik\u2019i de kapsayacak \u015fekilde bir co\u011frafi b\u00f6lgenin de ad\u0131na sahip \u00e7\u0131kmas\u0131yd\u0131\u2026<\/p>\n<p class=\"yiv5158072320ydp5b02f89fyiv5006079828ydp89b64578MsoNormal\">Yunanistan bir yanda Ege Denizi\u2019nde T\u00fcrkiye\u2019yi taciz edip, bir \u015feyler t\u0131rt\u0131klamaya \u00e7al\u0131\u015f\u0131rken, K\u0131br\u0131s\u2019\u0131n kuzeyine y\u00f6nelik i\u015fgal h\u00fclyalar\u0131 ya\u015farken bir anda kuzeyinde kendi yery\u00fcz\u00fc \u015fekillerinin bir k\u0131sm\u0131n\u0131 da i\u00e7ine alan bir isimle yeni bir devlet kuruluyordu. \u00dcstelik hat\u0131r\u0131 say\u0131l\u0131r bir T\u00fcrk ve M\u00fcsl\u00fcman n\u00fcfusa sahip oldu\u011fu i\u00e7in T\u00fcrkiye ile de do\u011fal dost olan bir \u00fclke idi bu.<\/p><div id=\"bghab-189942776\" class=\"bghab-icerik-icine-10-paragraf bghab-entity-placement\"><script async src=\"\/\/pagead2.googlesyndication.com\/pagead\/js\/adsbygoogle.js?client=ca-pub-6203283170189293\" crossorigin=\"anonymous\"><\/script><ins class=\"adsbygoogle\" style=\"display:block; text-align:center;\" data-ad-client=\"ca-pub-6203283170189293\" \ndata-ad-slot=\"7303146466\" \ndata-ad-layout=\"in-article\"\ndata-ad-format=\"fluid\" data-full-width-responsive=\"true\"><\/ins>\n<script> \n(adsbygoogle = window.adsbygoogle || []).push({}); \n<\/script>\n<\/div>\n<p class=\"yiv5158072320ydp5b02f89fyiv5006079828ydp89b64578MsoNormal\">Yunanistan pe\u015f pe\u015fe vetolarla bu \u00fclkenin ger\u00e7ek ad\u0131 olan \u201cMakedonya Cumhuriyeti\u201d olarak tan\u0131nmas\u0131n\u0131 engelledi. T\u00fcrkiye ve ABD\u2019nin gayretleriyle \u2018ancak\u2019 sa\u00e7ma sapan bir \u015fekilde \u201cEski Yugoslavya\u2019dan Ayr\u0131lan Makedonya Cumhuriyeti\u201d gibi terc\u00fcme edebilece\u011fimiz bir isimle Birle\u015fmi\u015f Milletler\u2019e (BM) kabul edildi. Ancak bu isim sa\u00e7mal\u0131\u011f\u0131 ve elbette Yunanistan\u2019\u0131n ve ard\u0131ndan AB\u2019nin \u00e7i\u00e7e\u011fi burnunda \u00fcyesi K\u0131br\u0131s Rum kesimi vetolar\u0131yla Makedonya, AB kap\u0131s\u0131nda bizimle birlikte beklemeye ba\u015flad\u0131\u2026<\/p>\n<p class=\"yiv5158072320ydp5b02f89fyiv5006079828ydp89b64578MsoNormal\">O d\u00f6nem ABD ve T\u00fcrkiye korumas\u0131nda olan Makedonya, ekonomik olarak yava\u015f yava\u015f Almanya etki alan\u0131na girerken, \u00fclke i\u00e7inde ya\u015fayan ve n\u00fcfusun % 45\u2019ten fazlas\u0131n\u0131 olu\u015fturan M\u00fcsl\u00fcman n\u00fcfus ile % 50 civar\u0131ndaki H\u0131ristiyan n\u00fcfus dengesi ve Arnavut \u2013 Makedon \u00e7eki\u015fmesi Makedonya i\u00e7in yak\u0131n ve orta vadeli tehdit olu\u015fturuyordu. Son d\u00f6nemde Makedonlara peynir ekmek gibi Bulgaristan pasaportu da\u011f\u0131t\u0131lmas\u0131 ise Bulgar devleti \u00fczerinde yer yer etkili olan Rusya\u2019n\u0131n m\u0131, yoksa Almanya\u2019n\u0131n m\u0131 projesi diye incelenmesi gereken ba\u015fka bir sorun daha ortaya \u00e7\u0131karm\u0131\u015ft\u0131\u2026<\/p>\n<p class=\"yiv5158072320ydp5b02f89fyiv5006079828ydp89b64578MsoNormal\">\u00c7\u00fcnk\u00fc Rusya S\u0131rbistan \u00fczerinden her an tekrar b\u00f6lgeye girmeye c\u00fcret edebilirdi. Ve bunun ipu\u00e7lar\u0131n\u0131 Kosova\u2019da s\u0131k s\u0131k ya\u015fanan S\u0131rp s\u0131n\u0131r ihlalleri g\u00f6steriyordu\u2026<\/p>\n<p class=\"yiv5158072320ydp5b02f89fyiv5006079828ydp89b64578MsoNormal\">NATO ve AB korumas\u0131ndan yoksun, kendi kabu\u011funa \u00e7ekilmekte olan ABD\u2019nin deste\u011fini her an kaybedebilecek olan Makedonya, T\u00fcrkiye\u2019nin de yine ter\u00f6r ve ard\u0131ndan Suriye konusuna enerjisini harcar duruma gelmesiyle hepten bir ba\u015f\u0131na kalm\u0131\u015fken; Makedonya\u2019da, dipten yeniden bir yap\u0131lanma dalgas\u0131 geliyordu\u2026<\/p>\n<p class=\"yiv5158072320ydp5b02f89fyiv5006079828ydp89b64578MsoNormal\">Ancak bu Yunanistan ve K\u0131br\u0131s Rum Kesimi vetolar\u0131na kar\u015f\u0131 ne kadar etkili olabilirdi?<\/p><div id=\"bghab-3794039790\" class=\"bghab-icerik-icine-15-paragraf bghab-entity-placement\"><script async src=\"\/\/pagead2.googlesyndication.com\/pagead\/js\/adsbygoogle.js?client=ca-pub-6203283170189293\" crossorigin=\"anonymous\"><\/script><ins class=\"adsbygoogle\" style=\"display:block; text-align:center;\" data-ad-client=\"ca-pub-6203283170189293\" \ndata-ad-slot=\"7303146466\" \ndata-ad-layout=\"in-article\"\ndata-ad-format=\"fluid\" data-full-width-responsive=\"true\"><\/ins>\n<script> \n(adsbygoogle = window.adsbygoogle || []).push({}); \n<\/script>\n<\/div>\n<p class=\"yiv5158072320ydp5b02f89fyiv5006079828ydp89b64578MsoNormal\">Bu s\u00fcre\u00e7, ta ki Yunanistan iflas edip, Almanya ile pazarl\u0131\u011fa oturana kadar s\u00fcrd\u00fc. Yunan Ba\u015fbakan\u0131 \u00c7ipras, Almanya ba\u015fta olmak \u00fczere Bat\u0131\u2019n\u0131n bask\u0131lar\u0131na daha fazla dayanamazd\u0131, zaten \u00f6yle de oldu\u2026<\/p>\n<p class=\"yiv5158072320ydp5b02f89fyiv5006079828ydp89b64578MsoNormal\">Bu arada Makedonya\u2019da da halk kazanm\u0131\u015f ve T\u00fcrklerin g\u00fc\u00e7l\u00fc sesi olan T\u00fcrk Hareket Partisi\u2019nin de orta\u011f\u0131 oldu\u011fu Koalisyon H\u00fck\u00fcmeti, b\u00fct\u00fcn engelleri a\u015farak iktidar olmu\u015ftu.<\/p>\n<p class=\"yiv5158072320ydp5b02f89fyiv5006079828ydp89b64578MsoNormal\">\u015eimdi s\u0131ra Makedonya\u2019n\u0131n AB ve NATO \u015femsiyesine al\u0131narak g\u00fcvenli bir b\u00f6lge haline getirilmesindeydi\u2026 (Elbette bunun bedelinin Alman ekonomisine hammadde ve pazar sa\u011flamak gibi bedelleri olaca\u011f\u0131n\u0131 s\u00f6ylemeye gerek yoktur san\u0131r\u0131m.)<\/p>\n<p class=\"yiv5158072320ydp5b02f89fyiv5006079828ydp89b64578MsoNormal\">NATO, Ukrayna konusunda elini yava\u015f tuttu\u011fu i\u00e7in K\u0131r\u0131m\u2019\u0131 kaybetmi\u015f ve Rusya\u2019n\u0131n yeniden Karadeniz\u2019de \u00fcs kurmas\u0131na f\u0131rsat vermi\u015fti. Ayn\u0131 durum Makedonya\u2019da ya\u015fan\u0131rsa Rusya\u2019n\u0131n as\u0131rlard\u0131r ancak r\u00fcyas\u0131n\u0131 g\u00f6rd\u00fc\u011f\u00fc s\u0131cak denizlere inme projesinin \u00f6n\u00fcnde tek engel Yunan kontrol\u00fcndeki G\u00fcney Makedonya, yani Sel\u00e2nik ve havzas\u0131 kal\u0131yordu\u2026<\/p>\n<p class=\"yiv5158072320ydp5b02f89fyiv5006079828ydp89b64578MsoNormal\">Makedon ve Yunan h\u00fck\u00fcmetlerinin vard\u0131\u011f\u0131 ve Prespa G\u00f6l\u00fc\u2019ne nispet olarak bu g\u00f6l\u00fcn ad\u0131n\u0131n verildi\u011fi antla\u015fma ile \u201cEski Yugoslavya\u2019dan Ayr\u0131lan Makedonya Cumhuriyeti\u201d, \u2018Kuzey Makedonya Devleti\u2019 ad\u0131n\u0131 al\u0131rken ayn\u0131 zamanda AB ve NATO \u00fcyeliklerinin de \u00f6n\u00fc a\u00e7\u0131lm\u0131\u015f oluyordu\u2026<\/p><div id=\"bghab-3483979263\" class=\"bghab-icerik-icine-20-paragraf bghab-entity-placement\"><script async src=\"\/\/pagead2.googlesyndication.com\/pagead\/js\/adsbygoogle.js?client=ca-pub-6203283170189293\" crossorigin=\"anonymous\"><\/script><ins class=\"adsbygoogle\" style=\"display:block; text-align:center;\" data-ad-client=\"ca-pub-6203283170189293\" \ndata-ad-slot=\"7303146466\" \ndata-ad-layout=\"in-article\"\ndata-ad-format=\"fluid\" data-full-width-responsive=\"true\"><\/ins>\n<script> \n(adsbygoogle = window.adsbygoogle || []).push({}); \n<\/script>\n<\/div>\n<p class=\"yiv5158072320ydp5b02f89fyiv5006079828ydp89b64578MsoNormal\">Elbette Yunan fa\u015fistlerin buna tepkisi olmu\u015f ve olacakt\u0131r\u2026 Ancak, S\u0131rbistan dolay\u0131s\u0131yla Rusya ile kom\u015fu olmaktan ise kuzeyde T\u00fcrklerin de y\u00f6netiminde oldu\u011fu NATO \u00fcyesi bir kom\u015fu, her zaman daha g\u00fcvenlidir\u2026<\/p>\n<div id=\"bghab-3141810355\" class=\"bghab-yazi-altinda bghab-entity-placement\"><div class=\"bghab-adlabel\">Reklamlar<\/div><script async src=\"https:\/\/pagead2.googlesyndication.com\/pagead\/js\/adsbygoogle.js\"><\/script>\r\n<!-- bghaber-yaz\u0131-sonu -->\r\n<ins class=\"adsbygoogle\"\r\n     style=\"display:block\"\r\n     data-ad-client=\"ca-pub-6203283170189293\"\r\n     data-ad-slot=\"4222328180\"\r\n     data-ad-format=\"auto\"\r\n     data-full-width-responsive=\"true\"><\/ins>\r\n<script>\r\n     (adsbygoogle = window.adsbygoogle || []).push({});\r\n<\/script><\/div><br style=\"clear: both; display: block; float: none;\"\/>","protected":false},"excerpt":{"rendered":"<p>Alptekin CEVHERL\u0130 Kom\u00fcnist blo\u011fun \u00e7\u00f6kmesi ve Sovyetler Birli\u011fi\u2019nin 1990\u2019lar\u0131n ba\u015f\u0131nda da\u011f\u0131lmas\u0131yla birlikte d\u00fcnya iki kutuplu \u201cSo\u011fuk Sava\u015f\u201d ekseninden \u00e7\u0131karak \u00f6nce tek kutuplu ard\u0131ndan da \u00e7ok<\/p>\n","protected":false},"author":13,"featured_media":17095,"comment_status":"closed","ping_status":"closed","sticky":false,"template":"","format":"standard","meta":{"advanced_seo_description":"","jetpack_seo_html_title":"","jetpack_seo_noindex":false,"_jetpack_memberships_contains_paid_content":false,"footnotes":""},"categories":[6],"tags":[],"class_list":["post-34104","post","type-post","status-publish","format-standard","has-post-thumbnail","hentry","category-yorum"],"jetpack_featured_media_url":"https:\/\/i0.wp.com\/www.bghaber.org\/bghaber\/wp-content\/uploads\/2015\/11\/Alptekin11.jpg?fit=298%2C401&ssl=1","jetpack_sharing_enabled":true,"jetpack_likes_enabled":true,"jetpack-related-posts":[],"jetpack_shortlink":"https:\/\/wp.me\/pc2PfJ-8S4","_links":{"self":[{"href":"https:\/\/www.bghaber.org\/bghaber\/wp-json\/wp\/v2\/posts\/34104","targetHints":{"allow":["GET"]}}],"collection":[{"href":"https:\/\/www.bghaber.org\/bghaber\/wp-json\/wp\/v2\/posts"}],"about":[{"href":"https:\/\/www.bghaber.org\/bghaber\/wp-json\/wp\/v2\/types\/post"}],"author":[{"embeddable":true,"href":"https:\/\/www.bghaber.org\/bghaber\/wp-json\/wp\/v2\/users\/13"}],"replies":[{"embeddable":true,"href":"https:\/\/www.bghaber.org\/bghaber\/wp-json\/wp\/v2\/comments?post=34104"}],"version-history":[{"count":0,"href":"https:\/\/www.bghaber.org\/bghaber\/wp-json\/wp\/v2\/posts\/34104\/revisions"}],"wp:featuredmedia":[{"embeddable":true,"href":"https:\/\/www.bghaber.org\/bghaber\/wp-json\/wp\/v2\/media\/17095"}],"wp:attachment":[{"href":"https:\/\/www.bghaber.org\/bghaber\/wp-json\/wp\/v2\/media?parent=34104"}],"wp:term":[{"taxonomy":"category","embeddable":true,"href":"https:\/\/www.bghaber.org\/bghaber\/wp-json\/wp\/v2\/categories?post=34104"},{"taxonomy":"post_tag","embeddable":true,"href":"https:\/\/www.bghaber.org\/bghaber\/wp-json\/wp\/v2\/tags?post=34104"}],"curies":[{"name":"wp","href":"https:\/\/api.w.org\/{rel}","templated":true}]}}