{"id":34100,"date":"2019-02-05T14:21:43","date_gmt":"2019-02-05T11:21:43","guid":{"rendered":"https:\/\/www.bghaber.org\/bghaber\/?p=34100"},"modified":"2019-06-25T23:25:10","modified_gmt":"2019-06-25T20:25:10","slug":"bulgaristanda-turk-genc-guresci-ayca-halibryam-altin-madalya-kazandi","status":"publish","type":"post","link":"https:\/\/www.bghaber.org\/bghaber\/bulgaristanda-turk-genc-guresci-ayca-halibryam-altin-madalya-kazandi\/","title":{"rendered":"Bulgaristan&#8217;da T\u00fcrk gen\u00e7 g\u00fcre\u015f\u00e7i Ay\u00e7a Halibryam alt\u0131n madalya kazand\u0131"},"content":{"rendered":"<p>Bulgaristan&#8217;da T\u00fcrk gen\u00e7 g\u00fcre\u015f\u00e7i Ay\u00e7a Halibryam, 178 k\u0131z\u0131n kat\u0131ld\u0131\u011f\u0131 serbest stil yar\u0131\u015fmas\u0131nda alt\u0131n madalya kazand\u0131. Op\u0131l\u00e7ensko (Hac\u0131 Mehmetler) k\u00f6y\u00fcnde bulunan K\u0131rcaali G\u00fcre\u015f Spor Kul\u00fcb\u00fc\u2019n\u00fcn yar\u0131\u015fmac\u0131s\u0131 Ay\u00e7a Halibryam, Gorna Oryahovitsa \u015fehrinde d\u00fczenlenen Gen\u00e7 K\u0131zlar Bulgaristan Ferdi G\u00fcre\u015f \u015eampiyonas\u0131\u2019nda 70 kg alt\u0131 kategorisinde birincili\u011fi elde ederek alt\u0131n madalya kazand\u0131. \u0130lgin\u00e7 olan\u0131 \u015fu ki Ay\u00e7a, hen\u00fcz iki aydan beri g\u00fcre\u015f antrenman\u0131 yap\u0131yor, fakat ilk defa bir ulusal \u015fampiyonaya kat\u0131ld\u0131\u011f\u0131nda \u015fampiyonan\u0131n en teknik g\u00fcre\u015f\u00e7isi ilan edildi. Fakat hakemler Ay\u00e7a\u2019y\u0131 \u015fampiyonan\u0131n en iyi g\u00fcre\u015f\u00e7i unvan\u0131ndan mahrum b\u0131rakt\u0131lar. \u015eimdiye kadar futbol antrenmanlar\u0131na kat\u0131lan Ay\u00e7a, m\u00fccadele ruhuna sahiptir. Bu y\u00fczden K\u0131rcaali G\u00fcre\u015f Spor Kul\u00fcb\u00fc\u2019n\u00fcn antren\u00f6r\u00fc S\u00fcleyman Atalay, Ay\u00e7a\u2019y\u0131 Gen\u00e7 K\u0131zlar Bulgaristan Ferdi G\u00fcre\u015f \u015eampiyonas\u0131\u2019na kat\u0131lan gruba dahil etti.<\/p>\n<p>S\u00fcleyman Atalay, \u201dAy\u00e7a, gen\u00e7 k\u0131zlarda alt\u0131n madalya kazanan ilk K\u0131rcaalili k\u0131z\u0131m\u0131z. Ge\u00e7en y\u0131l y\u0131ld\u0131z k\u0131zlarda \u015fampiyonumuz oldu\u201d diye belirtti. Antren\u00f6r\u00fc Ay\u00e7a\u2019n\u0131n sebatkar ve \u00e7al\u0131\u015fkan olmas\u0131ndan dolay\u0131 gelece\u011finin parlak oldu\u011funu d\u00fc\u015f\u00fcn\u00fcyor.<\/p>\n<p>Dereceye girenlerin \u00f6d\u00fcl t\u00f6reninde Ay\u00e7a\u2019n\u0131n babas\u0131n\u0131n da haz\u0131r bulundu\u011funu kaydeden antren\u00f6r, kendisinin ayn\u0131 zamanda kul\u00fcp oyuncular\u0131n\u0131n Gorna Oryahovitsa \u015fehrinde d\u00fczenlenen \u015fampiyonaya kat\u0131l\u0131m\u0131 i\u00e7in sponsorluk yapanlardan biri oldu\u011funu belirtti.<\/p>\n<p>K\u0131rcaali G\u00fcre\u015f Spor Kul\u00fcb\u00fc\u2019n\u00fcn antren\u00f6r\u00fc, \u201dHer y\u0131l madalyalar kazan\u0131yoruz. \u0130nsanlar, Op\u0131l\u00e7ensko k\u00f6y\u00fc muhtarl\u0131k binas\u0131n\u0131n mahzeninde yap\u0131lan antrenmanlarla derece sahibi olabilece\u011fimize inanm\u0131yorlar\u201d dedi. S\u00fcleyman Atalay, halihaz\u0131rda kul\u00fcb\u00fcn antrenmanlar\u0131na alt\u0131 k\u0131z\u0131n kat\u0131ld\u0131\u011f\u0131n\u0131 s\u00f6yledi.<\/p>\n<p>Gorna Oryahovitsa\u2019daki \u015fampiyonaya kat\u0131lan grupta S\u00f6ng\u00fcl Mehmet de yer ald\u0131. Ge\u00e7en y\u0131l \u00fc\u00e7\u00fcnc\u00fcl\u00fck \u00f6d\u00fcl\u00fcne sahip olan Song\u00fcl, bu y\u0131l yar\u0131 final ma\u00e7\u0131nda rakibine yenildi. Atalay S\u00fcleyman, S\u00f6ng\u00fcl\u2019\u00fcn y\u00fcrekten m\u00fccadele etti\u011fine inan\u0131yor.<\/p><div id=\"bghab-1258697892\" class=\"bghab-icerik-icine bghab-entity-placement\"><script async src=\"\/\/pagead2.googlesyndication.com\/pagead\/js\/adsbygoogle.js?client=ca-pub-6203283170189293\" crossorigin=\"anonymous\"><\/script><ins class=\"adsbygoogle\" style=\"display:block; text-align:center;\" data-ad-client=\"ca-pub-6203283170189293\" \ndata-ad-slot=\"7303146466\" \ndata-ad-layout=\"in-article\"\ndata-ad-format=\"fluid\" data-full-width-responsive=\"true\"><\/ins>\n<script> \n(adsbygoogle = window.adsbygoogle || []).push({}); \n<\/script>\n<\/div>\n<p>G\u00fcre\u015f antren\u00f6r\u00fc, iki k\u0131z\u0131n da \u00e7ok \u00e7al\u0131\u015fkan oldu\u011funu ve iyi bir gelece\u011fe sahip olacaklar\u0131n\u0131 d\u00fc\u015f\u00fcn\u00fcyor. S\u00fcleyman Atalay, \u201cDo\u011fu Rodoplar i\u00e7in geleneksel bir spor olan serbest g\u00fcre\u015fte daha fazla madalya kazanabilmemiz i\u00e7in belediyenin ve halk\u0131n biraz yard\u0131m\u0131na ihtiyac\u0131m\u0131z var\u201d diye ifade etti.<\/p>\n<p>&nbsp;<\/p>\n<p>K\u0131rcaali Haber<\/p>\n<div id=\"bghab-2980114849\" class=\"bghab-yazi-altinda bghab-entity-placement\"><div class=\"bghab-adlabel\">Reklamlar<\/div><script async src=\"https:\/\/pagead2.googlesyndication.com\/pagead\/js\/adsbygoogle.js\"><\/script>\r\n<!-- bghaber-yaz\u0131-sonu -->\r\n<ins class=\"adsbygoogle\"\r\n     style=\"display:block\"\r\n     data-ad-client=\"ca-pub-6203283170189293\"\r\n     data-ad-slot=\"4222328180\"\r\n     data-ad-format=\"auto\"\r\n     data-full-width-responsive=\"true\"><\/ins>\r\n<script>\r\n     (adsbygoogle = window.adsbygoogle || []).push({});\r\n<\/script><\/div><br style=\"clear: both; display: block; float: none;\"\/>","protected":false},"excerpt":{"rendered":"<p>Bulgaristan&#8217;da T\u00fcrk gen\u00e7 g\u00fcre\u015f\u00e7i Ay\u00e7a Halibryam, 178 k\u0131z\u0131n kat\u0131ld\u0131\u011f\u0131 serbest stil yar\u0131\u015fmas\u0131nda alt\u0131n madalya kazand\u0131. Op\u0131l\u00e7ensko (Hac\u0131 Mehmetler) k\u00f6y\u00fcnde bulunan K\u0131rcaali G\u00fcre\u015f Spor Kul\u00fcb\u00fc\u2019n\u00fcn yar\u0131\u015fmac\u0131s\u0131<\/p>\n","protected":false},"author":29,"featured_media":34101,"comment_status":"closed","ping_status":"closed","sticky":false,"template":"","format":"standard","meta":{"advanced_seo_description":"","jetpack_seo_html_title":"","jetpack_seo_noindex":false,"_jetpack_memberships_contains_paid_content":false,"footnotes":""},"categories":[7],"tags":[],"class_list":["post-34100","post","type-post","status-publish","format-standard","has-post-thumbnail","hentry","category-saglik-spor"],"jetpack_featured_media_url":"https:\/\/i0.wp.com\/www.bghaber.org\/bghaber\/wp-content\/uploads\/2019\/02\/Bulgaristanda-T%C3%BCrk-gen%C3%A7-g%C3%BCre%C5%9F%C3%A7i-Ay%C3%A7a-Halibryam-alt%C4%B1n-madalya-kazand%C4%B1.jpg?fit=720%2C540&ssl=1","jetpack_sharing_enabled":true,"jetpack_likes_enabled":true,"jetpack-related-posts":[],"jetpack_shortlink":"https:\/\/wp.me\/pc2PfJ-8S0","_links":{"self":[{"href":"https:\/\/www.bghaber.org\/bghaber\/wp-json\/wp\/v2\/posts\/34100","targetHints":{"allow":["GET"]}}],"collection":[{"href":"https:\/\/www.bghaber.org\/bghaber\/wp-json\/wp\/v2\/posts"}],"about":[{"href":"https:\/\/www.bghaber.org\/bghaber\/wp-json\/wp\/v2\/types\/post"}],"author":[{"embeddable":true,"href":"https:\/\/www.bghaber.org\/bghaber\/wp-json\/wp\/v2\/users\/29"}],"replies":[{"embeddable":true,"href":"https:\/\/www.bghaber.org\/bghaber\/wp-json\/wp\/v2\/comments?post=34100"}],"version-history":[{"count":0,"href":"https:\/\/www.bghaber.org\/bghaber\/wp-json\/wp\/v2\/posts\/34100\/revisions"}],"wp:featuredmedia":[{"embeddable":true,"href":"https:\/\/www.bghaber.org\/bghaber\/wp-json\/wp\/v2\/media\/34101"}],"wp:attachment":[{"href":"https:\/\/www.bghaber.org\/bghaber\/wp-json\/wp\/v2\/media?parent=34100"}],"wp:term":[{"taxonomy":"category","embeddable":true,"href":"https:\/\/www.bghaber.org\/bghaber\/wp-json\/wp\/v2\/categories?post=34100"},{"taxonomy":"post_tag","embeddable":true,"href":"https:\/\/www.bghaber.org\/bghaber\/wp-json\/wp\/v2\/tags?post=34100"}],"curies":[{"name":"wp","href":"https:\/\/api.w.org\/{rel}","templated":true}]}}