{"id":34097,"date":"2019-02-05T13:00:10","date_gmt":"2019-02-05T10:00:10","guid":{"rendered":"https:\/\/www.bghaber.org\/bghaber\/?p=34097"},"modified":"2019-06-25T23:25:10","modified_gmt":"2019-06-25T20:25:10","slug":"bulgaristanda-akilli-telefon-kullananlarin-yarisi-kisisel-bilgilerini-korumuyor","status":"publish","type":"post","link":"https:\/\/www.bghaber.org\/bghaber\/bulgaristanda-akilli-telefon-kullananlarin-yarisi-kisisel-bilgilerini-korumuyor\/","title":{"rendered":"Bulgaristan&#8217;da ak\u0131ll\u0131 telefon kullananlar\u0131n yar\u0131s\u0131 ki\u015fisel bilgilerini korumuyor"},"content":{"rendered":"<p>Avrupa \u0130statistik Ofisi Eurostat verilerine g\u00f6re, ak\u0131ll\u0131 telefon sahibi Bulgaristan vatanda\u015flar\u0131n\u0131n yar\u0131s\u0131, mobil uygulama indirirken ki\u015fisel verilerine eri\u015fimini hi\u00e7bir zaman s\u0131n\u0131rlamad\u0131 veya reddetmedi.<\/p>\n<p>En d\u00fc\u015f\u00fck ki\u015fisel verilerin gizlili\u011fini koruma oran\u0131 \u00c7ekya\u2019ya ait, burada insanlar\u0131n y\u00fczde 67\u2019si er\u015fimi s\u0131n\u0131rlamam\u0131\u015ft\u0131r. Bulgaristan, y\u00fczde 49\u2019luk oranla AB genelinde ikinci s\u0131rada bulunurken \u00fclkemizi, y\u00fczde 43 oranla K\u0131br\u0131s ve \u0130ngiltere takip ediyor.<\/p>\n<p>&nbsp;<\/p>\n<p>BNR<\/p>\n<div id=\"bghab-1544265414\" class=\"bghab-yazi-altinda bghab-entity-placement\"><div class=\"bghab-adlabel\">Reklamlar<\/div><script async src=\"https:\/\/pagead2.googlesyndication.com\/pagead\/js\/adsbygoogle.js\"><\/script>\r\n<!-- bghaber-yaz\u0131-sonu -->\r\n<ins class=\"adsbygoogle\"\r\n     style=\"display:block\"\r\n     data-ad-client=\"ca-pub-6203283170189293\"\r\n     data-ad-slot=\"4222328180\"\r\n     data-ad-format=\"auto\"\r\n     data-full-width-responsive=\"true\"><\/ins>\r\n<script>\r\n     (adsbygoogle = window.adsbygoogle || []).push({});\r\n<\/script><\/div><br style=\"clear: both; display: block; float: none;\"\/>","protected":false},"excerpt":{"rendered":"<p>Avrupa \u0130statistik Ofisi Eurostat verilerine g\u00f6re, ak\u0131ll\u0131 telefon sahibi Bulgaristan vatanda\u015flar\u0131n\u0131n yar\u0131s\u0131, mobil uygulama indirirken ki\u015fisel verilerine eri\u015fimini hi\u00e7bir zaman s\u0131n\u0131rlamad\u0131 veya reddetmedi. En d\u00fc\u015f\u00fck<\/p>\n","protected":false},"author":29,"featured_media":34098,"comment_status":"closed","ping_status":"closed","sticky":false,"template":"","format":"standard","meta":{"advanced_seo_description":"","jetpack_seo_html_title":"","jetpack_seo_noindex":false,"_jetpack_memberships_contains_paid_content":false,"footnotes":""},"categories":[5],"tags":[],"class_list":["post-34097","post","type-post","status-publish","format-standard","has-post-thumbnail","hentry","category-yasam"],"jetpack_featured_media_url":"https:\/\/i0.wp.com\/www.bghaber.org\/bghaber\/wp-content\/uploads\/2019\/02\/akillli-telefon-gencler-telefon-mobil.jpg?fit=630%2C370&ssl=1","jetpack_sharing_enabled":true,"jetpack_likes_enabled":true,"jetpack-related-posts":[],"jetpack_shortlink":"https:\/\/wp.me\/pc2PfJ-8RX","_links":{"self":[{"href":"https:\/\/www.bghaber.org\/bghaber\/wp-json\/wp\/v2\/posts\/34097","targetHints":{"allow":["GET"]}}],"collection":[{"href":"https:\/\/www.bghaber.org\/bghaber\/wp-json\/wp\/v2\/posts"}],"about":[{"href":"https:\/\/www.bghaber.org\/bghaber\/wp-json\/wp\/v2\/types\/post"}],"author":[{"embeddable":true,"href":"https:\/\/www.bghaber.org\/bghaber\/wp-json\/wp\/v2\/users\/29"}],"replies":[{"embeddable":true,"href":"https:\/\/www.bghaber.org\/bghaber\/wp-json\/wp\/v2\/comments?post=34097"}],"version-history":[{"count":0,"href":"https:\/\/www.bghaber.org\/bghaber\/wp-json\/wp\/v2\/posts\/34097\/revisions"}],"wp:featuredmedia":[{"embeddable":true,"href":"https:\/\/www.bghaber.org\/bghaber\/wp-json\/wp\/v2\/media\/34098"}],"wp:attachment":[{"href":"https:\/\/www.bghaber.org\/bghaber\/wp-json\/wp\/v2\/media?parent=34097"}],"wp:term":[{"taxonomy":"category","embeddable":true,"href":"https:\/\/www.bghaber.org\/bghaber\/wp-json\/wp\/v2\/categories?post=34097"},{"taxonomy":"post_tag","embeddable":true,"href":"https:\/\/www.bghaber.org\/bghaber\/wp-json\/wp\/v2\/tags?post=34097"}],"curies":[{"name":"wp","href":"https:\/\/api.w.org\/{rel}","templated":true}]}}