{"id":34090,"date":"2019-02-05T09:00:11","date_gmt":"2019-02-05T06:00:11","guid":{"rendered":"https:\/\/www.bghaber.org\/bghaber\/?p=34090"},"modified":"2019-06-25T23:25:37","modified_gmt":"2019-06-25T20:25:37","slug":"bulgar-sirketleri-ilk-once-almanyada-is-ortaklari-ariyor","status":"publish","type":"post","link":"https:\/\/www.bghaber.org\/bghaber\/bulgar-sirketleri-ilk-once-almanyada-is-ortaklari-ariyor\/","title":{"rendered":"Bulgar \u015firketleri ilk \u00f6nce Almanya\u2019da i\u015f ortaklar\u0131 ar\u0131yor"},"content":{"rendered":"<p>Bulgaristan Sanayi ve Ticaret Odas\u0131 taraf\u0131ndan yap\u0131lan ara\u015ft\u0131rmaya g\u00f6re, yerli \u015firketlerin y\u00fczde 43\u2019n\u00fcn tercih etti\u011fi Almanya, Bulgaristan\u2019\u0131n en b\u00fcy\u00fck ve en \u00f6nemli ticari orta\u011f\u0131d\u0131r.<\/p>\n<p>Almanya, 2018 y\u0131l\u0131nda \u00c7in\u2019den sonra ikinci s\u0131rada olsa da, ABD ile olan ticari sorunlardan, dil engeli ve mesafeden dolay\u0131, \u00c7in bu s\u0131ralamada geriliyor. \u0130lk be\u015f \u00fclke aras\u0131nda T\u00fcrkiye, \u0130svi\u00e7re, Rusya ve Birle\u015fik Arap Emirlikleri var. Bulgar \u015firketlerinin y\u00fczde 77\u2019den fazlas\u0131 ihracatlar\u0131n\u0131 art\u0131rmak amac\u0131yla yabanc\u0131 ortaklarla i\u015fbirli\u011fi yapmak istiyor. Bulgar i\u015f \u00e7evreleri, makine ve techisat alan\u0131ndan \u015fitketlerle (y\u00fczde 43), hizmet alan\u0131ndan (y\u00fczde 26), g\u0131da ve i\u00e7ecekler (y\u00fczde 24) ve in\u015fat alan\u0131ndan (y\u00fczde 19) \u015firketlertle i\u015f ortakl\u0131\u011f\u0131 kurmak istiyor. Ara\u015ft\u0131rmaya g\u00f6re, \u015firketlerin \u00fc\u00e7te ikisi, i\u015f ortakl\u0131\u011f\u0131 kurmak istedikleri \u00fclkelerde i\u015f ve ticaret ko\u015fullar\u0131ndan tam olarak haberdar de\u011fildir.<\/p>\n<p>&nbsp;<\/p>\n<p>BNR<\/p>\n<div id=\"bghab-4029216845\" class=\"bghab-yazi-altinda bghab-entity-placement\"><div class=\"bghab-adlabel\">Reklamlar<\/div><script async src=\"https:\/\/pagead2.googlesyndication.com\/pagead\/js\/adsbygoogle.js\"><\/script>\r\n<!-- bghaber-yaz\u0131-sonu -->\r\n<ins class=\"adsbygoogle\"\r\n     style=\"display:block\"\r\n     data-ad-client=\"ca-pub-6203283170189293\"\r\n     data-ad-slot=\"4222328180\"\r\n     data-ad-format=\"auto\"\r\n     data-full-width-responsive=\"true\"><\/ins>\r\n<script>\r\n     (adsbygoogle = window.adsbygoogle || []).push({});\r\n<\/script><\/div><br style=\"clear: both; display: block; float: none;\"\/>","protected":false},"excerpt":{"rendered":"<p>Bulgaristan Sanayi ve Ticaret Odas\u0131 taraf\u0131ndan yap\u0131lan ara\u015ft\u0131rmaya g\u00f6re, yerli \u015firketlerin y\u00fczde 43\u2019n\u00fcn tercih etti\u011fi Almanya, Bulgaristan\u2019\u0131n en b\u00fcy\u00fck ve en \u00f6nemli ticari orta\u011f\u0131d\u0131r. Almanya,<\/p>\n","protected":false},"author":29,"featured_media":26232,"comment_status":"closed","ping_status":"closed","sticky":false,"template":"","format":"standard","meta":{"advanced_seo_description":"","jetpack_seo_html_title":"","jetpack_seo_noindex":false,"_jetpack_memberships_contains_paid_content":false,"footnotes":""},"categories":[9,1],"tags":[],"class_list":["post-34090","post","type-post","status-publish","format-standard","has-post-thumbnail","hentry","category-ekonomi","category-haberler"],"jetpack_featured_media_url":"https:\/\/i0.wp.com\/www.bghaber.org\/bghaber\/wp-content\/uploads\/2018\/01\/yatirimlar.jpg?fit=1024%2C682&ssl=1","jetpack_sharing_enabled":true,"jetpack_likes_enabled":true,"jetpack-related-posts":[],"jetpack_shortlink":"https:\/\/wp.me\/pc2PfJ-8RQ","_links":{"self":[{"href":"https:\/\/www.bghaber.org\/bghaber\/wp-json\/wp\/v2\/posts\/34090","targetHints":{"allow":["GET"]}}],"collection":[{"href":"https:\/\/www.bghaber.org\/bghaber\/wp-json\/wp\/v2\/posts"}],"about":[{"href":"https:\/\/www.bghaber.org\/bghaber\/wp-json\/wp\/v2\/types\/post"}],"author":[{"embeddable":true,"href":"https:\/\/www.bghaber.org\/bghaber\/wp-json\/wp\/v2\/users\/29"}],"replies":[{"embeddable":true,"href":"https:\/\/www.bghaber.org\/bghaber\/wp-json\/wp\/v2\/comments?post=34090"}],"version-history":[{"count":0,"href":"https:\/\/www.bghaber.org\/bghaber\/wp-json\/wp\/v2\/posts\/34090\/revisions"}],"wp:featuredmedia":[{"embeddable":true,"href":"https:\/\/www.bghaber.org\/bghaber\/wp-json\/wp\/v2\/media\/26232"}],"wp:attachment":[{"href":"https:\/\/www.bghaber.org\/bghaber\/wp-json\/wp\/v2\/media?parent=34090"}],"wp:term":[{"taxonomy":"category","embeddable":true,"href":"https:\/\/www.bghaber.org\/bghaber\/wp-json\/wp\/v2\/categories?post=34090"},{"taxonomy":"post_tag","embeddable":true,"href":"https:\/\/www.bghaber.org\/bghaber\/wp-json\/wp\/v2\/tags?post=34090"}],"curies":[{"name":"wp","href":"https:\/\/api.w.org\/{rel}","templated":true}]}}