{"id":34087,"date":"2019-02-05T08:07:31","date_gmt":"2019-02-05T05:07:31","guid":{"rendered":"https:\/\/www.bghaber.org\/bghaber\/?p=34087"},"modified":"2019-06-25T23:25:37","modified_gmt":"2019-06-25T20:25:37","slug":"bulgaristanda-halkin-ucte-birinden-fazlasi-evlerini-isitmakta-zorlaniyor","status":"publish","type":"post","link":"https:\/\/www.bghaber.org\/bghaber\/bulgaristanda-halkin-ucte-birinden-fazlasi-evlerini-isitmakta-zorlaniyor\/","title":{"rendered":"Bulgaristan&#8217;da halk\u0131n \u00fc\u00e7te birinden fazlas\u0131 evlerini \u0131s\u0131tmakta zorlan\u0131yor"},"content":{"rendered":"<p>2017&#8217;de vatanda\u015flar\u0131n y\u00fczde 37&#8217;si evlerini yeterince \u0131s\u0131tamad\u0131. Eurostat, AB\u2019deki \u00fclkeler i\u00e7inde bunun en y\u00fcksek y\u00fczde oldu\u011funu belirtti.<\/p>\n<p>Ortalama oran, y\u00fczde 8 civar\u0131nda. Litvanya&#8217;da evlerin y\u00fczde 29&#8217;u yeterince \u0131s\u0131t\u0131lamamaktad\u0131r, Bu oran, Yunanistan&#8217;da y\u00fczde 26, K\u0131br\u0131s&#8217;ta y\u00fczde 23 ve Portekiz&#8217;de y\u00fczde 20. L\u00fcksemburg, Finlandiya, \u0130sve\u00e7, Hollanda ve Avusturya gibi \u00fclkelerde \u0131s\u0131tma sorunu ya\u015fanm\u0131yor. Yine de, on y\u0131ld\u0131r, evlerini yeterince \u0131s\u0131tamayan Bulgaristan vatanda\u015flar\u0131n\u0131n pay\u0131 neredeyse yar\u0131 yar\u0131ya azald\u0131. Eurostat verilerine g\u00f6re, 2006&#8217;da evlerin neredeyse y\u00fczde 70&#8217;i k\u0131\u015f\u0131n serindi.<\/p>\n<p>&nbsp;<\/p>\n<p>BNR<\/p>\n<div id=\"bghab-2520423594\" class=\"bghab-yazi-altinda bghab-entity-placement\"><div class=\"bghab-adlabel\">Reklamlar<\/div><script async src=\"https:\/\/pagead2.googlesyndication.com\/pagead\/js\/adsbygoogle.js\"><\/script>\r\n<!-- bghaber-yaz\u0131-sonu -->\r\n<ins class=\"adsbygoogle\"\r\n     style=\"display:block\"\r\n     data-ad-client=\"ca-pub-6203283170189293\"\r\n     data-ad-slot=\"4222328180\"\r\n     data-ad-format=\"auto\"\r\n     data-full-width-responsive=\"true\"><\/ins>\r\n<script>\r\n     (adsbygoogle = window.adsbygoogle || []).push({});\r\n<\/script><\/div><br style=\"clear: both; display: block; float: none;\"\/>","protected":false},"excerpt":{"rendered":"<p>2017&#8217;de vatanda\u015flar\u0131n y\u00fczde 37&#8217;si evlerini yeterince \u0131s\u0131tamad\u0131. Eurostat, AB\u2019deki \u00fclkeler i\u00e7inde bunun en y\u00fcksek y\u00fczde oldu\u011funu belirtti. Ortalama oran, y\u00fczde 8 civar\u0131nda. Litvanya&#8217;da evlerin y\u00fczde<\/p>\n","protected":false},"author":29,"featured_media":34088,"comment_status":"closed","ping_status":"closed","sticky":false,"template":"","format":"standard","meta":{"advanced_seo_description":"","jetpack_seo_html_title":"","jetpack_seo_noindex":false,"_jetpack_memberships_contains_paid_content":false,"footnotes":""},"categories":[5],"tags":[],"class_list":["post-34087","post","type-post","status-publish","format-standard","has-post-thumbnail","hentry","category-yasam"],"jetpack_featured_media_url":"https:\/\/i0.wp.com\/www.bghaber.org\/bghaber\/wp-content\/uploads\/2019\/02\/kalorifer-bulgaristan.jpg?fit=925%2C520&ssl=1","jetpack_sharing_enabled":true,"jetpack_likes_enabled":true,"jetpack-related-posts":[],"jetpack_shortlink":"https:\/\/wp.me\/pc2PfJ-8RN","_links":{"self":[{"href":"https:\/\/www.bghaber.org\/bghaber\/wp-json\/wp\/v2\/posts\/34087","targetHints":{"allow":["GET"]}}],"collection":[{"href":"https:\/\/www.bghaber.org\/bghaber\/wp-json\/wp\/v2\/posts"}],"about":[{"href":"https:\/\/www.bghaber.org\/bghaber\/wp-json\/wp\/v2\/types\/post"}],"author":[{"embeddable":true,"href":"https:\/\/www.bghaber.org\/bghaber\/wp-json\/wp\/v2\/users\/29"}],"replies":[{"embeddable":true,"href":"https:\/\/www.bghaber.org\/bghaber\/wp-json\/wp\/v2\/comments?post=34087"}],"version-history":[{"count":0,"href":"https:\/\/www.bghaber.org\/bghaber\/wp-json\/wp\/v2\/posts\/34087\/revisions"}],"wp:featuredmedia":[{"embeddable":true,"href":"https:\/\/www.bghaber.org\/bghaber\/wp-json\/wp\/v2\/media\/34088"}],"wp:attachment":[{"href":"https:\/\/www.bghaber.org\/bghaber\/wp-json\/wp\/v2\/media?parent=34087"}],"wp:term":[{"taxonomy":"category","embeddable":true,"href":"https:\/\/www.bghaber.org\/bghaber\/wp-json\/wp\/v2\/categories?post=34087"},{"taxonomy":"post_tag","embeddable":true,"href":"https:\/\/www.bghaber.org\/bghaber\/wp-json\/wp\/v2\/tags?post=34087"}],"curies":[{"name":"wp","href":"https:\/\/api.w.org\/{rel}","templated":true}]}}