{"id":34084,"date":"2019-02-05T02:00:05","date_gmt":"2019-02-04T23:00:05","guid":{"rendered":"https:\/\/www.bghaber.org\/bghaber\/?p=34084"},"modified":"2019-06-25T23:25:37","modified_gmt":"2019-06-25T20:25:37","slug":"bulgaristanin-antarktidadaki-kafilesi-90-milyon-yillik-fosil-buldu","status":"publish","type":"post","link":"https:\/\/www.bghaber.org\/bghaber\/bulgaristanin-antarktidadaki-kafilesi-90-milyon-yillik-fosil-buldu\/","title":{"rendered":"Bulgaristan&#8217;\u0131n Antarktida\u2019daki kafilesi 90 milyon y\u0131ll\u0131k fosil buldu"},"content":{"rendered":"<p>Bulgaristan\u2019\u0131n Antarktida kafilesinden jeolog doktor Stefan Velev ve doktor Kamen Bonev ve \u015eili \u00dcniversitesinden Brezilyal\u0131 bilim insan\u0131 doktor Kristin Trevisan ile \u0130stanbul Teknik \u00dcniversitesinden Prof. \u015eafak Alt\u0131nkaynak Livingst\u0131n Adas\u0131nda saha \u00e7al\u0131\u015fmas\u0131nda Antarktida i\u00e7in yeni say\u0131lan be\u015f bitki fosili ortaya \u00e7\u0131kard\u0131.Hana Adas\u0131ndan bu fosillerin 90 milyon y\u0131ll\u0131k oldu\u011fu tahmin ediliyor.<\/p>\n<p>Bulgular\u0131n Patagoniya\u2019dan Antarktida\u2019ya Dreyc bo\u011faz\u0131ndan kurulmu\u015f ge\u00e7ici bir k\u00f6pr\u00fcden g\u00f6\u00e7 etti\u011fi san\u0131l\u0131yor. Bulgar kafilesinin ba\u015fkan\u0131 Prof. Hristo Pimpirev, \u00f6n\u00fcm\u00fczdeki iki ayda saha \u00e7al\u0131\u015fmalar\u0131na devam edeceklerini bildirdi.<\/p>\n<p>&nbsp;<\/p>\n<p>BNR<\/p>\n<div id=\"bghab-3995921039\" class=\"bghab-yazi-altinda bghab-entity-placement\"><div class=\"bghab-adlabel\">Reklamlar<\/div><script async src=\"https:\/\/pagead2.googlesyndication.com\/pagead\/js\/adsbygoogle.js\"><\/script>\r\n<!-- bghaber-yaz\u0131-sonu -->\r\n<ins class=\"adsbygoogle\"\r\n     style=\"display:block\"\r\n     data-ad-client=\"ca-pub-6203283170189293\"\r\n     data-ad-slot=\"4222328180\"\r\n     data-ad-format=\"auto\"\r\n     data-full-width-responsive=\"true\"><\/ins>\r\n<script>\r\n     (adsbygoogle = window.adsbygoogle || []).push({});\r\n<\/script><\/div><br style=\"clear: both; display: block; float: none;\"\/>","protected":false},"excerpt":{"rendered":"<p>Bulgaristan\u2019\u0131n Antarktida kafilesinden jeolog doktor Stefan Velev ve doktor Kamen Bonev ve \u015eili \u00dcniversitesinden Brezilyal\u0131 bilim insan\u0131 doktor Kristin Trevisan ile \u0130stanbul Teknik \u00dcniversitesinden Prof.<\/p>\n","protected":false},"author":29,"featured_media":28379,"comment_status":"closed","ping_status":"closed","sticky":false,"template":"","format":"standard","meta":{"advanced_seo_description":"","jetpack_seo_html_title":"","jetpack_seo_noindex":false,"_jetpack_memberships_contains_paid_content":false,"footnotes":""},"categories":[9,1],"tags":[],"class_list":["post-34084","post","type-post","status-publish","format-standard","has-post-thumbnail","hentry","category-ekonomi","category-haberler"],"jetpack_featured_media_url":"https:\/\/i0.wp.com\/www.bghaber.org\/bghaber\/wp-content\/uploads\/2018\/03\/antartika.jpg?fit=850%2C478&ssl=1","jetpack_sharing_enabled":true,"jetpack_likes_enabled":true,"jetpack-related-posts":[],"jetpack_shortlink":"https:\/\/wp.me\/pc2PfJ-8RK","_links":{"self":[{"href":"https:\/\/www.bghaber.org\/bghaber\/wp-json\/wp\/v2\/posts\/34084","targetHints":{"allow":["GET"]}}],"collection":[{"href":"https:\/\/www.bghaber.org\/bghaber\/wp-json\/wp\/v2\/posts"}],"about":[{"href":"https:\/\/www.bghaber.org\/bghaber\/wp-json\/wp\/v2\/types\/post"}],"author":[{"embeddable":true,"href":"https:\/\/www.bghaber.org\/bghaber\/wp-json\/wp\/v2\/users\/29"}],"replies":[{"embeddable":true,"href":"https:\/\/www.bghaber.org\/bghaber\/wp-json\/wp\/v2\/comments?post=34084"}],"version-history":[{"count":0,"href":"https:\/\/www.bghaber.org\/bghaber\/wp-json\/wp\/v2\/posts\/34084\/revisions"}],"wp:featuredmedia":[{"embeddable":true,"href":"https:\/\/www.bghaber.org\/bghaber\/wp-json\/wp\/v2\/media\/28379"}],"wp:attachment":[{"href":"https:\/\/www.bghaber.org\/bghaber\/wp-json\/wp\/v2\/media?parent=34084"}],"wp:term":[{"taxonomy":"category","embeddable":true,"href":"https:\/\/www.bghaber.org\/bghaber\/wp-json\/wp\/v2\/categories?post=34084"},{"taxonomy":"post_tag","embeddable":true,"href":"https:\/\/www.bghaber.org\/bghaber\/wp-json\/wp\/v2\/tags?post=34084"}],"curies":[{"name":"wp","href":"https:\/\/api.w.org\/{rel}","templated":true}]}}