{"id":34081,"date":"2019-02-05T03:00:22","date_gmt":"2019-02-05T00:00:22","guid":{"rendered":"https:\/\/www.bghaber.org\/bghaber\/?p=34081"},"modified":"2019-06-25T23:25:37","modified_gmt":"2019-06-25T20:25:37","slug":"kristalina-georgieva-gecici-olarak-dunya-bankasi-baskanligina-gecti","status":"publish","type":"post","link":"https:\/\/www.bghaber.org\/bghaber\/kristalina-georgieva-gecici-olarak-dunya-bankasi-baskanligina-gecti\/","title":{"rendered":"Kristalina Georgieva ge\u00e7ici olarak D\u00fcnya Bankas\u0131 ba\u015fkanl\u0131\u011f\u0131na ge\u00e7ti"},"content":{"rendered":"<p>Kristalina Georgieva bug\u00fcnden itibaren ge\u00e7ici olarak D\u00fcnya Bankas\u0131 ba\u015fkanl\u0131\u011f\u0131na ge\u00e7ti. Bankan\u0131n as\u0131l ba\u015fkan se\u00e7imleri ilkbaharda ger\u00e7ekle\u015fecek. O zamana kadar Georgieva bu g\u00f6revde kalacak. Jimm Yon Kim g\u00f6revden ayr\u0131l\u0131p, \u00f6zel sekt\u00f6re gidince, D\u00fcnya Bankas\u0131 Ba\u015fkan koltu\u011funa ABD Devlet Ba\u015fkan\u0131 \u0130vana Trump\u2019un ge\u00e7ece\u011fine dair spek\u00fclasyonlar yay\u0131ld\u0131. Ard\u0131ndan \u0130vana Trump\u2019un bankan\u0131n ba\u015fkanl\u0131k se\u00e7imlerine adayl\u0131\u011f\u0131n\u0131 sunaca\u011f\u0131 anla\u015f\u0131ld\u0131.<\/p>\n<p>&nbsp;<\/p>\n<p>BNR<\/p>\n<div id=\"bghab-1328383778\" class=\"bghab-yazi-altinda bghab-entity-placement\"><div class=\"bghab-adlabel\">Reklamlar<\/div><script async src=\"https:\/\/pagead2.googlesyndication.com\/pagead\/js\/adsbygoogle.js\"><\/script>\r\n<!-- bghaber-yaz\u0131-sonu -->\r\n<ins class=\"adsbygoogle\"\r\n     style=\"display:block\"\r\n     data-ad-client=\"ca-pub-6203283170189293\"\r\n     data-ad-slot=\"4222328180\"\r\n     data-ad-format=\"auto\"\r\n     data-full-width-responsive=\"true\"><\/ins>\r\n<script>\r\n     (adsbygoogle = window.adsbygoogle || []).push({});\r\n<\/script><\/div><br style=\"clear: both; display: block; float: none;\"\/>","protected":false},"excerpt":{"rendered":"<p>Kristalina Georgieva bug\u00fcnden itibaren ge\u00e7ici olarak D\u00fcnya Bankas\u0131 ba\u015fkanl\u0131\u011f\u0131na ge\u00e7ti. Bankan\u0131n as\u0131l ba\u015fkan se\u00e7imleri ilkbaharda ger\u00e7ekle\u015fecek. O zamana kadar Georgieva bu g\u00f6revde kalacak. Jimm Yon<\/p>\n","protected":false},"author":29,"featured_media":34082,"comment_status":"closed","ping_status":"closed","sticky":false,"template":"","format":"standard","meta":{"advanced_seo_description":"","jetpack_seo_html_title":"","jetpack_seo_noindex":false,"_jetpack_memberships_contains_paid_content":false,"footnotes":""},"categories":[1,4],"tags":[],"class_list":["post-34081","post","type-post","status-publish","format-standard","has-post-thumbnail","hentry","category-haberler","category-siyaset"],"jetpack_featured_media_url":"https:\/\/i0.wp.com\/www.bghaber.org\/bghaber\/wp-content\/uploads\/2019\/02\/Kristalina-Georgieva.jpg?fit=680%2C382&ssl=1","jetpack_sharing_enabled":true,"jetpack_likes_enabled":true,"jetpack-related-posts":[],"jetpack_shortlink":"https:\/\/wp.me\/pc2PfJ-8RH","_links":{"self":[{"href":"https:\/\/www.bghaber.org\/bghaber\/wp-json\/wp\/v2\/posts\/34081","targetHints":{"allow":["GET"]}}],"collection":[{"href":"https:\/\/www.bghaber.org\/bghaber\/wp-json\/wp\/v2\/posts"}],"about":[{"href":"https:\/\/www.bghaber.org\/bghaber\/wp-json\/wp\/v2\/types\/post"}],"author":[{"embeddable":true,"href":"https:\/\/www.bghaber.org\/bghaber\/wp-json\/wp\/v2\/users\/29"}],"replies":[{"embeddable":true,"href":"https:\/\/www.bghaber.org\/bghaber\/wp-json\/wp\/v2\/comments?post=34081"}],"version-history":[{"count":0,"href":"https:\/\/www.bghaber.org\/bghaber\/wp-json\/wp\/v2\/posts\/34081\/revisions"}],"wp:featuredmedia":[{"embeddable":true,"href":"https:\/\/www.bghaber.org\/bghaber\/wp-json\/wp\/v2\/media\/34082"}],"wp:attachment":[{"href":"https:\/\/www.bghaber.org\/bghaber\/wp-json\/wp\/v2\/media?parent=34081"}],"wp:term":[{"taxonomy":"category","embeddable":true,"href":"https:\/\/www.bghaber.org\/bghaber\/wp-json\/wp\/v2\/categories?post=34081"},{"taxonomy":"post_tag","embeddable":true,"href":"https:\/\/www.bghaber.org\/bghaber\/wp-json\/wp\/v2\/tags?post=34081"}],"curies":[{"name":"wp","href":"https:\/\/api.w.org\/{rel}","templated":true}]}}