{"id":34077,"date":"2019-02-04T23:50:08","date_gmt":"2019-02-04T20:50:08","guid":{"rendered":"https:\/\/www.bghaber.org\/bghaber\/?p=34077"},"modified":"2019-06-25T23:25:37","modified_gmt":"2019-06-25T20:25:37","slug":"cumhurbaskani-radev-yurtdisi-bulgarlarla-iliskiler-yogunlastirilacak","status":"publish","type":"post","link":"https:\/\/www.bghaber.org\/bghaber\/cumhurbaskani-radev-yurtdisi-bulgarlarla-iliskiler-yogunlastirilacak\/","title":{"rendered":"Cumhurba\u015fkan\u0131 Radev: Yurtd\u0131\u015f\u0131 Bulgarlar\u2019la ili\u015fkiler yo\u011funla\u015ft\u0131r\u0131lacak"},"content":{"rendered":"<p>Lizbon\u2019da Portekiz\u2019de oturan soyda\u015flarla g\u00f6r\u00fc\u015fen Cumhurba\u015fkan\u0131 Rumen Radev, onlar\u0131n yurd\u0131\u015f\u0131 ba\u015far\u0131lar\u0131n\u0131n Bulgaristan\u2019\u0131n da ba\u015far\u0131s\u0131 oldu\u011funu \u00f6ne s\u00fcrd\u00fc.<\/p>\n<p>Toplant\u0131ya \u201cAz. Az. Kiril ve Metodiy\u201d Bulgar Pazar Okulu\u2019ndan \u00f6\u011fretmenler, doktorlar ve k\u00fclt\u00fcr adamlar\u0131 kat\u0131ld\u0131.<\/p>\n<p>Konuklar aras\u0131nda \u201cSporting\u201d Lizbon tak\u0131m\u0131ndan efsane futbolcu ve milli tak\u0131m oyuncusu \u0130vaylo Yordanov da yer ald\u0131.<\/p>\n<p>Toplant\u0131da konu\u015fan Cumhurba\u015fkan\u0131 Rumen Radev, Bulgaristan\u2019\u0131n yurtd\u0131\u015f\u0131 Bulgar topluluklar\u0131 ile ilgili \u00f6ncelikli hedefleri, onlarla irtibat ve destek vizyonunu yeniden \u015fekillendirme s\u00fcreci i\u00e7inde bulundu\u011funu belirtti.<\/p>\n<p>Cumhurba\u015fkan\u0131n\u0131n s\u00f6zlerine g\u00f6re ama\u00e7, sa\u011flanan deste\u011fin sadece Bulgar kiliselerine ve k\u00fclt\u00fcr ile e\u011fitim kurulu\u015flar\u0131na de\u011fil, kalifiye, sosyal haklar, emeklilik ve di\u011fer konulara da y\u00f6nelik olmas\u0131d\u0131r.<\/p><div id=\"bghab-1456995162\" class=\"bghab-icerik-icine bghab-entity-placement\"><script async src=\"\/\/pagead2.googlesyndication.com\/pagead\/js\/adsbygoogle.js?client=ca-pub-6203283170189293\" crossorigin=\"anonymous\"><\/script><ins class=\"adsbygoogle\" style=\"display:block; text-align:center;\" data-ad-client=\"ca-pub-6203283170189293\" \ndata-ad-slot=\"7303146466\" \ndata-ad-layout=\"in-article\"\ndata-ad-format=\"fluid\" data-full-width-responsive=\"true\"><\/ins>\n<script> \n(adsbygoogle = window.adsbygoogle || []).push({}); \n<\/script>\n<\/div>\n<p>&nbsp;<\/p>\n<p>BNR<\/p>\n<div id=\"bghab-1118046047\" class=\"bghab-yazi-altinda bghab-entity-placement\"><div class=\"bghab-adlabel\">Reklamlar<\/div><script async src=\"https:\/\/pagead2.googlesyndication.com\/pagead\/js\/adsbygoogle.js\"><\/script>\r\n<!-- bghaber-yaz\u0131-sonu -->\r\n<ins class=\"adsbygoogle\"\r\n     style=\"display:block\"\r\n     data-ad-client=\"ca-pub-6203283170189293\"\r\n     data-ad-slot=\"4222328180\"\r\n     data-ad-format=\"auto\"\r\n     data-full-width-responsive=\"true\"><\/ins>\r\n<script>\r\n     (adsbygoogle = window.adsbygoogle || []).push({});\r\n<\/script><\/div><br style=\"clear: both; display: block; float: none;\"\/>","protected":false},"excerpt":{"rendered":"<p>Lizbon\u2019da Portekiz\u2019de oturan soyda\u015flarla g\u00f6r\u00fc\u015fen Cumhurba\u015fkan\u0131 Rumen Radev, onlar\u0131n yurd\u0131\u015f\u0131 ba\u015far\u0131lar\u0131n\u0131n Bulgaristan\u2019\u0131n da ba\u015far\u0131s\u0131 oldu\u011funu \u00f6ne s\u00fcrd\u00fc. Toplant\u0131ya \u201cAz. Az. Kiril ve Metodiy\u201d Bulgar Pazar<\/p>\n","protected":false},"author":29,"featured_media":34078,"comment_status":"closed","ping_status":"closed","sticky":false,"template":"","format":"standard","meta":{"advanced_seo_description":"","jetpack_seo_html_title":"","jetpack_seo_noindex":false,"_jetpack_memberships_contains_paid_content":false,"footnotes":""},"categories":[1,4],"tags":[],"class_list":["post-34077","post","type-post","status-publish","format-standard","has-post-thumbnail","hentry","category-haberler","category-siyaset"],"jetpack_featured_media_url":"https:\/\/i0.wp.com\/www.bghaber.org\/bghaber\/wp-content\/uploads\/2019\/02\/Radev-Yurtd%C4%B1%C5%9F%C4%B1-Bulgarlar%E2%80%99la-ili%C5%9Fkiler-yo%C4%9Funla%C5%9Ft%C4%B1r%C4%B1lacak.jpg?fit=925%2C520&ssl=1","jetpack_sharing_enabled":true,"jetpack_likes_enabled":true,"jetpack-related-posts":[],"jetpack_shortlink":"https:\/\/wp.me\/pc2PfJ-8RD","_links":{"self":[{"href":"https:\/\/www.bghaber.org\/bghaber\/wp-json\/wp\/v2\/posts\/34077","targetHints":{"allow":["GET"]}}],"collection":[{"href":"https:\/\/www.bghaber.org\/bghaber\/wp-json\/wp\/v2\/posts"}],"about":[{"href":"https:\/\/www.bghaber.org\/bghaber\/wp-json\/wp\/v2\/types\/post"}],"author":[{"embeddable":true,"href":"https:\/\/www.bghaber.org\/bghaber\/wp-json\/wp\/v2\/users\/29"}],"replies":[{"embeddable":true,"href":"https:\/\/www.bghaber.org\/bghaber\/wp-json\/wp\/v2\/comments?post=34077"}],"version-history":[{"count":0,"href":"https:\/\/www.bghaber.org\/bghaber\/wp-json\/wp\/v2\/posts\/34077\/revisions"}],"wp:featuredmedia":[{"embeddable":true,"href":"https:\/\/www.bghaber.org\/bghaber\/wp-json\/wp\/v2\/media\/34078"}],"wp:attachment":[{"href":"https:\/\/www.bghaber.org\/bghaber\/wp-json\/wp\/v2\/media?parent=34077"}],"wp:term":[{"taxonomy":"category","embeddable":true,"href":"https:\/\/www.bghaber.org\/bghaber\/wp-json\/wp\/v2\/categories?post=34077"},{"taxonomy":"post_tag","embeddable":true,"href":"https:\/\/www.bghaber.org\/bghaber\/wp-json\/wp\/v2\/tags?post=34077"}],"curies":[{"name":"wp","href":"https:\/\/api.w.org\/{rel}","templated":true}]}}