{"id":34071,"date":"2019-02-04T21:57:03","date_gmt":"2019-02-04T18:57:03","guid":{"rendered":"https:\/\/www.bghaber.org\/bghaber\/?p=34071"},"modified":"2019-02-04T21:57:03","modified_gmt":"2019-02-04T18:57:03","slug":"kantarin-topuzu-biziz","status":"publish","type":"post","link":"https:\/\/www.bghaber.org\/bghaber\/kantarin-topuzu-biziz\/","title":{"rendered":"Kantar\u0131n Topuzu Biziz"},"content":{"rendered":"<p>Tarih: 04 \u015eubat 2019<br \/>\nYazan: Nedim AKIN<br \/>\nKonu<strong>:\u00a0\u00a0 Se\u00e7im yakla\u015ft\u0131k\u00e7a dengeler de\u011fi\u015fiyor.<\/strong><strong>\u00a0\u00a0\u00a0\u00a0\u00a0\u00a0\u00a0\u00a0\u00a0\u00a0\u00a0\u00a0\u00a0\u00a0\u00a0\u00a0\u00a0\u00a0 <\/strong><strong>\u00a0\u00a0<\/strong><\/p>\n<p>G\u00f6zler 26 May\u0131sa odakland\u0131. Avrupa Birli\u011fi parlamentosuna milletvekili se\u00e7ece\u011fiz. Bu defa da bu i\u015f parti listelerine g\u00f6re yap\u0131lacak. Fakat hen\u00fcz listeler a\u00e7\u0131klanmad\u0131. Liderler \u00fcrkek davran\u0131yor. Ge\u00e7en d\u00f6nem 4 y\u0131l orada el kald\u0131r\u0131p indirenler 100 bin Euro d\u00f6nd\u00fcklerinden, siyaset\u00e7ilerin y\u00fcrekleri g\u00fcm g\u00fcm at\u0131yor.<\/p>\n<p>De\u011fi\u015fik \u00f6neriler geliyor da, \u201cAtaka\u201d milliyet\u00e7ilerinin lideri Volen Siderov, en fazla umutlananlara dil yutturdu. Yeni parlamenterlerin ayl\u0131k maa\u015flar\u0131n\u0131n % 80\u2019inin yetim \u00e7ocuklar yurduna ay\u0131rmas\u0131n\u0131 istedi.<\/p>\n<p>2007\u2019den beri yap\u0131lan AB Meclisi se\u00e7imlerinde kat\u0131l\u0131m oran\u0131 % 30\u2019u a\u015fmad\u0131. Se\u00e7menin umudu s\u00f6nm\u00fc\u015f. AB se\u00e7imleri 27 \u00fclkede de ayn\u0131 usulle yap\u0131l\u0131yor. Baraj her yerde % 5.89. Bulgaristan\u2019\u0131n \u015fimdiye kadar Parlamenter grubu en kalabal\u0131k \u00fclkeler Almanya ve Fransa olmas\u0131 bekleniyor. Polonya \u00fc\u00e7\u00fcnc\u00fc g\u00fc\u00e7.<\/p>\n<p>Bulgar \u201cYurtsever Cephe\u201d ad\u0131 alt\u0131nda birle\u015fen a\u015f\u0131r\u0131 milliyet\u00e7iler se\u00e7ime ayr\u0131 ayr\u0131 girerse Br\u00fcksel\u2019e temsilci g\u00f6nderemeyecekler. Baraj alt\u0131nda kal\u0131yorlar. Herhangi bir ba\u011f\u0131ms\u0131z aday\u0131n 150 bin oy al\u0131p da ferdi kazanmas\u0131 da \u00e7ok zor. Se\u00e7men a\u015f\u0131r\u0131 milliyet\u00e7i VMRO Ba\u015fkan Yard\u0131mc\u0131s\u0131 Cambazki\u2019nin liste d\u0131\u015f\u0131 kalmas\u0131na seviniyor.<\/p><div id=\"bghab-2678919846\" class=\"bghab-icerik-icine bghab-entity-placement\"><script async src=\"\/\/pagead2.googlesyndication.com\/pagead\/js\/adsbygoogle.js?client=ca-pub-6203283170189293\" crossorigin=\"anonymous\"><\/script><ins class=\"adsbygoogle\" style=\"display:block; text-align:center;\" data-ad-client=\"ca-pub-6203283170189293\" \ndata-ad-slot=\"7303146466\" \ndata-ad-layout=\"in-article\"\ndata-ad-format=\"fluid\" data-full-width-responsive=\"true\"><\/ins>\n<script> \n(adsbygoogle = window.adsbygoogle || []).push({}); \n<\/script>\n<\/div>\n<p>Bulgaristan\u2019da siyasi partiler, daha do\u011frusu mecliste san dalyas\u0131, grubu olan partiler devlet beslemesidir. Her oy i\u00e7in 11 leva ceplerken banka hesaplar\u0131na milyonlar iniyor ve bu onlara se\u00e7meni sola veya sa\u011fa y\u00f6nlendirebilme olana\u011f\u0131 veriyor.<\/p>\n<p>Son anket sonu\u00e7lar\u0131na g\u00f6re Avrupa vatanda\u015f\u0131 Bulgarlar\u0131n GERB partisi ile PES \u00fcyesi Bulgaristan Sosyalist Partisi (BSP) alt\u0131\u015far milletvekili \u00e7\u0131kard\u0131\u011f\u0131nda, Hak ve \u00d6zg\u00fcrl\u00fckler Partisi (DPS) de Br\u00fcksel\u2019de yine 4 milletvekili taraf\u0131ndan temsil edilebilir.<\/p>\n<p>GERB ile BSP ge\u00e7en hafta yapt\u0131klar\u0131 kurultaylarda AB se\u00e7imleri programlar\u0131n\u0131 a\u00e7\u0131klad\u0131lar. GEERP partisi bir strateji \u00f6ne koymad\u0131. \u00dcyesi oldu\u011fu Avrupa Halk Partisi (AHP) program\u0131na ve dengelerine uygun hareket etmeye \u00f6ncelik veriyor. Genel gidi\u015fin d\u0131\u015f\u0131nda \u00fclkemizdeki sosyal, ekonomik, sa\u011fl\u0131k ve e\u011fitim sorunlar\u0131n\u0131 a\u015fmak i\u00e7in \u00f6zel programlar geli\u015ftirmiyor. Ge\u00e7en senenin b\u00fct\u00e7e fazlas\u0131ndan devlet memurlar\u0131n\u0131n maa\u015flar\u0131na y\u0131lba\u015f\u0131 bonosu olarak % 10 zam yap\u0131ld\u0131. Ocak ay\u0131nda meclis ABD\u2019den 8 adet F 16 u\u00e7a\u011f\u0131 al\u0131m\u0131na onay verdi ve g\u00f6r\u00fc\u015fme yolunu a\u00e7t\u0131 ve sanki \u00f6n\u00fcm\u00fczdeki aylar i\u00e7in durum s\u00fct liman.<\/p>\n<p>BSP kongresinde, parti y\u00f6netimi r\u00fc\u015fvetle, doland\u0131r\u0131c\u0131l\u0131kla yani iktidarla sanki i\u00e7 sava\u015f ba\u015flatt\u0131. Yeni at\u0131l\u0131m\u0131n lideri milletvekili Elena Yon\u00e7eva yeni lider ve Br\u00fcksel milletvekili olarak sivrildi. BSP, iktidar partisinin 10 y\u0131ldan beri Gayri Safi Milli Has\u0131lan\u0131n % 10\u2019unu Milli B\u00fct\u00e7eye aktarmad\u0131\u011f\u0131n\u0131, gerginlik ocaklar\u0131n\u0131 s\u00f6nd\u00fcrme i\u015finde kulland\u0131\u011f\u0131n\u0131 ortaya \u00e7\u0131kard\u0131. Bu defa, sa\u011fl\u0131k ve e\u011fitim reformu i\u00e7in kaynak g\u00f6sterebiliyor.\u00a0 \u0130ki partinin aras\u0131 tamamen a\u00e7\u0131lm\u0131\u015f durumda ve sald\u0131r\u0131lar \u015fiddetlendik\u00e7e \u015fiddetleniyor.\u00a0 Bir bu\u00e7uk milyon leva r\u00fc\u015fvet yuma\u011f\u0131na dolanan K\u00fclt\u00fcr Bakan\u0131 Boil Banev\u2019in de istifa yolunu se\u00e7ece\u011fi tahmin ediliyor.<\/p>\n<p>Hak ve \u00d6zg\u00fcrl\u00fckler Partisi (DPS) hen\u00fcz propaganda kampanyas\u0131na ba\u015flamad\u0131. Hedef a\u00e7\u0131klamad\u0131. Adaylar\u0131n\u0131 gizli tutuyor. Liberalizm kay\u0131\u011f\u0131na binmi\u015f, oltalar\u0131 batakl\u0131\u011fa salm\u0131\u015f bekliyor. Kurba\u011fa, yenge\u00e7, bal\u0131k, y\u0131lan hepsi k\u0131smetimize\u2026 Kaplumba\u011fa da olabilir. Son haberlere g\u00f6re, bizim batakl\u0131ktaki y\u0131lanlar yuvarlak g\u00f6zl\u00fc oldu\u011fu kesin tespit edilmi\u015f yani zehirsiz y\u0131lanm\u0131\u015flar. Bu bak\u0131ma GERB \u2013 BSP \u2013 H\u00d6H kavgalar\u0131nda y\u0131lan sokmas\u0131ndan kurban gidecek olmayacak\u2026 \u015eimdi art\u0131k AB pompalar\u0131yla suyu \u00e7ekip batakl\u0131\u011f\u0131 kurutmam\u0131z kald\u0131. Hedef bu da olabilir!<\/p><div id=\"bghab-3611448288\" class=\"bghab-icerik-icine-10-paragraf bghab-entity-placement\"><script async src=\"\/\/pagead2.googlesyndication.com\/pagead\/js\/adsbygoogle.js?client=ca-pub-6203283170189293\" crossorigin=\"anonymous\"><\/script><ins class=\"adsbygoogle\" style=\"display:block; text-align:center;\" data-ad-client=\"ca-pub-6203283170189293\" \ndata-ad-slot=\"7303146466\" \ndata-ad-layout=\"in-article\"\ndata-ad-format=\"fluid\" data-full-width-responsive=\"true\"><\/ins>\n<script> \n(adsbygoogle = window.adsbygoogle || []).push({}); \n<\/script>\n<\/div>\n<p>Bu se\u00e7imlerden hemen sonra, kurutulan batakl\u0131kta yap\u0131lacak erken genel se\u00e7imlerinde muhtemelen ama (%98 kesin) resmen a\u00e7\u0131kland\u0131. \u201cMediana\u201d ajans\u0131 taraf\u0131ndan yap\u0131lan ara\u015ft\u0131rmada Sosyalis Parti (BSP) GERB\u0130\u2019 sollad\u0131. Aradaki fark % 1,2 oran\u0131nda. BSP % 24,8, GERB ise % 23,6 oran\u0131nda oy elde edecek.\u00a0\u00a0 Dikkat \u00e7eken \u00e7ok ilgin\u00e7 bir e\u011filim belirdi. \u0130l ve il\u00e7e merkezlerinde iki parti e\u015fitle\u015fmi\u015f durumdad\u0131r. Anket 26 Ocak ile 1 \u015eubat aras\u0131nda yap\u0131lm\u0131\u015ft\u0131r. Siyasi durumun de\u011fi\u015fti\u011fine i\u015farettir. Ya\u015fam standard\u0131 alt\u0131nda olanlar, \u015fu a\u011f\u0131r k\u0131\u015f g\u00fcnlerinde \u201cYeter art\u0131k\u201d dedi.<\/p>\n<p>Bu anket, Ba\u015fbakan Boyko Borisov\u2019un K\u00fclt\u00fcr Saray\u0131 konu\u015fmas\u0131ndan, BSP partisi kurultay\u0131ndan ve Cumhurba\u015fkan\u0131 Rumen Radev\u2019in y\u0131lba\u015f\u0131ndan beri 2. Konu\u015fmas\u0131ndan ve K\u00fclt\u00fcr Bakan\u0131 B. Banev skandal\u0131n\u0131n patlak vermesinden sonra yap\u0131ld\u0131.<\/p>\n<p>Anket, n\u00fcfusun % 70\u2019inin \u015fehirlerde ya\u015fad\u0131\u011f\u0131 Bulgaristan\u2019da kentli vatanda\u015flar\u0131n tavr\u0131nda bir de\u011fi\u015fiklik, sola kaymay\u0131 g\u00fcn \u0131\u015f\u0131na \u00e7\u0131kard\u0131.<\/p>\n<p>\u201cMedya\u201dna ajans\u0131, se\u00e7imlere kat\u0131lma oran\u0131n\u0131n % 40\u2019ta kalaca\u011f\u0131na i\u015faret ediyor. Bu oran GERB, BSP ve H\u00d6H taban\u0131d\u0131r. Se\u00e7imde 2 slogan y\u00fckselecek:<\/p>\n<p>Birisi \u201cGERP partisine hak etti\u011fi cezay\u0131 verelim!\u201d<\/p><div id=\"bghab-3403312412\" class=\"bghab-icerik-icine-15-paragraf bghab-entity-placement\"><script async src=\"\/\/pagead2.googlesyndication.com\/pagead\/js\/adsbygoogle.js?client=ca-pub-6203283170189293\" crossorigin=\"anonymous\"><\/script><ins class=\"adsbygoogle\" style=\"display:block; text-align:center;\" data-ad-client=\"ca-pub-6203283170189293\" \ndata-ad-slot=\"7303146466\" \ndata-ad-layout=\"in-article\"\ndata-ad-format=\"fluid\" data-full-width-responsive=\"true\"><\/ins>\n<script> \n(adsbygoogle = window.adsbygoogle || []).push({}); \n<\/script>\n<\/div>\n<p>\u0130kincisi de \u201cKom\u00fcnistleri cezaland\u0131ral\u0131m!\u201d<\/p>\n<p>Bulgaristan\u2019da bu y\u0131l art arda bir\u00e7ok se\u00e7im yap\u0131lacak. May\u0131sta AB ola\u011fan se\u00e7imleri, Kas\u0131mda yerel se\u00e7imler, ikisinin aras\u0131nda Ba\u015fsavc\u0131 se\u00e7imleri ve muhtemelen erken genel se\u00e7imler. Bu se\u00e7imler aras\u0131nda ve i\u00e7inde bir geli\u015fme daha g\u00f6ze \u00e7arp\u0131yor. Halen GERP ve BSP aras\u0131nda yeni bir parti kurulmas\u0131, se\u00e7ime kat\u0131lmas\u0131 ve BSP\u2019yi iktidara ta\u015f\u0131yacak kadar oy toplamas\u0131 hesaplar\u0131 yap\u0131l\u0131yor. Fakat meclis yaln\u0131z 3 parti girdi\u011finde kantar\u0131n topuzu yine biz olaca\u011f\u0131z.<\/p>\n<p>Bizi izleyin ve son geli\u015fmeleri zaman\u0131nda \u00f6\u011frenin.<\/p>\n<p>Payla\u015f\u0131n\u0131z l\u00fctfen.<\/p>\n<div id=\"bghab-2398846005\" class=\"bghab-yazi-altinda bghab-entity-placement\"><div class=\"bghab-adlabel\">Reklamlar<\/div><script async src=\"https:\/\/pagead2.googlesyndication.com\/pagead\/js\/adsbygoogle.js\"><\/script>\r\n<!-- bghaber-yaz\u0131-sonu -->\r\n<ins class=\"adsbygoogle\"\r\n     style=\"display:block\"\r\n     data-ad-client=\"ca-pub-6203283170189293\"\r\n     data-ad-slot=\"4222328180\"\r\n     data-ad-format=\"auto\"\r\n     data-full-width-responsive=\"true\"><\/ins>\r\n<script>\r\n     (adsbygoogle = window.adsbygoogle || []).push({});\r\n<\/script><\/div><br style=\"clear: both; display: block; float: none;\"\/>","protected":false},"excerpt":{"rendered":"<p>Tarih: 04 \u015eubat 2019 Yazan: Nedim AKIN Konu:\u00a0\u00a0 Se\u00e7im yakla\u015ft\u0131k\u00e7a dengeler de\u011fi\u015fiyor.\u00a0\u00a0\u00a0\u00a0\u00a0\u00a0\u00a0\u00a0\u00a0\u00a0\u00a0\u00a0\u00a0\u00a0\u00a0\u00a0\u00a0\u00a0 \u00a0\u00a0 G\u00f6zler 26 May\u0131sa odakland\u0131. Avrupa Birli\u011fi parlamentosuna milletvekili se\u00e7ece\u011fiz. Bu defa da<\/p>\n","protected":false},"author":13,"featured_media":24412,"comment_status":"closed","ping_status":"closed","sticky":false,"template":"","format":"standard","meta":{"advanced_seo_description":"","jetpack_seo_html_title":"","jetpack_seo_noindex":false,"_jetpack_memberships_contains_paid_content":false,"footnotes":""},"categories":[6],"tags":[],"class_list":["post-34071","post","type-post","status-publish","format-standard","has-post-thumbnail","hentry","category-yorum"],"jetpack_featured_media_url":"https:\/\/i0.wp.com\/www.bghaber.org\/bghaber\/wp-content\/uploads\/2017\/10\/nedim-ak%C4%B1n1.jpg?fit=185%2C350&ssl=1","jetpack_sharing_enabled":true,"jetpack_likes_enabled":true,"jetpack-related-posts":[],"jetpack_shortlink":"https:\/\/wp.me\/pc2PfJ-8Rx","_links":{"self":[{"href":"https:\/\/www.bghaber.org\/bghaber\/wp-json\/wp\/v2\/posts\/34071","targetHints":{"allow":["GET"]}}],"collection":[{"href":"https:\/\/www.bghaber.org\/bghaber\/wp-json\/wp\/v2\/posts"}],"about":[{"href":"https:\/\/www.bghaber.org\/bghaber\/wp-json\/wp\/v2\/types\/post"}],"author":[{"embeddable":true,"href":"https:\/\/www.bghaber.org\/bghaber\/wp-json\/wp\/v2\/users\/13"}],"replies":[{"embeddable":true,"href":"https:\/\/www.bghaber.org\/bghaber\/wp-json\/wp\/v2\/comments?post=34071"}],"version-history":[{"count":0,"href":"https:\/\/www.bghaber.org\/bghaber\/wp-json\/wp\/v2\/posts\/34071\/revisions"}],"wp:featuredmedia":[{"embeddable":true,"href":"https:\/\/www.bghaber.org\/bghaber\/wp-json\/wp\/v2\/media\/24412"}],"wp:attachment":[{"href":"https:\/\/www.bghaber.org\/bghaber\/wp-json\/wp\/v2\/media?parent=34071"}],"wp:term":[{"taxonomy":"category","embeddable":true,"href":"https:\/\/www.bghaber.org\/bghaber\/wp-json\/wp\/v2\/categories?post=34071"},{"taxonomy":"post_tag","embeddable":true,"href":"https:\/\/www.bghaber.org\/bghaber\/wp-json\/wp\/v2\/tags?post=34071"}],"curies":[{"name":"wp","href":"https:\/\/api.w.org\/{rel}","templated":true}]}}