{"id":34062,"date":"2019-02-04T21:48:21","date_gmt":"2019-02-04T18:48:21","guid":{"rendered":"https:\/\/www.bghaber.org\/bghaber\/?p=34062"},"modified":"2019-02-04T23:50:15","modified_gmt":"2019-02-04T20:50:15","slug":"bulgarlar-neden-azaldi","status":"publish","type":"post","link":"https:\/\/www.bghaber.org\/bghaber\/bulgarlar-neden-azaldi\/","title":{"rendered":"Bulgarlar neden azald\u0131?"},"content":{"rendered":"<p>Bulgar kad\u0131nlar, \u00fclkelerinden Edirne&#8217;ye al\u0131\u015fveri\u015f amac\u0131yla geli\u015flerin azalmas\u0131na son g\u00fcnlerdeki grip salg\u0131n\u0131n\u0131n neden oldu\u011fu \u015feklindeki s\u00f6ylemlerin aksine, \u201cPani\u011fe gerek yok. Fiyatlar dengelendi. Medya panik yap\u0131yor&#8221; \u015feklinde g\u00f6r\u00fc\u015f bildirdi\u2026<\/p>\n<p>Sevcan KALIP\u00c7\u0130NDEN ELMACI<\/p>\n<p>Yunan ve Bulgar turistlerin Edirne&#8217;ye geli\u015fleri azal\u0131rken, kom\u015fu kad\u0131nlar pazar takibini b\u0131rakmad\u0131. Bulgar kad\u0131nlar, &#8220;Pani\u011fe gerek yok. Fiyatlar dengelendi. Medya panik yap\u0131yor&#8221; diyerek, geli\u015flerin azalmas\u0131na grip salg\u0131n\u0131n\u0131n neden oldu\u011fu s\u00f6ylemlerini de yalanlad\u0131.<\/p>\n<p>Dolar ve Euro&#8217;nun tavan yapt\u0131\u011f\u0131 d\u00f6nemde adeta Edirne&#8217;ye ak\u0131n eden Bulgar ve Yunan vatanda\u015flar\u0131n son d\u00f6nemde kente geli\u015flerinde d\u00fc\u015f\u00fc\u015f ya\u015fan\u0131yor. Kom\u015fudan ziyaretin azalmas\u0131 esnaf\u0131n da i\u015flerine olumsuz yans\u0131d\u0131. Dolar ve Euro&#8217;daki gerilemenin etken oldu\u011funu d\u00fc\u015f\u00fcnen esnaf, &#8220;Bilindi\u011fi gibi Dolar ve Euro bir ara u\u00e7mu\u015ftu. O d\u00f6nem haftan\u0131n her g\u00fcn\u00fc sabahtan Bulgar ve Yunan m\u00fc\u015fterimiz \u00e7oktu. Son d\u00f6nemde dura\u011fanl\u0131k ya\u015fan\u0131yor. Kimi grip salg\u0131n\u0131 var diyor, kimi gidi\u015f geli\u015flere k\u0131s\u0131tlama getirildi diyor. Ancak Dolar ve Euro&#8217;daki y\u00fckselme durdu ve fiyatlar dengelendi ondan pek gelmiyorlar diye d\u00fc\u015f\u00fcn\u00fcyoruz&#8221; \u015feklinde g\u00f6r\u00fc\u015flerini payla\u015ft\u0131.<\/p>\n<p>Bulgaristan Svilengrad&#8217;ta mas\u00f6r olarak \u00e7al\u0131\u015fan Radka Chavdarova ve Sofya&#8217;da ya\u015fayan ev han\u0131m\u0131 Reni Vasileva adl\u0131 Bulgar kad\u0131nlar, lezzetli ve sa\u011fl\u0131kl\u0131 buldu\u011fu yemeklerinden yemeden ayr\u0131lmad\u0131klar\u0131 Tad\u0131m Lokantas\u0131&#8217;nda, Edirne&#8217;ye geli\u015flerin azalmas\u0131na fiyatlar\u0131n dengelenmesinin etken oldu\u011funu s\u00f6yledi.<\/p><div id=\"bghab-2093243969\" class=\"bghab-icerik-icine bghab-entity-placement\"><script async src=\"\/\/pagead2.googlesyndication.com\/pagead\/js\/adsbygoogle.js?client=ca-pub-6203283170189293\" crossorigin=\"anonymous\"><\/script><ins class=\"adsbygoogle\" style=\"display:block; text-align:center;\" data-ad-client=\"ca-pub-6203283170189293\" \ndata-ad-slot=\"7303146466\" \ndata-ad-layout=\"in-article\"\ndata-ad-format=\"fluid\" data-full-width-responsive=\"true\"><\/ins>\n<script> \n(adsbygoogle = window.adsbygoogle || []).push({}); \n<\/script>\n<\/div>\n<p>&#8220;F\u0130YATLAR DENGELEND\u0130&#8221;<\/p>\n<p>15 y\u0131l \u00f6nce geldi\u011fi Edirne&#8217;de 2 y\u0131l s\u00fcreyle \u00e7al\u0131\u015ft\u0131\u011f\u0131n\u0131, Edirne&#8217;yi \u00e7ok sevdi\u011fini belirten Chavdarova, &#8220;Biz hemen hemen her Cuma Edirne&#8217;deyiz. &#8216;Grip salg\u0131n\u0131 varm\u0131\u015f. Ondan m\u0131 gelenler azald\u0131?&#8217; diye soruluyor. Ama bunun griple falan ilgisi yok. Her yerde oldu\u011fu gibi bizim \u00fclkemizde de grip olan var. Bu mevsimde ola\u011fan bir \u015fey. S\u00f6ylendi\u011fi gibi salg\u0131n falan yok. Edirne&#8217;de fiyatlar\u0131 ekonomik buluyoruz.<\/p>\n<p>&#8220;BULGAR KADINLAR PAZARLARI TAK\u0130P ED\u0130YOR&#8221;<\/p>\n<p>Bulgar han\u0131mlar pazarlar\u0131 yak\u0131ndan takip ediyor. Cuma, \u00c7ar\u015famba, Pazartesi g\u00fcnleri pazara gelmeyi tercih ediyor. Zaten Dolar ve Euro&#8217;da y\u00fckseli\u015f durdu, fiyatlar dengelendi. Edirne&#8217;ye her geli\u015fimizde Tad\u0131m Lokantas\u0131&#8217;nda da yeme\u011fimizi yiyoruz. Yemekleri \u00e7ok lezzetli, g\u00fcvenilir ve sa\u011fl\u0131kl\u0131&#8221; diye konu\u015ftu.<br \/>\nVasileva da,&#8221;Medya panik yap\u0131yor. S\u00f6ylendi\u011fi ya da d\u00fc\u015f\u00fcn\u00fcld\u00fc\u011f\u00fc gibi salg\u0131n yok. Pani\u011fe de gerek yok&#8221; diye konu\u015ftu ve Edirne&#8217;nin ev yemeklerinin \u00e7ok lezzetli oldu\u011funu s\u00f6yledi.<\/p>\n<p>&nbsp;<\/p><div id=\"bghab-3024576504\" class=\"bghab-icerik-icine-10-paragraf bghab-entity-placement\"><script async src=\"\/\/pagead2.googlesyndication.com\/pagead\/js\/adsbygoogle.js?client=ca-pub-6203283170189293\" crossorigin=\"anonymous\"><\/script><ins class=\"adsbygoogle\" style=\"display:block; text-align:center;\" data-ad-client=\"ca-pub-6203283170189293\" \ndata-ad-slot=\"7303146466\" \ndata-ad-layout=\"in-article\"\ndata-ad-format=\"fluid\" data-full-width-responsive=\"true\"><\/ins>\n<script> \n(adsbygoogle = window.adsbygoogle || []).push({}); \n<\/script>\n<\/div>\n<p>Hudut Gazetesi<\/p>\n<div id=\"bghab-4013498456\" class=\"bghab-yazi-altinda bghab-entity-placement\"><div class=\"bghab-adlabel\">Reklamlar<\/div><script async src=\"https:\/\/pagead2.googlesyndication.com\/pagead\/js\/adsbygoogle.js\"><\/script>\r\n<!-- bghaber-yaz\u0131-sonu -->\r\n<ins class=\"adsbygoogle\"\r\n     style=\"display:block\"\r\n     data-ad-client=\"ca-pub-6203283170189293\"\r\n     data-ad-slot=\"4222328180\"\r\n     data-ad-format=\"auto\"\r\n     data-full-width-responsive=\"true\"><\/ins>\r\n<script>\r\n     (adsbygoogle = window.adsbygoogle || []).push({});\r\n<\/script><\/div><br style=\"clear: both; display: block; float: none;\"\/>","protected":false},"excerpt":{"rendered":"<p>Bulgar kad\u0131nlar, \u00fclkelerinden Edirne&#8217;ye al\u0131\u015fveri\u015f amac\u0131yla geli\u015flerin azalmas\u0131na son g\u00fcnlerdeki grip salg\u0131n\u0131n\u0131n neden oldu\u011fu \u015feklindeki s\u00f6ylemlerin aksine, \u201cPani\u011fe gerek yok. Fiyatlar dengelendi. Medya panik yap\u0131yor&#8221;<\/p>\n","protected":false},"author":13,"featured_media":34063,"comment_status":"closed","ping_status":"closed","sticky":false,"template":"","format":"standard","meta":{"advanced_seo_description":"","jetpack_seo_html_title":"","jetpack_seo_noindex":false,"_jetpack_memberships_contains_paid_content":false,"footnotes":""},"categories":[9],"tags":[],"class_list":["post-34062","post","type-post","status-publish","format-standard","has-post-thumbnail","hentry","category-ekonomi"],"jetpack_featured_media_url":"https:\/\/i0.wp.com\/www.bghaber.org\/bghaber\/wp-content\/uploads\/2019\/02\/bg-gez.jpg?fit=509%2C423&ssl=1","jetpack_sharing_enabled":true,"jetpack_likes_enabled":true,"jetpack-related-posts":[],"jetpack_shortlink":"https:\/\/wp.me\/pc2PfJ-8Ro","_links":{"self":[{"href":"https:\/\/www.bghaber.org\/bghaber\/wp-json\/wp\/v2\/posts\/34062","targetHints":{"allow":["GET"]}}],"collection":[{"href":"https:\/\/www.bghaber.org\/bghaber\/wp-json\/wp\/v2\/posts"}],"about":[{"href":"https:\/\/www.bghaber.org\/bghaber\/wp-json\/wp\/v2\/types\/post"}],"author":[{"embeddable":true,"href":"https:\/\/www.bghaber.org\/bghaber\/wp-json\/wp\/v2\/users\/13"}],"replies":[{"embeddable":true,"href":"https:\/\/www.bghaber.org\/bghaber\/wp-json\/wp\/v2\/comments?post=34062"}],"version-history":[{"count":0,"href":"https:\/\/www.bghaber.org\/bghaber\/wp-json\/wp\/v2\/posts\/34062\/revisions"}],"wp:featuredmedia":[{"embeddable":true,"href":"https:\/\/www.bghaber.org\/bghaber\/wp-json\/wp\/v2\/media\/34063"}],"wp:attachment":[{"href":"https:\/\/www.bghaber.org\/bghaber\/wp-json\/wp\/v2\/media?parent=34062"}],"wp:term":[{"taxonomy":"category","embeddable":true,"href":"https:\/\/www.bghaber.org\/bghaber\/wp-json\/wp\/v2\/categories?post=34062"},{"taxonomy":"post_tag","embeddable":true,"href":"https:\/\/www.bghaber.org\/bghaber\/wp-json\/wp\/v2\/tags?post=34062"}],"curies":[{"name":"wp","href":"https:\/\/api.w.org\/{rel}","templated":true}]}}