{"id":34055,"date":"2019-02-04T03:00:57","date_gmt":"2019-02-04T00:00:57","guid":{"rendered":"https:\/\/www.bghaber.org\/bghaber\/?p=34055"},"modified":"2019-06-25T23:25:38","modified_gmt":"2019-06-25T20:25:38","slug":"bulgaristanda-endustriyel-saraptan-cok-ev-yapimi-sarap-iciliyor","status":"publish","type":"post","link":"https:\/\/www.bghaber.org\/bghaber\/bulgaristanda-endustriyel-saraptan-cok-ev-yapimi-sarap-iciliyor\/","title":{"rendered":"Bulgaristan&#8217;da end\u00fcstriyel \u015faraptan \u00e7ok ev yap\u0131m\u0131 \u015farap i\u00e7iliyor"},"content":{"rendered":"<p>Ulusal \u0130statistik Kurumu, yakla\u015fmakta olan \u015farap\u00e7\u0131lar ve ba\u011fc\u0131lar bayram\u0131 vesilesiyle, Bulgaristan vatanda\u015flar\u0131n\u0131n y\u0131lda ortalama 4,3 litre \u015farap i\u00e7ti\u011fini, ancak sat\u0131n ald\u0131klar\u0131\u00a0 \u015farap miktar\u0131n\u0131n 2,2 litre oldu\u011funu bildirdi.<\/p>\n<p>Aradaki fark, b\u00fcy\u00fck miktarda ev \u00fcretiminden kaynaklanmaktad\u0131r. 2017 y\u0131l\u0131nda, Bulgaristan&#8217;daki 210 i\u015fletmede 138 milyon litre \u00fcz\u00fcm \u015farab\u0131 \u00fcretildi.<\/p>\n<p>Ancak son y\u0131llarda beyaz ve k\u0131rm\u0131z\u0131 \u015farap ihracat\u0131, 2008 y\u0131l\u0131nda 232 milyon litreden, 2017 y\u0131l\u0131nda 100 milyon litreye d\u00fc\u015ft\u00fc.<\/p>\n<p>\u015earaplar\u0131n \u00e7o\u011fu Rusya, Polonya ve B\u00fcy\u00fck Britanya\u2019ya ihra\u00e7 ediliyor. Ayn\u0131 d\u00f6nemde, ithalat 2008 y\u0131l\u0131nda 29 milyon litreden 9 y\u0131l sonra 45 milyon litreye y\u00fckseldi. Bulgaristan\u2019a \u015farap esasen \u0130talya, Fransa ve Makedonya&#8217;dan ithal edilmektedir.<\/p>\n<p>&nbsp;<\/p><div id=\"bghab-1700569325\" class=\"bghab-icerik-icine bghab-entity-placement\"><script async src=\"\/\/pagead2.googlesyndication.com\/pagead\/js\/adsbygoogle.js?client=ca-pub-6203283170189293\" crossorigin=\"anonymous\"><\/script><ins class=\"adsbygoogle\" style=\"display:block; text-align:center;\" data-ad-client=\"ca-pub-6203283170189293\" \ndata-ad-slot=\"7303146466\" \ndata-ad-layout=\"in-article\"\ndata-ad-format=\"fluid\" data-full-width-responsive=\"true\"><\/ins>\n<script> \n(adsbygoogle = window.adsbygoogle || []).push({}); \n<\/script>\n<\/div>\n<p>BNR<\/p>\n<div id=\"bghab-3925001955\" class=\"bghab-yazi-altinda bghab-entity-placement\"><div class=\"bghab-adlabel\">Reklamlar<\/div><script async src=\"https:\/\/pagead2.googlesyndication.com\/pagead\/js\/adsbygoogle.js\"><\/script>\r\n<!-- bghaber-yaz\u0131-sonu -->\r\n<ins class=\"adsbygoogle\"\r\n     style=\"display:block\"\r\n     data-ad-client=\"ca-pub-6203283170189293\"\r\n     data-ad-slot=\"4222328180\"\r\n     data-ad-format=\"auto\"\r\n     data-full-width-responsive=\"true\"><\/ins>\r\n<script>\r\n     (adsbygoogle = window.adsbygoogle || []).push({});\r\n<\/script><\/div><br style=\"clear: both; display: block; float: none;\"\/>","protected":false},"excerpt":{"rendered":"<p>Ulusal \u0130statistik Kurumu, yakla\u015fmakta olan \u015farap\u00e7\u0131lar ve ba\u011fc\u0131lar bayram\u0131 vesilesiyle, Bulgaristan vatanda\u015flar\u0131n\u0131n y\u0131lda ortalama 4,3 litre \u015farap i\u00e7ti\u011fini, ancak sat\u0131n ald\u0131klar\u0131\u00a0 \u015farap miktar\u0131n\u0131n 2,2 litre<\/p>\n","protected":false},"author":29,"featured_media":17072,"comment_status":"closed","ping_status":"closed","sticky":false,"template":"","format":"standard","meta":{"advanced_seo_description":"","jetpack_seo_html_title":"","jetpack_seo_noindex":false,"_jetpack_memberships_contains_paid_content":false,"footnotes":""},"categories":[5],"tags":[],"class_list":["post-34055","post","type-post","status-publish","format-standard","has-post-thumbnail","hentry","category-yasam"],"jetpack_featured_media_url":"https:\/\/i0.wp.com\/www.bghaber.org\/bghaber\/wp-content\/uploads\/2015\/11\/sarap.jpg?fit=610%2C343&ssl=1","jetpack_sharing_enabled":true,"jetpack_likes_enabled":true,"jetpack-related-posts":[],"jetpack_shortlink":"https:\/\/wp.me\/pc2PfJ-8Rh","_links":{"self":[{"href":"https:\/\/www.bghaber.org\/bghaber\/wp-json\/wp\/v2\/posts\/34055","targetHints":{"allow":["GET"]}}],"collection":[{"href":"https:\/\/www.bghaber.org\/bghaber\/wp-json\/wp\/v2\/posts"}],"about":[{"href":"https:\/\/www.bghaber.org\/bghaber\/wp-json\/wp\/v2\/types\/post"}],"author":[{"embeddable":true,"href":"https:\/\/www.bghaber.org\/bghaber\/wp-json\/wp\/v2\/users\/29"}],"replies":[{"embeddable":true,"href":"https:\/\/www.bghaber.org\/bghaber\/wp-json\/wp\/v2\/comments?post=34055"}],"version-history":[{"count":0,"href":"https:\/\/www.bghaber.org\/bghaber\/wp-json\/wp\/v2\/posts\/34055\/revisions"}],"wp:featuredmedia":[{"embeddable":true,"href":"https:\/\/www.bghaber.org\/bghaber\/wp-json\/wp\/v2\/media\/17072"}],"wp:attachment":[{"href":"https:\/\/www.bghaber.org\/bghaber\/wp-json\/wp\/v2\/media?parent=34055"}],"wp:term":[{"taxonomy":"category","embeddable":true,"href":"https:\/\/www.bghaber.org\/bghaber\/wp-json\/wp\/v2\/categories?post=34055"},{"taxonomy":"post_tag","embeddable":true,"href":"https:\/\/www.bghaber.org\/bghaber\/wp-json\/wp\/v2\/tags?post=34055"}],"curies":[{"name":"wp","href":"https:\/\/api.w.org\/{rel}","templated":true}]}}