{"id":34052,"date":"2019-02-04T05:22:09","date_gmt":"2019-02-04T02:22:09","guid":{"rendered":"https:\/\/www.bghaber.org\/bghaber\/?p=34052"},"modified":"2019-06-25T23:25:38","modified_gmt":"2019-06-25T20:25:38","slug":"bulgaristan-uluslararasi-istanbul-emitt-fuarina-katiliyor","status":"publish","type":"post","link":"https:\/\/www.bghaber.org\/bghaber\/bulgaristan-uluslararasi-istanbul-emitt-fuarina-katiliyor\/","title":{"rendered":"Bulgaristan Uluslararas\u0131 \u0130stanbul EM\u0130TT Fuar\u0131na kat\u0131l\u0131yor"},"content":{"rendered":"<div class=\"main_photo\">\n<div class=\"photo_info\">\n<div class=\"source\">Bulgaristan Turizm Bakanl\u0131\u011f\u0131 Do\u011fu Akdeniz\u2019in en b\u00fcy\u00fck turizm fuar\u0131 olan Uluslararasi \u0130stanbul EM\u0130TT Fuar alan\u0131na kendi tan\u0131t\u0131m stand\u0131n\u0131 kurdu. \u0130stanbul T\u00dcYAP\u2019taki fuar alan\u0131nda Avrupa, Asya, Latin Amerika ve Afrika\u2019dan da olmak \u00fczere 70 \u00fclke turizmini tan\u0131tma f\u0131rsat\u0131 buluyor.<\/div>\n<div><\/div>\n<div class=\"source\">Geleneksel olarak bu fuara her y\u0131l kat\u0131lan Bulgaristan kurmu\u015f oldu\u011fu g\u00fczel stand\u0131nda deniz, da\u011f, SPA ve di\u011fer turizm imkanlar\u0131 hakk\u0131nda ziyaret\u00e7ileri bilgilendiriyor. Burgas, Varna ve Bansko\u2019nun tan\u0131t\u0131m\u0131na bu y\u0131lki fuarda \u00f6zel yer ayr\u0131ld\u0131. Ge\u00e7en y\u0131lki EM\u0130TT Fuar\u0131 turizm sekt\u00f6r\u00fcnden 55 bin ki\u015fi ve s\u0131radan ziyaret\u00e7i olarak 150 bin ki\u015fi taraf\u0131ndan g\u00f6r\u00fcld\u00fc.<\/div>\n<\/div>\n<\/div>\n<p>&nbsp;<\/p>\n<p>BNR<\/p>\n<div id=\"bghab-1713297047\" class=\"bghab-yazi-altinda bghab-entity-placement\"><div class=\"bghab-adlabel\">Reklamlar<\/div><script async src=\"https:\/\/pagead2.googlesyndication.com\/pagead\/js\/adsbygoogle.js\"><\/script>\r\n<!-- bghaber-yaz\u0131-sonu -->\r\n<ins class=\"adsbygoogle\"\r\n     style=\"display:block\"\r\n     data-ad-client=\"ca-pub-6203283170189293\"\r\n     data-ad-slot=\"4222328180\"\r\n     data-ad-format=\"auto\"\r\n     data-full-width-responsive=\"true\"><\/ins>\r\n<script>\r\n     (adsbygoogle = window.adsbygoogle || []).push({});\r\n<\/script><\/div><br style=\"clear: both; display: block; float: none;\"\/>","protected":false},"excerpt":{"rendered":"<p>Bulgaristan Turizm Bakanl\u0131\u011f\u0131 Do\u011fu Akdeniz\u2019in en b\u00fcy\u00fck turizm fuar\u0131 olan Uluslararasi \u0130stanbul EM\u0130TT Fuar alan\u0131na kendi tan\u0131t\u0131m stand\u0131n\u0131 kurdu. \u0130stanbul T\u00dcYAP\u2019taki fuar alan\u0131nda Avrupa, Asya,<\/p>\n","protected":false},"author":29,"featured_media":34053,"comment_status":"closed","ping_status":"closed","sticky":false,"template":"","format":"standard","meta":{"advanced_seo_description":"","jetpack_seo_html_title":"","jetpack_seo_noindex":false,"_jetpack_memberships_contains_paid_content":false,"footnotes":""},"categories":[1,10],"tags":[],"class_list":["post-34052","post","type-post","status-publish","format-standard","has-post-thumbnail","hentry","category-haberler","category-kultur-sanat"],"jetpack_featured_media_url":"https:\/\/i0.wp.com\/www.bghaber.org\/bghaber\/wp-content\/uploads\/2019\/02\/bulgaristan-emitt-fuarina-katiliyor.jpg?fit=925%2C520&ssl=1","jetpack_sharing_enabled":true,"jetpack_likes_enabled":true,"jetpack-related-posts":[],"jetpack_shortlink":"https:\/\/wp.me\/pc2PfJ-8Re","_links":{"self":[{"href":"https:\/\/www.bghaber.org\/bghaber\/wp-json\/wp\/v2\/posts\/34052","targetHints":{"allow":["GET"]}}],"collection":[{"href":"https:\/\/www.bghaber.org\/bghaber\/wp-json\/wp\/v2\/posts"}],"about":[{"href":"https:\/\/www.bghaber.org\/bghaber\/wp-json\/wp\/v2\/types\/post"}],"author":[{"embeddable":true,"href":"https:\/\/www.bghaber.org\/bghaber\/wp-json\/wp\/v2\/users\/29"}],"replies":[{"embeddable":true,"href":"https:\/\/www.bghaber.org\/bghaber\/wp-json\/wp\/v2\/comments?post=34052"}],"version-history":[{"count":0,"href":"https:\/\/www.bghaber.org\/bghaber\/wp-json\/wp\/v2\/posts\/34052\/revisions"}],"wp:featuredmedia":[{"embeddable":true,"href":"https:\/\/www.bghaber.org\/bghaber\/wp-json\/wp\/v2\/media\/34053"}],"wp:attachment":[{"href":"https:\/\/www.bghaber.org\/bghaber\/wp-json\/wp\/v2\/media?parent=34052"}],"wp:term":[{"taxonomy":"category","embeddable":true,"href":"https:\/\/www.bghaber.org\/bghaber\/wp-json\/wp\/v2\/categories?post=34052"},{"taxonomy":"post_tag","embeddable":true,"href":"https:\/\/www.bghaber.org\/bghaber\/wp-json\/wp\/v2\/tags?post=34052"}],"curies":[{"name":"wp","href":"https:\/\/api.w.org\/{rel}","templated":true}]}}