{"id":34047,"date":"2019-02-04T14:00:17","date_gmt":"2019-02-04T11:00:17","guid":{"rendered":"https:\/\/www.bghaber.org\/bghaber\/?p=34047"},"modified":"2019-06-25T23:25:37","modified_gmt":"2019-06-25T20:25:37","slug":"bulgaristandaki-osmanli-mirasindan-imdat-cagrisi","status":"publish","type":"post","link":"https:\/\/www.bghaber.org\/bghaber\/bulgaristandaki-osmanli-mirasindan-imdat-cagrisi\/","title":{"rendered":"Bulgaristan\u2019daki Osmanl\u0131 miras\u0131ndan \u201cimdat\u201d \u00e7a\u011fr\u0131s\u0131"},"content":{"rendered":"<p>Bulgaristan\u2019\u0131n g\u00fcneydo\u011fusundaki Filibe \u015fehrindeki Osmanl\u0131 d\u00f6neminden kalan, bug\u00fcn harabeye d\u00f6nm\u00fc\u015f tarihi ve k\u00fclt\u00fcrel eserler, adeta \u201cimdat\u201d \u00e7a\u011fr\u0131s\u0131nda bulunuyor.\u00a0 Osmanl\u0131 Devleti\u2019nden 1878\u2019de ba\u011f\u0131ms\u0131zl\u0131\u011f\u0131n\u0131 kazanan Bulgaristan\u2019da, Filibe\u2019de kalan 53 cami ve 42 hamam\u0131n b\u00fcy\u00fck b\u00f6l\u00fcm\u00fc zamana yenik d\u00fc\u015ferken, h\u00e2l\u00e2 ayakta kalan eserler ise acil restorasyon ve onar\u0131ma ihtiya\u00e7 duyuyor.<\/p>\n<p>\u0130\u00e7inde bar bulunan Ta\u015fk\u00f6pr\u00fc Camii, kabirlerin neredeyse tamam\u0131n\u0131n yok oldu\u011fu M\u00fcsl\u00fcman mezarl\u0131\u011f\u0131 ve kundaklanarak harabeye d\u00f6nen Orta Mezar Hamam\u0131 iadeiitibar bekliyor.\u00a0 Kentte Osmanl\u0131 miras\u0131 konusunda AA muhabirine a\u00e7\u0131klamalarda bulunan Filibe M\u00fcsl\u00fcmanlar\u0131 Enc\u00fcmen Ba\u015fkan\u0131 Ahmet Pehlivan, Osmanl\u0131 d\u00f6neminden kalan tarihi ve k\u00fclt\u00fcrel miras\u0131 yeniden canland\u0131rmak istediklerini s\u00f6yledi.<\/p>\n<p><strong>Y\u00fczy\u0131ldan kalma cam\u0130\u0130\u00e7k\u0130l\u0130 lokantaya d\u00f6n\u00fc\u015ft\u00fcr\u00fclm\u00fc\u015f<\/strong><\/p>\n<p>Kent merkezinde bulunan, 1928\u2019deki 6,8 b\u00fcy\u00fckl\u00fc\u011f\u00fcndeki depremde minaresi y\u0131k\u0131lan Ta\u015fk\u00f6pr\u00fc Camii, Filibe\u2019deki boynu b\u00fck\u00fck Osmanl\u0131 miras\u0131 aras\u0131nda en \u00e7ok y\u00fcrek burkan\u0131. 16. y\u00fczy\u0131lda yap\u0131lan caminin minaresini onarmak i\u00e7in cami arazisinin bir b\u00f6l\u00fcm\u00fc sat\u0131lsa da yeterli para toplanamad\u0131\u011f\u0131 i\u00e7in tadilat\u0131 bir t\u00fcrl\u00fc yap\u0131lamam\u0131\u015f. \u00dclkede 1944-1989 aras\u0131nda y\u00f6netimde olan kom\u00fcnist rejimin bu d\u00f6nemde ibadete kapal\u0131 tuttu\u011fu cami, daha sonraki d\u00f6nemde \u00f6zelle\u015ftirilerek, i\u00e7kili lokantaya d\u00f6n\u00fc\u015ft\u00fcrm\u00fc\u015f.<\/p>\n<p>&nbsp;<\/p><div id=\"bghab-692388878\" class=\"bghab-icerik-icine bghab-entity-placement\"><script async src=\"\/\/pagead2.googlesyndication.com\/pagead\/js\/adsbygoogle.js?client=ca-pub-6203283170189293\" crossorigin=\"anonymous\"><\/script><ins class=\"adsbygoogle\" style=\"display:block; text-align:center;\" data-ad-client=\"ca-pub-6203283170189293\" \ndata-ad-slot=\"7303146466\" \ndata-ad-layout=\"in-article\"\ndata-ad-format=\"fluid\" data-full-width-responsive=\"true\"><\/ins>\n<script> \n(adsbygoogle = window.adsbygoogle || []).push({}); \n<\/script>\n<\/div>\n<p><strong>\u201cT\u00fcrkiye\u2019den destek bekliyoruz\u201d<\/strong><\/p>\n<p>Pehlivan, \u201ce\u015fsiz g\u00fczellikte\u201d olarak niteledi\u011fi caminin acilen onar\u0131lmas\u0131 ve bar k\u0131sm\u0131n\u0131n d\u0131\u015far\u0131 \u00e7\u0131kart\u0131lmas\u0131 gerekti\u011fini belirterek \u015funlar\u0131 s\u00f6yledi: \u201cCamide bir zamanlar alkol sat\u0131l\u0131yor olmas\u0131, M\u00fcsl\u00fcman olarak bizleri \u00e7ok \u00fczm\u00fc\u015ft\u00fcr. Caminin i\u00e7inde hala bir bar bulunuyor. Restorasyon uzmanlar\u0131n\u0131n da yard\u0131m\u0131yla bunu bir an \u00f6nce d\u0131\u015far\u0131 \u00e7\u0131kar\u0131p, camiyi eski haline getirmek istiyoruz. Bunun i\u00e7in hem yerel cemaatten hem de bizleri asla yaln\u0131z b\u0131rakmayan T\u00fcrkiye\u2019den destek bekliyoruz.\u201d<\/p>\n<p>&nbsp;<\/p>\n<p>AA<\/p>\n<div id=\"bghab-677986625\" class=\"bghab-yazi-altinda bghab-entity-placement\"><div class=\"bghab-adlabel\">Reklamlar<\/div><script async src=\"https:\/\/pagead2.googlesyndication.com\/pagead\/js\/adsbygoogle.js\"><\/script>\r\n<!-- bghaber-yaz\u0131-sonu -->\r\n<ins class=\"adsbygoogle\"\r\n     style=\"display:block\"\r\n     data-ad-client=\"ca-pub-6203283170189293\"\r\n     data-ad-slot=\"4222328180\"\r\n     data-ad-format=\"auto\"\r\n     data-full-width-responsive=\"true\"><\/ins>\r\n<script>\r\n     (adsbygoogle = window.adsbygoogle || []).push({});\r\n<\/script><\/div><br style=\"clear: both; display: block; float: none;\"\/>","protected":false},"excerpt":{"rendered":"<p>Bulgaristan\u2019\u0131n g\u00fcneydo\u011fusundaki Filibe \u015fehrindeki Osmanl\u0131 d\u00f6neminden kalan, bug\u00fcn harabeye d\u00f6nm\u00fc\u015f tarihi ve k\u00fclt\u00fcrel eserler, adeta \u201cimdat\u201d \u00e7a\u011fr\u0131s\u0131nda bulunuyor.\u00a0 Osmanl\u0131 Devleti\u2019nden 1878\u2019de ba\u011f\u0131ms\u0131zl\u0131\u011f\u0131n\u0131 kazanan Bulgaristan\u2019da, Filibe\u2019de<\/p>\n","protected":false},"author":29,"featured_media":34048,"comment_status":"closed","ping_status":"closed","sticky":false,"template":"","format":"standard","meta":{"advanced_seo_description":"","jetpack_seo_html_title":"","jetpack_seo_noindex":false,"_jetpack_memberships_contains_paid_content":false,"footnotes":""},"categories":[1,10],"tags":[],"class_list":["post-34047","post","type-post","status-publish","format-standard","has-post-thumbnail","hentry","category-haberler","category-kultur-sanat"],"jetpack_featured_media_url":"https:\/\/i0.wp.com\/www.bghaber.org\/bghaber\/wp-content\/uploads\/2019\/02\/taskopru-camisi-filibe-plovdiv.jpg?fit=663%2C450&ssl=1","jetpack_sharing_enabled":true,"jetpack_likes_enabled":true,"jetpack-related-posts":[],"jetpack_shortlink":"https:\/\/wp.me\/pc2PfJ-8R9","_links":{"self":[{"href":"https:\/\/www.bghaber.org\/bghaber\/wp-json\/wp\/v2\/posts\/34047","targetHints":{"allow":["GET"]}}],"collection":[{"href":"https:\/\/www.bghaber.org\/bghaber\/wp-json\/wp\/v2\/posts"}],"about":[{"href":"https:\/\/www.bghaber.org\/bghaber\/wp-json\/wp\/v2\/types\/post"}],"author":[{"embeddable":true,"href":"https:\/\/www.bghaber.org\/bghaber\/wp-json\/wp\/v2\/users\/29"}],"replies":[{"embeddable":true,"href":"https:\/\/www.bghaber.org\/bghaber\/wp-json\/wp\/v2\/comments?post=34047"}],"version-history":[{"count":0,"href":"https:\/\/www.bghaber.org\/bghaber\/wp-json\/wp\/v2\/posts\/34047\/revisions"}],"wp:featuredmedia":[{"embeddable":true,"href":"https:\/\/www.bghaber.org\/bghaber\/wp-json\/wp\/v2\/media\/34048"}],"wp:attachment":[{"href":"https:\/\/www.bghaber.org\/bghaber\/wp-json\/wp\/v2\/media?parent=34047"}],"wp:term":[{"taxonomy":"category","embeddable":true,"href":"https:\/\/www.bghaber.org\/bghaber\/wp-json\/wp\/v2\/categories?post=34047"},{"taxonomy":"post_tag","embeddable":true,"href":"https:\/\/www.bghaber.org\/bghaber\/wp-json\/wp\/v2\/tags?post=34047"}],"curies":[{"name":"wp","href":"https:\/\/api.w.org\/{rel}","templated":true}]}}