{"id":34044,"date":"2019-02-04T11:05:42","date_gmt":"2019-02-04T08:05:42","guid":{"rendered":"https:\/\/www.bghaber.org\/bghaber\/?p=34044"},"modified":"2019-06-25T23:25:37","modified_gmt":"2019-06-25T20:25:37","slug":"bulgaristan-komunizm-kurbanlarini-andi-2","status":"publish","type":"post","link":"https:\/\/www.bghaber.org\/bghaber\/bulgaristan-komunizm-kurbanlarini-andi-2\/","title":{"rendered":"Bulgaristan kom\u00fcnizm kurbanlar\u0131n\u0131 and\u0131"},"content":{"rendered":"<p>Bulgaristan&#8217;da, 1944&#8217;te darbeyle iktidara gelen kom\u00fcnist rejimin infaz etti\u011fi muhalifler an\u0131ld\u0131<\/p>\n<p>Halk Mahkemesi taraf\u0131ndan ayn\u0131 anda kur\u015funa dizilen 2 bin 138 ki\u015finin an\u0131s\u0131na ba\u015fta ba\u015fkent Sofya olmak \u00fczere, \u00fclke genelinde anma t\u00f6renleri d\u00fczenlendi.<\/p>\n<p>Sofya&#8217;nin merkezinde bulunan &#8220;Kom\u00fcnizm Kurbanlar\u0131 An\u0131t\u0131&#8221; \u00f6n\u00fcnde toplanan kurbanlar\u0131n yak\u0131nlar\u0131, infaz edilen ki\u015filerin isimlerinin yaz\u0131ld\u0131\u011f\u0131 duvar\u0131n \u00f6n\u00fcne, yakt\u0131klar\u0131 mumlar\u0131 ve ta\u015f\u0131d\u0131klar\u0131 \u00e7i\u00e7ekleri koydu.<\/p>\n<p>Bu y\u0131l, Avrupa Parlamentosunda Bulgar milletvekili Andrey Kova\u00e7ev&#8217;in himayesinde d\u00fczenlenen t\u00f6rene kat\u0131lan Parlamento Ba\u015fkan\u0131 Tzveta Karayan\u00e7eva, Bulgarcada kullan\u0131lan &#8220;K\u00f6t\u00fcl\u00fck ta\u015f alt\u0131nda yats\u0131n&#8221; deyimini hat\u0131rlatarak, &#8220;Ta\u015f alt\u0131nda yatmas\u0131 gereken kom\u00fcnist k\u00f6t\u00fcl\u00fck, hala bizlere meydan okuyor. Bug\u00fcn hala o karanl\u0131k ge\u00e7mi\u015fin tarihe kar\u0131\u015fmad\u0131\u011f\u0131n\u0131 g\u00f6r\u00fcyoruz. K\u00f6t\u00fcl\u00fc\u011f\u00fc unutmak onu affetmek demektir.&#8221; ifadesini kulland\u0131.<\/p>\n<p>\u0130ktidardaki sa\u011fc\u0131 ve Avrupa Birli\u011fi (AB) yanl\u0131s\u0131 Bulgaristan&#8217;\u0131n Avrupal\u0131 Geli\u015fimi \u0130\u00e7in Yurtta\u015flar (GERB) Partisinden milletvekili Spas G\u0131rnevski de parlamentoda eski kom\u00fcnistlerin katliamlar\u0131n\u0131 k\u0131nayan bir bildiri okudu. G\u0131rnevski, ana muhalefetteki eski kom\u00fcnist gelene\u011fi s\u00fcrd\u00fcren Bulgaristan Sosyalist Partisi (BSP) ve Moskova istihbarat\u0131n\u0131n yard\u0131m\u0131 ile g\u00f6reve getirildi\u011fini iddia etti\u011fi Cumhurba\u015fkan\u0131 Rumen Radev&#8217;in bug\u00fcnk\u00fc anma t\u00f6renlerine kat\u0131lmad\u0131klar\u0131na vurgu yapt\u0131.<\/p><div id=\"bghab-2032259795\" class=\"bghab-icerik-icine bghab-entity-placement\"><script async src=\"\/\/pagead2.googlesyndication.com\/pagead\/js\/adsbygoogle.js?client=ca-pub-6203283170189293\" crossorigin=\"anonymous\"><\/script><ins class=\"adsbygoogle\" style=\"display:block; text-align:center;\" data-ad-client=\"ca-pub-6203283170189293\" \ndata-ad-slot=\"7303146466\" \ndata-ad-layout=\"in-article\"\ndata-ad-format=\"fluid\" data-full-width-responsive=\"true\"><\/ins>\n<script> \n(adsbygoogle = window.adsbygoogle || []).push({}); \n<\/script>\n<\/div>\n<p>MUHAL\u0130FLER \u0130NFAZ ED\u0130L\u0130P TOPLU MEZARLARA G\u00d6M\u00dcLD\u00dc<\/p>\n<p>Eski Bulgaristan Kom\u00fcnist Partisi, 1944&#8217;te SSCB&#8217;nin deste\u011fi ile iktidara gelmesinin ard\u0131ndan, 1945 y\u0131l\u0131nda Halk Mahkemesini kurmu\u015ftu.<\/p>\n<p>Mahkeme 10 dakikadan k\u0131sa s\u00fcren davalarda eski kraliyet ailesi \u00fcyeleri, \u00fcst d\u00fczey askeri yetkililer, bakan ve milletvekillerinin de aralar\u0131nda bulundu\u011fu 2 bin 730 ki\u015fiyi idam cezas\u0131na \u00e7arpt\u0131rm\u0131\u015ft\u0131. S\u00f6z konusu ki\u015filerden 2 bin 138&#8217;i ayn\u0131 anda kur\u015funa dizilmi\u015f, idam edilenler toplu mezarlara g\u00f6m\u00fclm\u00fc\u015ft\u00fc.<\/p>\n<p>Mahkeme bin 305 ki\u015fiyi de \u00f6m\u00fcr boyu hapse mahkum etmi\u015fti.<\/p>\n<p>Bulgaristan&#8217;da 45 y\u0131l iktidarda kalan kom\u00fcnistler, 1989 y\u0131l\u0131nda kans\u0131z darbeyle devrilmi\u015fti. Bulgaristan Kom\u00fcnist Partisi ad\u0131n\u0131 Bulgaristan Sosyalist Partisi olarak de\u011fi\u015ftirse de ge\u00e7mi\u015fini reddetmedi.<\/p><div id=\"bghab-2547373028\" class=\"bghab-icerik-icine-10-paragraf bghab-entity-placement\"><script async src=\"\/\/pagead2.googlesyndication.com\/pagead\/js\/adsbygoogle.js?client=ca-pub-6203283170189293\" crossorigin=\"anonymous\"><\/script><ins class=\"adsbygoogle\" style=\"display:block; text-align:center;\" data-ad-client=\"ca-pub-6203283170189293\" \ndata-ad-slot=\"7303146466\" \ndata-ad-layout=\"in-article\"\ndata-ad-format=\"fluid\" data-full-width-responsive=\"true\"><\/ins>\n<script> \n(adsbygoogle = window.adsbygoogle || []).push({}); \n<\/script>\n<\/div>\n<p>&nbsp;<\/p>\n<p>AA<\/p>\n<div id=\"bghab-3044596987\" class=\"bghab-yazi-altinda bghab-entity-placement\"><div class=\"bghab-adlabel\">Reklamlar<\/div><script async src=\"https:\/\/pagead2.googlesyndication.com\/pagead\/js\/adsbygoogle.js\"><\/script>\r\n<!-- bghaber-yaz\u0131-sonu -->\r\n<ins class=\"adsbygoogle\"\r\n     style=\"display:block\"\r\n     data-ad-client=\"ca-pub-6203283170189293\"\r\n     data-ad-slot=\"4222328180\"\r\n     data-ad-format=\"auto\"\r\n     data-full-width-responsive=\"true\"><\/ins>\r\n<script>\r\n     (adsbygoogle = window.adsbygoogle || []).push({});\r\n<\/script><\/div><br style=\"clear: both; display: block; float: none;\"\/>","protected":false},"excerpt":{"rendered":"<p>Bulgaristan&#8217;da, 1944&#8217;te darbeyle iktidara gelen kom\u00fcnist rejimin infaz etti\u011fi muhalifler an\u0131ld\u0131 Halk Mahkemesi taraf\u0131ndan ayn\u0131 anda kur\u015funa dizilen 2 bin 138 ki\u015finin an\u0131s\u0131na ba\u015fta ba\u015fkent<\/p>\n","protected":false},"author":29,"featured_media":34045,"comment_status":"closed","ping_status":"closed","sticky":false,"template":"","format":"standard","meta":{"advanced_seo_description":"","jetpack_seo_html_title":"","jetpack_seo_noindex":false,"_jetpack_memberships_contains_paid_content":false,"footnotes":""},"categories":[1,4],"tags":[],"class_list":["post-34044","post","type-post","status-publish","format-standard","has-post-thumbnail","hentry","category-haberler","category-siyaset"],"jetpack_featured_media_url":"https:\/\/i0.wp.com\/www.bghaber.org\/bghaber\/wp-content\/uploads\/2019\/02\/Bulgaristan-kom%C3%BCnizm-kurbanlar%C4%B1n%C4%B1-and%C4%B1.jpg?fit=810%2C458&ssl=1","jetpack_sharing_enabled":true,"jetpack_likes_enabled":true,"jetpack-related-posts":[],"jetpack_shortlink":"https:\/\/wp.me\/pc2PfJ-8R6","_links":{"self":[{"href":"https:\/\/www.bghaber.org\/bghaber\/wp-json\/wp\/v2\/posts\/34044","targetHints":{"allow":["GET"]}}],"collection":[{"href":"https:\/\/www.bghaber.org\/bghaber\/wp-json\/wp\/v2\/posts"}],"about":[{"href":"https:\/\/www.bghaber.org\/bghaber\/wp-json\/wp\/v2\/types\/post"}],"author":[{"embeddable":true,"href":"https:\/\/www.bghaber.org\/bghaber\/wp-json\/wp\/v2\/users\/29"}],"replies":[{"embeddable":true,"href":"https:\/\/www.bghaber.org\/bghaber\/wp-json\/wp\/v2\/comments?post=34044"}],"version-history":[{"count":0,"href":"https:\/\/www.bghaber.org\/bghaber\/wp-json\/wp\/v2\/posts\/34044\/revisions"}],"wp:featuredmedia":[{"embeddable":true,"href":"https:\/\/www.bghaber.org\/bghaber\/wp-json\/wp\/v2\/media\/34045"}],"wp:attachment":[{"href":"https:\/\/www.bghaber.org\/bghaber\/wp-json\/wp\/v2\/media?parent=34044"}],"wp:term":[{"taxonomy":"category","embeddable":true,"href":"https:\/\/www.bghaber.org\/bghaber\/wp-json\/wp\/v2\/categories?post=34044"},{"taxonomy":"post_tag","embeddable":true,"href":"https:\/\/www.bghaber.org\/bghaber\/wp-json\/wp\/v2\/tags?post=34044"}],"curies":[{"name":"wp","href":"https:\/\/api.w.org\/{rel}","templated":true}]}}