{"id":34042,"date":"2019-02-04T09:00:52","date_gmt":"2019-02-04T06:00:52","guid":{"rendered":"https:\/\/www.bghaber.org\/bghaber\/?p=34042"},"modified":"2019-06-25T23:25:37","modified_gmt":"2019-06-25T20:25:37","slug":"bulgaristanda-sigorta-primi-paylasilacak","status":"publish","type":"post","link":"https:\/\/www.bghaber.org\/bghaber\/bulgaristanda-sigorta-primi-paylasilacak\/","title":{"rendered":"Bulgaristan&#8217;da sigorta primi payla\u015f\u0131lacak"},"content":{"rendered":"<p>Bulgaristan&#8217;da i\u015f\u00e7i ve i\u015fverenlerin payla\u015ft\u0131\u011f\u0131 sigorta prim orant\u0131s\u0131nda i\u015fverenler yeni teklifte bulundu.<br \/>\nBulgaristan\u2019da i\u015fverenler i\u015f\u00e7ilerin sigorta primlerinin y\u00fczde 50\u2019sini \u00f6demeyi teklif ediyor.<\/p>\n<p>Bulgaristan \u0130\u015fverenler ve Sanayiciler Konfederasyonu, Bulgaristan S\u0131nai Sermaye Birli\u011fi, Bulgar Sanayi Odas\u0131 ve Bulgar Ticaret ve Sanayi Odas\u0131 i\u015fveren kurulu\u015flar\u0131, i\u015f\u00e7ilerin sigorta primlerinin y\u00fczde 50\u2019sini \u00f6demeleri hususunda teklifte bulundular. Halihaz\u0131rda i\u015f\u00e7i ve i\u015fverenler aras\u0131ndaki sigorta primleri orant\u0131s\u0131 60:40 \u015feklinde ger\u00e7ekle\u015fiyor.<\/p>\n<p>&nbsp;<\/p>\n<p>H\u00fcrriyet<\/p>\n<div id=\"bghab-2164002380\" class=\"bghab-yazi-altinda bghab-entity-placement\"><div class=\"bghab-adlabel\">Reklamlar<\/div><script async src=\"https:\/\/pagead2.googlesyndication.com\/pagead\/js\/adsbygoogle.js\"><\/script>\r\n<!-- bghaber-yaz\u0131-sonu -->\r\n<ins class=\"adsbygoogle\"\r\n     style=\"display:block\"\r\n     data-ad-client=\"ca-pub-6203283170189293\"\r\n     data-ad-slot=\"4222328180\"\r\n     data-ad-format=\"auto\"\r\n     data-full-width-responsive=\"true\"><\/ins>\r\n<script>\r\n     (adsbygoogle = window.adsbygoogle || []).push({});\r\n<\/script><\/div><br style=\"clear: both; display: block; float: none;\"\/>","protected":false},"excerpt":{"rendered":"<p>Bulgaristan&#8217;da i\u015f\u00e7i ve i\u015fverenlerin payla\u015ft\u0131\u011f\u0131 sigorta prim orant\u0131s\u0131nda i\u015fverenler yeni teklifte bulundu. Bulgaristan\u2019da i\u015fverenler i\u015f\u00e7ilerin sigorta primlerinin y\u00fczde 50\u2019sini \u00f6demeyi teklif ediyor. Bulgaristan \u0130\u015fverenler ve<\/p>\n","protected":false},"author":29,"featured_media":29097,"comment_status":"closed","ping_status":"closed","sticky":false,"template":"","format":"standard","meta":{"advanced_seo_description":"","jetpack_seo_html_title":"","jetpack_seo_noindex":false,"_jetpack_memberships_contains_paid_content":false,"footnotes":""},"categories":[5],"tags":[],"class_list":["post-34042","post","type-post","status-publish","format-standard","has-post-thumbnail","hentry","category-yasam"],"jetpack_featured_media_url":"https:\/\/i0.wp.com\/www.bghaber.org\/bghaber\/wp-content\/uploads\/2018\/03\/insanlar-sira-kuyruk.jpg?fit=661%2C376&ssl=1","jetpack_sharing_enabled":true,"jetpack_likes_enabled":true,"jetpack-related-posts":[],"jetpack_shortlink":"https:\/\/wp.me\/pc2PfJ-8R4","_links":{"self":[{"href":"https:\/\/www.bghaber.org\/bghaber\/wp-json\/wp\/v2\/posts\/34042","targetHints":{"allow":["GET"]}}],"collection":[{"href":"https:\/\/www.bghaber.org\/bghaber\/wp-json\/wp\/v2\/posts"}],"about":[{"href":"https:\/\/www.bghaber.org\/bghaber\/wp-json\/wp\/v2\/types\/post"}],"author":[{"embeddable":true,"href":"https:\/\/www.bghaber.org\/bghaber\/wp-json\/wp\/v2\/users\/29"}],"replies":[{"embeddable":true,"href":"https:\/\/www.bghaber.org\/bghaber\/wp-json\/wp\/v2\/comments?post=34042"}],"version-history":[{"count":0,"href":"https:\/\/www.bghaber.org\/bghaber\/wp-json\/wp\/v2\/posts\/34042\/revisions"}],"wp:featuredmedia":[{"embeddable":true,"href":"https:\/\/www.bghaber.org\/bghaber\/wp-json\/wp\/v2\/media\/29097"}],"wp:attachment":[{"href":"https:\/\/www.bghaber.org\/bghaber\/wp-json\/wp\/v2\/media?parent=34042"}],"wp:term":[{"taxonomy":"category","embeddable":true,"href":"https:\/\/www.bghaber.org\/bghaber\/wp-json\/wp\/v2\/categories?post=34042"},{"taxonomy":"post_tag","embeddable":true,"href":"https:\/\/www.bghaber.org\/bghaber\/wp-json\/wp\/v2\/tags?post=34042"}],"curies":[{"name":"wp","href":"https:\/\/api.w.org\/{rel}","templated":true}]}}