{"id":34037,"date":"2019-02-02T21:03:40","date_gmt":"2019-02-02T18:03:40","guid":{"rendered":"https:\/\/www.bghaber.org\/bghaber\/?p=34037"},"modified":"2019-02-02T21:03:40","modified_gmt":"2019-02-02T18:03:40","slug":"tarihin-ozune-bakis","status":"publish","type":"post","link":"https:\/\/www.bghaber.org\/bghaber\/tarihin-ozune-bakis\/","title":{"rendered":"Tarihin \u00d6z\u00fcne Bak\u0131\u015f"},"content":{"rendered":"<p>Tarih. 1 Ocak2019<br \/>\nKaynak: Faktor bg<br \/>\n\u00c7eviri: Raziye \u00c7AKIR<\/p>\n<p>Bulgar katili Bizans \u0130mparatoru Vasiliy ve T\u00fcrk beraberli\u011fi d\u00f6neminde olanlar Bulgar halk\u0131na kar\u015f\u0131 i\u015flenen kom\u00fcnist cinayetler kar\u015f\u0131s\u0131nda yoktan k\u00fc\u00e7\u00fck bir hi\u00e7tir.<\/p>\n<p>Bulgar kom\u00fcnistler i\u00e7in ger\u00e7ek vatan SSCB\u2019dir. Bulgar kom\u00fcnistler bir Rus\u2019u veya Sovyet Bol\u015fevi\u011fini \u00f6ld\u00fcrmez. Fakat onlar bir Bulgar vatanda\u015f\u0131n\u0131 g\u00f6zleri k\u0131rpmadan \u00f6ld\u00fcr\u00fcr.<\/p>\n<p><img data-recalc-dims=\"1\" decoding=\"async\" src=\"https:\/\/i0.wp.com\/www.bghaber.org\/bghaber\/wp-content\/uploads\/2019\/02\/aleksandr-yordanov-bg.jpg?w=640&#038;ssl=1\" \/><\/p>\n<p>1 \u015eubat g\u00fcn\u00fc Bulgar halk\u0131na kar\u015f\u0131 i\u015flenen kom\u00fcnist soyk\u0131r\u0131m kurbanlar\u0131n\u0131 anma g\u00fcn\u00fcd\u00fcr. S\u00f6z konu b\u00fcy\u00fck bir ger\u00e7ek var,\u00a0 kurbanlar\u0131n say\u0131s\u0131, Bizans \u0130mparatoru Bulgar katili Vasiliy\u2019in emriyle 15 bin Bulgar askerinin her 2 g\u00f6z\u00fcn\u00fcn de k\u0131zart\u0131lm\u0131\u015f \u015fi\u015f ucuyla \u00e7\u0131kar\u0131lmas\u0131 da az,\u00a0 t\u00fcm vah\u015fet bir yana, \u00a0kom\u00fcnist soyk\u0131r\u0131m akla fikre s\u0131\u011fmaz. 45 y\u0131l boyunca dermadan \u015fiddetlenen bir zorbal\u0131ktan s\u00f6z ediyoruz. Kurbanlar\u0131n kesin say\u0131s\u0131 bug\u00fcn de bilinmiyor.<\/p>\n<p><strong>K\u0131sa Tarih<\/strong><\/p><div id=\"bghab-4251449678\" class=\"bghab-icerik-icine bghab-entity-placement\"><script async src=\"\/\/pagead2.googlesyndication.com\/pagead\/js\/adsbygoogle.js?client=ca-pub-6203283170189293\" crossorigin=\"anonymous\"><\/script><ins class=\"adsbygoogle\" style=\"display:block; text-align:center;\" data-ad-client=\"ca-pub-6203283170189293\" \ndata-ad-slot=\"7303146466\" \ndata-ad-layout=\"in-article\"\ndata-ad-format=\"fluid\" data-full-width-responsive=\"true\"><\/ins>\n<script> \n(adsbygoogle = window.adsbygoogle || []).push({}); \n<\/script>\n<\/div>\n<p>5 Eyl\u00fcl 1944 tarihinde Sovyetler Birli\u011fi Bulgar \u00c7arl\u0131\u011f\u0131 ile diplomatik ili\u015fkilerini kesti. Bu, \u0130kinci D\u00fcnya Sava\u015f\u0131\u2019n\u0131n sona ermesinden 8 ay \u00f6nce oldu. 48 ay s\u00fcren sava\u015f\u0131n daha uzun d\u00f6neminde, Moskova Bulgar \u00c7arl\u0131\u011f\u0131 ile dostane yak\u0131n ili\u015fkiler s\u00fcrd\u00fcrd\u00fc.<\/p>\n<p>Sava\u015f\u0131n 23. Ay\u0131nda, 22 Haziran 1941\u2019de Almanya SSCB\u2019ne sald\u0131rd\u0131. 1 Mart 1941\u2019de Bulgaristan \u00fc\u00e7l\u00fc mihvere \u2013 Almanya, \u0130talya, Japonya &#8211;\u00a0 ortakl\u0131\u011f\u0131na kat\u0131ld\u0131. SSCB ile sava\u015fa girmedi. 9 Eyl\u00fcl 1944\u2019te Bulgaristan\u2019da askeri darbe oldu. Bulgaristan Kom\u00fcnist Partisi (BKP) hesapla\u015fmaya ba\u015flad\u0131, \u201c<strong>Halk Mahkemesi<\/strong>\u201d kuruldu. Katliam 45 y\u0131l devam etti.<\/p>\n<p>(5 May\u0131s 200 tarihinde Bulgaristan\u2019\u0131n resmi gazetesi \u201cDV\u201d) Bulgaristan kom\u00fcnist rejimizi su\u00e7lu bir rejim oldu\u011funu resmen \u00a0ilan etti ve bu konuda bir kanun yay\u0131nlad\u0131. Bu kanunun 4. Maddesinde \u201cs\u00f6z\u00fc edilen 45 y\u0131ll\u0131k s\u00fcre i\u00e7inde kom\u00fcnist rejime ve onun ideolojisine kar\u015f\u0131 koymak ve bu rejimi devirip yok etmek i\u00e7in y\u00fcr\u00fct\u00fclen direni\u015f hareketlerine kat\u0131lan her ki\u015fi hakl\u0131d\u0131r, su\u00e7suzdur, manevi bak\u0131mdan aklanm\u0131\u015ft\u0131r ve toplum taraf\u0131ndan kahramanlara sayg\u0131 bulmal\u0131d\u0131r g\u00f6r\u00fc\u015f\u00fc a\u00e7\u0131k olarak ifade buldu.<\/p>\n<p>(Ne yaz\u0131k ki bu m\u00fccadeleye ola\u011fan\u00fcst\u00fc b\u00fcy\u00fck katk\u0131 veren, Ayaklanan, b\u00fcy\u00fck say\u0131da \u015fehit veren, 12\u00a0500\u2019\u00fc hapislerde yatan Bulgaristan M\u00fcsl\u00fcmanlar\u0131 az\u0131nl\u0131k haklar\u0131n\u0131 elde edemediler.)<\/p>\n<p>Bu nedenle kom\u00fcnist rejime \u201cfa\u015fist\u201d diyoruz. Kitlesel imhalar, toplama kamplar\u0131, s\u00fcrg\u00fcnler, g\u00f6\u00e7e zorlama, tek partili rejim, az\u0131nl\u0131klar\u0131 memleketimizden zorlu kovmak hep kom\u00fcnistlerin i\u015fidir. Fa\u015fizmden \u00e7ok daha k\u00f6t\u00fc bir rejimdir kom\u00fcnizm, \u00e7\u00fcnk\u00fc ekonomik sistemi de de\u011fi\u015ftirmi\u015ftir. Devlet iflas etmi\u015f ve \u00e7\u00f6k\u00fc\u015f 1989\u2019a kadar devam etmi\u015ftir.<\/p><div id=\"bghab-3209292440\" class=\"bghab-icerik-icine-10-paragraf bghab-entity-placement\"><script async src=\"\/\/pagead2.googlesyndication.com\/pagead\/js\/adsbygoogle.js?client=ca-pub-6203283170189293\" crossorigin=\"anonymous\"><\/script><ins class=\"adsbygoogle\" style=\"display:block; text-align:center;\" data-ad-client=\"ca-pub-6203283170189293\" \ndata-ad-slot=\"7303146466\" \ndata-ad-layout=\"in-article\"\ndata-ad-format=\"fluid\" data-full-width-responsive=\"true\"><\/ins>\n<script> \n(adsbygoogle = window.adsbygoogle || []).push({}); \n<\/script>\n<\/div>\n<p>9 Eyl\u00fcl 1944\u2019ten sonra devlet siyaseti de\u011fi\u015fiyor ve Bulgaristan\u2019da bir devlet ter\u00f6r politikas\u0131 uygulanmaya ba\u015fland\u0131. Ter\u00f6r bir devlet siyaseti haline geldi. Buna kar\u015f\u0131 bireysel ve ortak mukavemet de o zaman ba\u015flad\u0131. Kahramanl\u0131klar\u0131 ve \u00e7ekileri sayg\u0131ya ve \u00f6vg\u00fcye laiktir.<\/p>\n<p>2011 yl\u0131nda Cumhurba\u015fkanlar\u0131ndan Jel\u00fc Jelev ile Pet\u0131r Stoyanov\u2019un \u00f6nerisi \u00fczere, Boyko Borisov h\u00fck\u00fcmeti <strong>1 \u015eubat tarihini Kom\u00fcnist rejim kurbanlar\u0131na sayg\u0131 g\u00fcn\u00fc ilan etti.<\/strong> Bu tarih, s\u00f6z\u00fcm ona \u201cHalk Mahkemesi\u201dnin kesti\u011fi ve hemen infaz edilen cezalar\u0131n yerine getirildi\u011fi g\u00fcnd\u00fcr. Bu mahkeme T\u0131rnovo Anayasas\u0131na ayk\u0131r\u0131 ve yasal olmayan bir ge\u00e7ici h\u00fck\u00fcmet taraf\u0131ndan kurulmu\u015ftur. T\u0131rnovo Anayasas\u0131\u2019n\u0131n 73. Maddesi, ola\u011fan\u00fcst\u00fc mahkeme kurulmas\u0131n\u0131 kesinlikle yasaklam\u0131\u015ft\u0131r. Halk Mahkemesi bir ola\u011fan\u00fcst\u00fc mahkemedir. Bu mahkemenin kurulmas\u0131 i\u00e7in Halk Meclisinin karar\u0131 yoktur. B\u00f6yle bir meclis karar\u0131 yoktur. Tahsilsiz parti militanlar\u0131 sorgu yarg\u0131c\u0131, savc\u0131 ve yarg\u0131\u00e7 atanm\u0131\u015ft\u0131r. 1 Ocak 1941 ile 9 Eyl\u00fcl 1944 tarihleri aras\u0131nda Hitler Almanyas\u0131 ile irtibatlar\u0131 s\u00fcrd\u00fcren devlet g\u00f6revlileri yarg\u0131lanm\u0131\u015ft\u0131r. 9 Eyl\u00fcl 1944\u2019ten sonraki 100 g\u00fcnde 28\u00a0630 ki\u015fi tutuklanm\u0131\u015f, \u201cHalkMahkeme\u015ferinde\u201d 135 dava g\u00f6r\u00fclm\u00fc\u015ft\u00fcr. Tutuklananlardan 10\u00a0919 hakk\u0131nda dava dosyas\u0131 a\u00e7\u0131l\u0131rken, 2\u00a0730 idam cezas\u0131 kesilmi\u015f,\u00a0 9\u00a0550 dava de\u011fi\u015fik s\u00fcrelerde hapis cazas\u0131yla sonu\u00e7lanm\u0131\u015f, di\u011ferlerin kaderi bilinmiyor. \u00d6l\u00fcm cezas\u0131 alanlardan biri, 1943\u2019te at vagonlar\u0131na doldurulan Bulgaristan\u2019daki Yahudilerin \u00d6l\u00fcm Kamplar\u0131na g\u00f6nderilmesini \u00f6nleyen Halk Meclisi Ba\u015fkan\u0131 Dimit\u0131r Pe\u015fev\u2019tir. Yahudileri kurtaran ki\u015fi \u201cHalk Mahkemesinde\u201d anti-semitizm ve fa\u015fizmden yarg\u0131lanm\u0131\u015ft\u0131r. \u00c7ar\u0131n dan\u0131\u015fmanlar\u0131, naibler ve 41 bakan da \u00f6l\u00fcm cezas\u0131na \u00e7arpt\u0131r\u0131lm\u0131\u015ft\u0131r. Bu mahkemeden \u00e7\u0131kan 2. Kararda 129 milletvekiline, general ve gazeteciye idam cezas\u0131 verilmi\u015ftir. \u00dc\u00e7\u00fcnc\u00fc toplu kararda din adamlar\u0131 ve muhtarlar idam cezas\u0131 alm\u0131\u015f, d\u00f6rd\u00fcnc\u00fc kararda ise subaylar ve yard\u0131mc\u0131lar\u0131, be\u015finci karar listesinde polis, candarma, askeri istihbarat ve Sava\u015f Bakanl\u0131\u011f\u0131n\u0131n de\u011fi\u015fik dairelelerinden g\u00f6revliler \u00f6l\u00fcm cezas\u0131 alm\u0131\u015ft\u0131r. \u00d6l\u00fcm cezas\u0131 anlar aras\u0131nda 100 yazar, yay\u0131mc\u0131, gazete ve dergilerden edit\u00f6rler, sahne oyuncular\u0131 vb vard\u0131r. Ayr\u0131ca Makedonya ve Ege b\u00f6lgesinden Yahudileri ve \u00c7ingeneleri toplay\u0131p hayvan vagonlar\u0131na kapayan ve \u201ctreplika\u201d \u00f6l\u00fcm kamp\u0131na g\u00f6ndereler de idam cezas\u0131na \u00e7arpt\u0131r\u0131lm\u0131\u015ft\u0131r.<\/p>\n<p>Halk Mahkemelerinde kimin yarg\u0131laca\u011f\u0131 Moskova\u2019da planlanm\u0131\u015ft\u0131r. Bu eylemi Georgi Dimitrov bizzat kendisi y\u00f6netmi\u015ftir. Daha sonraki y\u0131llarda parti ve devlet y\u00f6netimine kat\u0131lanlar\u0131n t\u00fcm\u00fcbu katl\u0131ama bizzat kat\u0131lm\u0131\u015ft\u0131r.<\/p>\n<p>1998\u2019de Bulgaristan Anayasa Mahkemesi 4 n.o.\u2019lu karar\u0131nda \u201cHalk Mahkemesini\u201d\u00a0 o y\u0131llarda Bulgar adli sisteminden bir organ olmad\u0131\u011f\u0131 a\u00e7\u0131klad\u0131. Bu mahkemelerin bir \u201cola\u011fan\u00fcst\u00fc mahkemede al\u0131nm\u0131\u015f\u201d idam kararlar\u0131 oldu\u011funu ve mahkeme karar\u0131 olarak a\u00e7\u0131klanamayaca\u011f\u0131n\u0131 duyurdu. B\u00f6ylece kurbanlar\u0131n yak\u0131nlar\u0131n\u0131n tazminat almas\u0131 ve ger\u00e7ek katillerin cezaland\u0131r\u0131lmas\u0131n\u0131n yolu kesilmi\u015f oldu.<\/p>\n<p>Ayn\u0131 zamanda \u00fclkede yarg\u0131s\u0131z infazlar da devam etmi\u015ftir. Bu operasyonlar bir Sovyet vatanda\u015f\u0131 olan ve 1950 -1965 y\u0131llar\u0131 aras\u0131nda Bulgaristan Halk Meclisi ba\u015fkan\u0131 g\u00f6revinde bulunan Ferdinand Kozlovski taraf\u0131ndan y\u00f6netilmi\u015ftir. 2 \u015eubat 1945 gecesi 3 naib, 22 bakan, 67 milletvekili, 47 general, 8 \u00c7ar dan\u0131\u015fman\u0131 kur\u015funa dizilmi\u015ftir. 9 Eyl\u00fcl 1944\u2019ten hemen sonra 30 bin ki\u015fi \u00f6ld\u00fcr\u00fcl\u00fcrken 1980\u2019l\u0131 y\u0131llar\u0131n sonuna kadar yarg\u0131s\u0131z idamlar\u0131n toplam say\u0131s\u0131 180 bindir.<\/p><div id=\"bghab-1781755632\" class=\"bghab-icerik-icine-15-paragraf bghab-entity-placement\"><script async src=\"\/\/pagead2.googlesyndication.com\/pagead\/js\/adsbygoogle.js?client=ca-pub-6203283170189293\" crossorigin=\"anonymous\"><\/script><ins class=\"adsbygoogle\" style=\"display:block; text-align:center;\" data-ad-client=\"ca-pub-6203283170189293\" \ndata-ad-slot=\"7303146466\" \ndata-ad-layout=\"in-article\"\ndata-ad-format=\"fluid\" data-full-width-responsive=\"true\"><\/ins>\n<script> \n(adsbygoogle = window.adsbygoogle || []).push({}); \n<\/script>\n<\/div>\n<p>D\u00fcnyan\u0131n g\u00f6zlerinden uzak, kapal\u0131 bir \u00fclkede, 1944-1989 y\u0131llar\u0131 aras\u0131nda 180 bin vatanda\u015f\u0131n katledilmesi b\u00fcy\u00fck bir trajedidir, Bulgar elitinin, iktidarlar\u0131n\u0131n insan \u00f6ld\u00fcrmeden \u00fclkeyi idare edemediklerine kesin kan\u0131tt\u0131r. Bu kurbanlar\u0131n aras\u0131nda isimleri s\u0131ralanmasa da b\u00fcy\u00fck say\u0131da Pomak, T\u00fcrk ve \u00c7ingene vard\u0131r.<\/p>\n<p>\u201cPartizan \u015eark\u0131lar\u0131\u201d kitab\u0131n\u0131n \u015fairi Veselin Andreev 1991\u2019de can\u0131na k\u0131yarken \u015fu mektubu b\u0131rakm\u0131\u015ft\u0131r:. \u201cHayattan \u00e7\u0131kmazdan \u00f6nce ben, \u00f6nce Bulgaristan Sosyalist Partisinden istifa ettim. Jivkov ve Jivkovcular kahrolsun!<\/p>\n<p>Totalitarizm y\u0131llar\u0131nda Bulgaristan\u2019da 86 toplama kamp\u0131 a\u00e7\u0131lm\u0131\u015ft\u0131r.\u00a0 Bu kamplar\u0131 a\u00e7an ve y\u00f6netenlerin o\u011fullar\u0131 ve k\u0131zlar\u0131 bug\u00fcn Sofya meclisindedir. B\u00fct\u00fcn dosyalar\u0131n a\u00e7\u0131lmas\u0131 ve bu memlekette kimin kim oldu\u011fuart\u0131k a\u00e7\u0131klanmal\u0131 ve katillerin yak\u0131nlar\u0131na devlet makamlar\u0131nda g\u00f6rev almalar\u0131 yasaklanmal\u0131d\u0131r.<\/p>\n<p>Ger\u00e7ekler 1944\u2019te Bulgaristan\u2019\u0131n SSCB taraf\u0131ndan i\u015fgal edildi\u011fini, fakat Rusya Federasyonu\u2019nun g\u00fcg\u00fcne kadar i\u015fgal y\u0131llar\u0131nda i\u015flenen zul\u00fcm i\u00e7in Bulgaristan halk\u0131ndan \u00f6z\u00fcr dilemeyi kabul etmedi\u011fi ortadad\u0131r. Buna ra\u011fmen, Bulgarlar\u0131n % 70\u2019i Ruslara sevgi ve sayg\u0131yla bak\u0131yor ve bunu anlamak da zordur.<\/p>\n<p>Bulgar Ordusu 2. B\u00fcy\u00fck Sava\u015fta III. Ukrayna Ordusuna eklenmi\u015f ve toplam 20\u00a0000 \u015fehit vermi\u015ftir.<\/p><div id=\"bghab-4232857049\" class=\"bghab-icerik-icine-20-paragraf bghab-entity-placement\"><script async src=\"\/\/pagead2.googlesyndication.com\/pagead\/js\/adsbygoogle.js?client=ca-pub-6203283170189293\" crossorigin=\"anonymous\"><\/script><ins class=\"adsbygoogle\" style=\"display:block; text-align:center;\" data-ad-client=\"ca-pub-6203283170189293\" \ndata-ad-slot=\"7303146466\" \ndata-ad-layout=\"in-article\"\ndata-ad-format=\"fluid\" data-full-width-responsive=\"true\"><\/ins>\n<script> \n(adsbygoogle = window.adsbygoogle || []).push({}); \n<\/script>\n<\/div>\n<p>Ger\u00e7ekler b\u00f6yle ike, 100\u2019lerce insan \u00f6ld\u00fcrenlerin, i\u015fkencecilerin, Sovyet istila g\u00fc\u00e7lerinin an\u0131tlar\u0131na ad\u0131m ba\u015f\u0131 rastlamak anla\u015f\u0131l\u0131r gibi de\u011fildi\u015fr. Totalitarizm katillerinin ismlerinin okul ve okuma evlerinden, k\u00fclt\u00fcr merkezlerinden bug\u00fcn de s\u00f6k\u00fclmemesine ak\u0131l erdirmek zordur. Bulgaristan\u2019da Kom\u00fcnizm Kurbanlar\u0131n\u0131n sadece bir an\u0131t\u0131 varken, Latviya\u2019da bu kahramanlara 539 an\u0131t dikilmi\u015ftir.<\/p>\n<p>Bulgaristan\u2019da isim ve kimlik de\u011fi\u015ftirme, dil, din, gelenek ve adetleri yasaklama, az\u0131nl\u0131klar\u0131n kendi k\u00fclt\u00fcr ve medeniyetlerini ya\u015fmaya \u00e7abalar\u0131n\u0131n s\u00fcrekli baltalama devam eden bir k\u00fclt\u00fcrel soyk\u0131r\u0131md\u0131r. Bu zorbal\u0131k bug\u00fcn de canl\u0131d\u0131r ve korku sa\u00e7maktad\u0131r. Totalitarizm cesedi yak\u0131lmadan ve \u00f6z kimlikleri, \u00f6zg\u00fcrl\u00fck, e\u015fitlik, adalet ve demokrasi i\u00e7in m\u00fccadele edenlerin ruhuna canlanma olanaklar\u0131 tan\u0131nmadan Bulgaristan insan d\u00fc\u015fman\u0131 kaskat\u0131 bir rejim alt\u0131nda ezilmeye devam edecektir. \u00d6zg\u00fcrl\u00fck, demokrasi ve insan haklar\u0131, e\u015fitlik ve adalet ilkeleri Anayasaya i\u015flenmeden de\u011fi\u015fen ve umut vaat eden bir Bulgaristan\u2019dan s\u00f6z edilemez. Bunun i\u00e7in ne yaz\u0131k ki NATO ve AB \u00fcyeli\u011fi yeterli\u00a0 de\u011fildir.<\/p>\n<p>Ge\u00e7mi\u015fi katliamlarla dolu Bulgar iktidarlar\u0131 \u00fclkede adalet ve demokrasi ruhu olu\u015fmas\u0131n\u0131 baltalamakla Sovyet k\u00f6leli\u011fini kabul etmi\u015f ve halk\u0131 her bak\u0131ma k\u0131s\u0131r ya\u015famaya itmi\u015ftir. Bug\u00fcn Bulgar toplumu ge\u00e7mi\u015f algs\u0131 bak\u0131m\u0131ndan par\u00e7alanm\u0131\u015f oldu\u011f\u0131 gibi, de\u011fi\u015fik toplumsal kanatlar gelece\u011fi de farkl\u0131 g\u00f6r\u00fcyorlar. Az\u0131nl\u0131klara h\u00fcrriyet ve adalet tan\u0131mama konusunda birle\u015fen Bulgarlar, \u201cba\u015fkas\u0131n\u0131n \u00f6zg\u00fcrl\u00fc\u011f\u00fcne g\u00f6z diken, kendisi \u00f6zg\u00fcr ve adil olamaz\u201d atas\u00f6z\u00fcn\u00fc sanki bilmiyorlar. Cinayet ve katliamlar\u0131 kabul etmemek hi\u00e7bir soruna \u00e7\u00f6z\u00fcm olamaz.<\/p>\n<p>Ruhun de\u011fi\u015fmesi ve iyilik, dostluk, e\u015fitlik ve h\u00fcr ya\u015fama enerjisiyle yeniden olu\u015fmas\u0131, en az 3 ku\u015fak ister. De\u011fi\u015fim ancak okuldan, ders kitaplar\u0131ndan kaynakland\u0131\u011f\u0131nda ba\u015far\u0131l\u0131 olabilir. Cahil insanlar tarihsel ger\u00e7ekleri ve \u00e7eli\u015fkileri g\u00f6remedi\u011fi gibi gelece\u011fe de k\u00f6r bakar. Bu bak\u0131ma son 30 y\u0131lda ancak k\u00fc\u00e7\u00fckc\u00fck bir ad\u0131m\u0131n at\u0131labildi\u011fini kabullenmekle yetinmek istiyoruz.<\/p>\n<p>L\u00fctfen \u00e7evrenizle payla\u015f\u0131n\u0131z\u2026<\/p><div id=\"bghab-1538338663\" class=\"bghab-icerik-icine-25-paragraf bghab-entity-placement\"><script async src=\"\/\/pagead2.googlesyndication.com\/pagead\/js\/adsbygoogle.js?client=ca-pub-6203283170189293\" crossorigin=\"anonymous\"><\/script><ins class=\"adsbygoogle\" style=\"display:block; text-align:center;\" data-ad-client=\"ca-pub-6203283170189293\" \ndata-ad-slot=\"7303146466\" \ndata-ad-layout=\"in-article\"\ndata-ad-format=\"fluid\" data-full-width-responsive=\"true\"><\/ins>\n<script> \n(adsbygoogle = window.adsbygoogle || []).push({}); \n<\/script>\n<\/div>\n<div id=\"bghab-1533897897\" class=\"bghab-yazi-altinda bghab-entity-placement\"><div class=\"bghab-adlabel\">Reklamlar<\/div><script async src=\"https:\/\/pagead2.googlesyndication.com\/pagead\/js\/adsbygoogle.js\"><\/script>\r\n<!-- bghaber-yaz\u0131-sonu -->\r\n<ins class=\"adsbygoogle\"\r\n     style=\"display:block\"\r\n     data-ad-client=\"ca-pub-6203283170189293\"\r\n     data-ad-slot=\"4222328180\"\r\n     data-ad-format=\"auto\"\r\n     data-full-width-responsive=\"true\"><\/ins>\r\n<script>\r\n     (adsbygoogle = window.adsbygoogle || []).push({});\r\n<\/script><\/div><br style=\"clear: both; display: block; float: none;\"\/>","protected":false},"excerpt":{"rendered":"<p>Tarih. 1 Ocak2019 Kaynak: Faktor bg \u00c7eviri: Raziye \u00c7AKIR Bulgar katili Bizans \u0130mparatoru Vasiliy ve T\u00fcrk beraberli\u011fi d\u00f6neminde olanlar Bulgar halk\u0131na kar\u015f\u0131 i\u015flenen kom\u00fcnist cinayetler<\/p>\n","protected":false},"author":13,"featured_media":32942,"comment_status":"closed","ping_status":"closed","sticky":false,"template":"","format":"standard","meta":{"advanced_seo_description":"","jetpack_seo_html_title":"","jetpack_seo_noindex":false,"_jetpack_memberships_contains_paid_content":false,"footnotes":""},"categories":[6],"tags":[],"class_list":["post-34037","post","type-post","status-publish","format-standard","has-post-thumbnail","hentry","category-yorum"],"jetpack_featured_media_url":"https:\/\/i0.wp.com\/www.bghaber.org\/bghaber\/wp-content\/uploads\/2018\/11\/raziye-uluturk-e1560535237252.jpg?fit=165%2C250&ssl=1","jetpack_sharing_enabled":true,"jetpack_likes_enabled":true,"jetpack-related-posts":[],"jetpack_shortlink":"https:\/\/wp.me\/pc2PfJ-8QZ","_links":{"self":[{"href":"https:\/\/www.bghaber.org\/bghaber\/wp-json\/wp\/v2\/posts\/34037","targetHints":{"allow":["GET"]}}],"collection":[{"href":"https:\/\/www.bghaber.org\/bghaber\/wp-json\/wp\/v2\/posts"}],"about":[{"href":"https:\/\/www.bghaber.org\/bghaber\/wp-json\/wp\/v2\/types\/post"}],"author":[{"embeddable":true,"href":"https:\/\/www.bghaber.org\/bghaber\/wp-json\/wp\/v2\/users\/13"}],"replies":[{"embeddable":true,"href":"https:\/\/www.bghaber.org\/bghaber\/wp-json\/wp\/v2\/comments?post=34037"}],"version-history":[{"count":0,"href":"https:\/\/www.bghaber.org\/bghaber\/wp-json\/wp\/v2\/posts\/34037\/revisions"}],"wp:featuredmedia":[{"embeddable":true,"href":"https:\/\/www.bghaber.org\/bghaber\/wp-json\/wp\/v2\/media\/32942"}],"wp:attachment":[{"href":"https:\/\/www.bghaber.org\/bghaber\/wp-json\/wp\/v2\/media?parent=34037"}],"wp:term":[{"taxonomy":"category","embeddable":true,"href":"https:\/\/www.bghaber.org\/bghaber\/wp-json\/wp\/v2\/categories?post=34037"},{"taxonomy":"post_tag","embeddable":true,"href":"https:\/\/www.bghaber.org\/bghaber\/wp-json\/wp\/v2\/tags?post=34037"}],"curies":[{"name":"wp","href":"https:\/\/api.w.org\/{rel}","templated":true}]}}