{"id":34033,"date":"2019-02-01T20:39:35","date_gmt":"2019-02-01T17:39:35","guid":{"rendered":"https:\/\/www.bghaber.org\/bghaber\/?p=34033"},"modified":"2019-02-02T11:18:59","modified_gmt":"2019-02-02T08:18:59","slug":"kalkmayan-agir-golge","status":"publish","type":"post","link":"https:\/\/www.bghaber.org\/bghaber\/kalkmayan-agir-golge\/","title":{"rendered":"Kalkmayan A\u011f\u0131r G\u00f6lge"},"content":{"rendered":"<p>Tarih: 1 \u015eubat 2019<br \/>\nYazan:\u00a0 Rafet ULUT\u00dcRK<br \/>\nKonu:<strong>\u00a0\u00a0 \u015eehitleri birlikte anman\u0131n orta yolunu bulamayan bir halk\u0131n gelece\u011fi olamaz.<\/strong><\/p>\n<p>29 y\u0131ldan beri Bulgaristan\u2019da \u015eubat\u0131n 1. g\u00fcn\u00fcnde kom\u00fcnist Sovyet totaliter d\u00f6nemi kurbanlar\u0131 an\u0131l\u0131r. Sofya\u2019da Milli K\u00fclt\u00fcr Evi (NDK) park\u0131ndaki \u015fehit isimlerinin alt\u0131n harflerle alt alta yaz\u0131lm\u0131\u015f oldu\u011fu mermer levhaya \u00e7elenkler ve \u00e7i\u00e7ek demetleri konur.<\/p>\n<p><strong>Siyah giyinmi\u015f ya\u015fl\u0131 kad\u0131nlar a\u011flamaktan kurumu\u015f g\u00f6zlerini tekrar tekrar siler.<\/strong> Bu levhada T\u00fcrk isimli kahraman yoktur. Oysa Plevneli Al\u0131 Dervi\u015f\u2019in, Selvili Ahmet Tatar\u0131n, bu kavgada 2 baca\u011f\u0131 ve bir kolu kesilen Karlovolu H\u00fcseyin Arifin vb kahramanlar\u0131n isminin olmas\u0131 gerekirdi.<\/p>\n<p><strong>Yaratan b\u00fct\u00fcn canlar\u0131 e\u015fit yaratm\u0131\u015ft\u0131r, kahramanlar b\u00fcy\u00fck ve dev olabilir, ama kaybedilen hayatt\u0131r ve hepimizin hayat\u0131 e\u015fittir.<\/strong><\/p>\n<p><strong>Bu sene de Cumhurba\u015fkan\u0131 Rumen Radev ve Ba\u015fbakan Boyko Borisov totalitarizm kurbanlar\u0131n\u0131 anma t\u00f6renlerine kat\u0131lmad\u0131lar. <\/strong><\/p><div id=\"bghab-2037721356\" class=\"bghab-icerik-icine bghab-entity-placement\"><script async src=\"\/\/pagead2.googlesyndication.com\/pagead\/js\/adsbygoogle.js?client=ca-pub-6203283170189293\" crossorigin=\"anonymous\"><\/script><ins class=\"adsbygoogle\" style=\"display:block; text-align:center;\" data-ad-client=\"ca-pub-6203283170189293\" \ndata-ad-slot=\"7303146466\" \ndata-ad-layout=\"in-article\"\ndata-ad-format=\"fluid\" data-full-width-responsive=\"true\"><\/ins>\n<script> \n(adsbygoogle = window.adsbygoogle || []).push({}); \n<\/script>\n<\/div>\n<p>\u00d6ld\u00fcr\u00fclenler konusunda Bulgar toplumu par\u00e7alanm\u0131\u015f durumda. Kom\u00fcnistler 1923-1944 y\u0131llar\u0131 aras\u0131nda fa\u015fistler bizden 5 bin ki\u015fi \u00f6ld\u00fcrd\u00fc, partizanlara yatakl\u0131k edenlerden 20 bin ki\u015fi, tutuklananlardan da 10 bin ki\u015fi yarg\u0131s\u0131z infaz edildi diyorlar.<\/p>\n<p>100 binimiz \u00f6ld\u00fcr\u00fcld\u00fc iddias\u0131nda bulunan \u00c7ar III. Boris taraftarlar\u0131 ise <em>\u201cHalk Mahkemesinin 1944-1946 y\u0131llar\u0131 aras\u0131nda 2\u00a0600 idam cezas\u0131 kesti\u011fini, toplam 30\u00a0000 ki\u015finin \u00f6ld\u00fcr\u00fcld\u00fc\u011f\u00fcn\u00fc, \u00fclkede i\u00e7 sava\u015f ya\u015fand\u0131\u011f\u0131n\u0131, totaliter rejim kurbanlar\u0131n\u0131 anman\u0131n bug\u00fcn de \u00e7ok tehlikeli oldu\u011funu belirtiyorlar.\u00a0 <\/em><\/p>\n<p><strong>Medya taraflar\u0131n birbirinden af dilemesinde \u0131srarl\u0131!<\/strong><\/p>\n<p><strong>Fakat kom\u00fcnistin fa\u015fist&#8217;en ve fa\u015fist&#8217;in kom\u00fcnist&#8217;en af diledi\u011fi nerede g\u00f6r\u00fclm\u00fc\u015f?<\/strong><\/p>\n<p><strong>\u201cBelene\u201d<\/strong> \u00d6l\u00fcm Kamp\u0131nda yatanlar, ci\u011ferleri k\u0131zg\u0131n demirle da\u011flanan ve ya derin dondurucuda dondurulan kahramanlar da e\u015fittir, hepsinin cesetleri domuzlara at\u0131lm\u0131\u015f ya da <strong>\u201cPersin\u201d<\/strong> adas\u0131n\u0131n Kuzey Bat\u0131s\u0131nda bulunan ve \u00fczerinde bir i\u015faret bulunmayan \u00e7ukurda yatar.<\/p><div id=\"bghab-1040535853\" class=\"bghab-icerik-icine-10-paragraf bghab-entity-placement\"><script async src=\"\/\/pagead2.googlesyndication.com\/pagead\/js\/adsbygoogle.js?client=ca-pub-6203283170189293\" crossorigin=\"anonymous\"><\/script><ins class=\"adsbygoogle\" style=\"display:block; text-align:center;\" data-ad-client=\"ca-pub-6203283170189293\" \ndata-ad-slot=\"7303146466\" \ndata-ad-layout=\"in-article\"\ndata-ad-format=\"fluid\" data-full-width-responsive=\"true\"><\/ins>\n<script> \n(adsbygoogle = window.adsbygoogle || []).push({}); \n<\/script>\n<\/div>\n<p>Katolik papaz Kortezi, <strong>\u201cBelene\u201d<\/strong> \u00f6l\u00fcm kamp\u0131n\u0131 Park M\u00fcze\u2019ye d\u00f6n\u00fc\u015ft\u00fcrmeye \u00e7al\u0131\u015ft\u0131. Hatta 2017\u2019de <strong>\u201cY\u0131l\u0131n Adam\u0131\u201d<\/strong> ilan edildi. Ne var ki, ada giri\u015fine uzatt\u0131\u011f\u0131 mermer duvara bu adada kapal\u0131 tutulan baz\u0131 istatistiklere g\u00f6re 1\u00a0500, di\u011ferlerine g\u00f6re 1\u00a0200, <strong>\u201cResmi Gazete\u201d<\/strong> (D\u0131rjaven Vestnik) <strong>yay\u0131n\u0131na<\/strong> <strong><u>g\u00f6re 517 olan M\u00fcsl\u00fcman kahramanlar\u0131m\u0131z\u0131n hi\u00e7birinin T\u00fcrk isimlerini alt\u0131n harflerle yazd\u0131ramad\u0131. <\/u><\/strong><\/p>\n<p><strong>Bulgarlar, se\u00e7meli kopyac\u0131 bir millettir. <\/strong><\/p>\n<p>Ruslardan ya da Almanlardan An\u0131t Kabir duvar\u0131 nas\u0131l d\u00fczenlenir k\u00fclt\u00fcr\u00fc alm\u0131\u015f olsalard\u0131, insan ayr\u0131m\u0131 yapmazlar, Bulgaristan\u2019daki \u015fehit ve kahramanlar\u0131n hepsini Gazi ilan ederler, hepsinin isimlerini siyah mermer levhalara alt\u0131n harflerle yazar ve kavga biterdi.<\/p>\n<p><strong>Birinci D\u00fcnya Sava\u015f\u0131nda 6\u00a0896 \u015fehidimiz var ama T\u00fcrk asker an\u0131t\u0131 yok.<\/strong> Bulgar soyunu Rus istilas\u0131ndan korumaya \u00e7al\u0131\u015fan <strong>\u201c\u015eipka\u201d<\/strong> kahraman\u0131 S\u00fcleyman Pa\u015fa\u2019n\u0131n da bir an\u0131t\u0131 hala yok.<\/p>\n<p>Sanki b\u00fct\u00fcn olmayanlar\u0131n k\u00f6k\u00fcnde 1879 T\u0131rnovo Anayasas\u0131 yat\u0131yor. \u015eu kan\u0131day\u0131m, o zaman Almanlar\u0131n Bismark Anayas\u0131n\u0131 ya da ikinci D\u00fcnya Sava\u015f\u0131ndan sonra Konrad Adenauer Anayasas\u0131\u2019n\u0131 kopyalam\u0131\u015f olsalard\u0131, bug\u00fcn bamba\u015fka bir memlekette ya\u015fayacakt\u0131k. Adenaur Anayasas\u0131 Almanya\u2019da fa\u015fizmin b\u00fct\u00fcn sembollerini yasaklad\u0131, totaliter rejim tutunamad\u0131. Biz bug\u00fcn totalitarizm kurbanlar\u0131n\u0131, <strong>\u201cHalk Mahkemesi\u201d<\/strong> nin idam kararlar\u0131na kurban gidenleri an\u0131yoruz. Fakat totalitarizm y\u0131llar\u0131nda Sofya Merkez Hapishanesinde <strong>kur\u015funa dizilen<\/strong> <strong>12 T\u00fcrk\u2019ten s\u00f6z etmiyoruz. <\/strong>Onlar hala devlet cetvellerinde <strong>\u201cter\u00f6rist\u201d<\/strong> olarak ge\u00e7iyor. <strong>\u0130sim ve kimlik de\u011fi\u015ftirme kurbanlar\u0131n\u0131 g\u00f6rmezden geliyoruz.<\/strong> En k\u00f6t\u00fcs\u00fc totalitarizmin ba\u015f cellad\u0131 Todor Jivkov\u2019a Pravets\u2019te d\u00f6rt metre y\u00fcksek, Pen\u00e7o Kubadinski\u2019ye Kubad\u0131nda boy an\u0131t\u0131 vs dikiyoruz ve bunlar\u0131 bir gecede de\u011fil, halk\u0131n \u00f6n\u00fcnde g\u00fcpe g\u00fcnd\u00fcz y\u0131kmaya irade ve olgunluk g\u00f6steremiyoruz. \u0130\u015fte Bulgaristan demokrasisi bu\u2026<\/p><div id=\"bghab-1467905230\" class=\"bghab-icerik-icine-15-paragraf bghab-entity-placement\"><script async src=\"\/\/pagead2.googlesyndication.com\/pagead\/js\/adsbygoogle.js?client=ca-pub-6203283170189293\" crossorigin=\"anonymous\"><\/script><ins class=\"adsbygoogle\" style=\"display:block; text-align:center;\" data-ad-client=\"ca-pub-6203283170189293\" \ndata-ad-slot=\"7303146466\" \ndata-ad-layout=\"in-article\"\ndata-ad-format=\"fluid\" data-full-width-responsive=\"true\"><\/ins>\n<script> \n(adsbygoogle = window.adsbygoogle || []).push({}); \n<\/script>\n<\/div>\n<p><strong>\u00dcstelik 1948\u2019de kabul edilen \u0130nsan Haklar\u0131 Bildirisini: <\/strong><\/p>\n<p>1975\u2019te imzalad\u0131\u011f\u0131m\u0131z Helsinki Senedini; Viyana Az\u0131nl\u0131k Haklar\u0131 \u00c7er\u00e7eve Antla\u015fmas\u0131n\u0131 ve 1909\u2019dan beri imzalanan Bulgar T\u00fcrk Antla\u015fmalar\u0131n\u0131n Bulgaristan\u2019da Ya\u015fayan M\u00fcsl\u00fcmanlar\u0131n Haklar\u0131na ve \u00d6zg\u00fcrl\u00fcklerine \u0130li\u015fkin Ek Protokolleri uygulam\u0131\u015f olsayd\u0131k, belki \u015fu kom\u00fcnizm kurbanlar\u0131n\u0131 anma g\u00fcn\u00fc bile olmayacakt\u0131.<\/p>\n<p>H\u00fcrriyet ve demokrasi, bar\u0131\u015f ve huzur davas\u0131n\u0131n ortakl\u0131\u011f\u0131n\u0131 kabul edenler \u015fehitlerin an\u0131s\u0131n\u0131 saymak zorundad\u0131r. An\u0131lar\u0131n silinmesi ve her \u015feyin unutulmas\u0131 toplumu k\u00f6ks\u00fcz ve hepimizi geleneksiz b\u0131rak\u0131r.<\/p>\n<p><strong>21.Y\u00fczy\u0131l tarihi ger\u00e7ekleri yazan okul kitaplar\u0131ndan ba\u015flamal\u0131d\u0131r.<\/strong> Tarihini kabul etmeyen bir halktan etnik az\u0131nl\u0131klar\u0131n tarihine, \u015fehitlerine, kahramanlar\u0131na sayg\u0131 g\u00f6stermesini beklemek yanl\u0131\u015f olur. Lanetimiz toplumumuzu par\u00e7alayanlara, bizi b\u00f6lenlere ve birbirimize d\u00fc\u015f\u00fcrenleredir. Gelece\u011fimizin yolu hepimizin kalbinden ve g\u00f6nl\u00fcnden ge\u00e7er.<\/p>\n<p><strong>Sevgili karde\u015flerim, biz kendi \u015fehitlerimizi kendimiz anmaya devam edelim, onlar\u0131n papaz ayinlerinde, bizim de mevlitlerimizde, Fatiha\u2019lar\u0131m\u0131zda onlara yer yoktur. Vatan-memleket birdir.<\/strong> Hak ve h\u00fcrriyet, adalet ve demokrasi davam\u0131zda orta\u011f\u0131z. Ne var ki herkesin mutlu\u011fu ayr\u0131! Bizim \u015fehitlerimiz bizim Gazilerimizdir. Mezardan naa\u015f \u00e7\u0131karmak, an\u0131t dikip sonra y\u0131kmak, an\u0131t kabirleri bombalat\u0131p havaya u\u00e7urmak bizim \u00e2detimizden de\u011fildir. \u0130nsan ruhunun rengi ve kokusu yoktur. Gelecek hepimizin bu topraklar\u0131nda ya\u015fayan herkesindir.<\/p><div id=\"bghab-331871580\" class=\"bghab-icerik-icine-20-paragraf bghab-entity-placement\"><script async src=\"\/\/pagead2.googlesyndication.com\/pagead\/js\/adsbygoogle.js?client=ca-pub-6203283170189293\" crossorigin=\"anonymous\"><\/script><ins class=\"adsbygoogle\" style=\"display:block; text-align:center;\" data-ad-client=\"ca-pub-6203283170189293\" \ndata-ad-slot=\"7303146466\" \ndata-ad-layout=\"in-article\"\ndata-ad-format=\"fluid\" data-full-width-responsive=\"true\"><\/ins>\n<script> \n(adsbygoogle = window.adsbygoogle || []).push({}); \n<\/script>\n<\/div>\n<p>Kal\u0131n sa\u011fl\u0131cakla, payla\u015fmay\u0131 da unutmay\u0131n\u0131z\u2026<\/p>\n<div id=\"bghab-589810634\" class=\"bghab-yazi-altinda bghab-entity-placement\"><div class=\"bghab-adlabel\">Reklamlar<\/div><script async src=\"https:\/\/pagead2.googlesyndication.com\/pagead\/js\/adsbygoogle.js\"><\/script>\r\n<!-- bghaber-yaz\u0131-sonu -->\r\n<ins class=\"adsbygoogle\"\r\n     style=\"display:block\"\r\n     data-ad-client=\"ca-pub-6203283170189293\"\r\n     data-ad-slot=\"4222328180\"\r\n     data-ad-format=\"auto\"\r\n     data-full-width-responsive=\"true\"><\/ins>\r\n<script>\r\n     (adsbygoogle = window.adsbygoogle || []).push({});\r\n<\/script><\/div><br style=\"clear: both; display: block; float: none;\"\/>","protected":false},"excerpt":{"rendered":"<p>Tarih: 1 \u015eubat 2019 Yazan:\u00a0 Rafet ULUT\u00dcRK Konu:\u00a0\u00a0 \u015eehitleri birlikte anman\u0131n orta yolunu bulamayan bir halk\u0131n gelece\u011fi olamaz. 29 y\u0131ldan beri Bulgaristan\u2019da \u015eubat\u0131n 1. g\u00fcn\u00fcnde<\/p>\n","protected":false},"author":13,"featured_media":31454,"comment_status":"closed","ping_status":"closed","sticky":false,"template":"","format":"standard","meta":{"advanced_seo_description":"","jetpack_seo_html_title":"","jetpack_seo_noindex":false,"_jetpack_memberships_contains_paid_content":false,"footnotes":""},"categories":[6],"tags":[],"class_list":["post-34033","post","type-post","status-publish","format-standard","has-post-thumbnail","hentry","category-yorum"],"jetpack_featured_media_url":"https:\/\/i0.wp.com\/www.bghaber.org\/bghaber\/wp-content\/uploads\/2018\/06\/rafet-mass.jpg?fit=626%2C572&ssl=1","jetpack_sharing_enabled":true,"jetpack_likes_enabled":true,"jetpack-related-posts":[],"jetpack_shortlink":"https:\/\/wp.me\/pc2PfJ-8QV","_links":{"self":[{"href":"https:\/\/www.bghaber.org\/bghaber\/wp-json\/wp\/v2\/posts\/34033","targetHints":{"allow":["GET"]}}],"collection":[{"href":"https:\/\/www.bghaber.org\/bghaber\/wp-json\/wp\/v2\/posts"}],"about":[{"href":"https:\/\/www.bghaber.org\/bghaber\/wp-json\/wp\/v2\/types\/post"}],"author":[{"embeddable":true,"href":"https:\/\/www.bghaber.org\/bghaber\/wp-json\/wp\/v2\/users\/13"}],"replies":[{"embeddable":true,"href":"https:\/\/www.bghaber.org\/bghaber\/wp-json\/wp\/v2\/comments?post=34033"}],"version-history":[{"count":0,"href":"https:\/\/www.bghaber.org\/bghaber\/wp-json\/wp\/v2\/posts\/34033\/revisions"}],"wp:featuredmedia":[{"embeddable":true,"href":"https:\/\/www.bghaber.org\/bghaber\/wp-json\/wp\/v2\/media\/31454"}],"wp:attachment":[{"href":"https:\/\/www.bghaber.org\/bghaber\/wp-json\/wp\/v2\/media?parent=34033"}],"wp:term":[{"taxonomy":"category","embeddable":true,"href":"https:\/\/www.bghaber.org\/bghaber\/wp-json\/wp\/v2\/categories?post=34033"},{"taxonomy":"post_tag","embeddable":true,"href":"https:\/\/www.bghaber.org\/bghaber\/wp-json\/wp\/v2\/tags?post=34033"}],"curies":[{"name":"wp","href":"https:\/\/api.w.org\/{rel}","templated":true}]}}