{"id":34029,"date":"2019-02-01T00:20:51","date_gmt":"2019-01-31T21:20:51","guid":{"rendered":"https:\/\/www.bghaber.org\/bghaber\/?p=34029"},"modified":"2019-02-01T00:20:51","modified_gmt":"2019-01-31T21:20:51","slug":"ust-akil-nerededir","status":"publish","type":"post","link":"https:\/\/www.bghaber.org\/bghaber\/ust-akil-nerededir\/","title":{"rendered":"\u00dcst Ak\u0131l Nerededir?"},"content":{"rendered":"<p>Tarih: 31 01 2019<br \/>\nYazan: Nedim AKIN<br \/>\nKonu: <strong>Biz ufald\u0131k\u00e7a ve da\u011f\u0131ld\u0131k\u00e7a onlar bayram ediyorlar.<\/strong><\/p>\n<p>Sofya\u2019da, Sudi \u00d6zkan\u2019\u0131n \u201cPrenses\u201d otelinden \u00e7\u0131kt\u0131m, acil kan merkezine do\u011fru y\u00fcr\u00fcyorum. Hava so\u011fuk. Yer donmu\u015f. Oyna\u015farak inen kan tanecikleri sanki \u201c<strong>A\u011fa bicim sen \u015furaya bas da kayma<\/strong>\u201d der gibi konacaklar\u0131 yeri g\u00f6steriyor bana. \u00c7evrem birden sar\u0131ld\u0131. Delikanl\u0131lar. Ya\u015fl\u0131 \u00c7ingeneler ve 16-17\u2019sinde k\u0131zca\u011f\u0131zlar. G\u00f6zlerine bakt\u0131m mavi, ye\u015fil, siyah ve kahve hepsinden var. Hepsi yorgun. G\u00fcn boyu m\u00fc\u015fteri beklemi\u015fler. Kanlar\u0131n\u0131 sat\u0131yorlar.<\/p>\n<p>Daha do\u011frusu teklif ediyorlar. Bir bankas\u0131 bir ayl\u0131k ortalama i\u015f\u00e7i maa\u015f\u0131. Zoru olan u\u011fray\u0131p hizmetlerinden yararlan\u0131yor. Doktorlar, kar vermi\u015ftir belgesini g\u00f6rmeden ameliyat masas\u0131na yakla\u015fm\u0131yor.<\/p>\n<ul>\n<li>Ne yap\u0131yorsunuz? Dedim, birazc\u0131k s\u0131cakl\u0131kla kayna\u015fmak istercesine.<\/li>\n<li>Bulgarlar\u0131n kan\u0131n\u0131 temizliyoruz! A\u011fabey dediler.<\/li>\n<\/ul>\n<p>Onlardan hi\u00e7 biri Adolf Hitler\u2019in KAVGAM (Zay\u0131fa ac\u0131mak Do\u011faya \u0130hanettir) eserini okumam\u0131\u015ft\u0131r. Fakat tam Hitler gibi konu\u015fuyorlar. 2011\u2019de Konya Karatay\u2019da \u00e7\u0131kan bask\u0131lar\u0131ndan birinin 269\u2019uncu sayfas\u0131nda insan kasab\u0131 Hitler \u201c<strong>Irk\u0131 meydana getiren unsur kand\u0131r<\/strong>\u201d diyordu.\u00a0 29 y\u0131ldan beri devam eden demokrasi benzetmesi toplumsal d\u00fczenimizde ben Bulgar ba\u015fkentinin kan verilen tek merkezi olan \u201cburada\u201d az\u0131nl\u0131klardan olmayan bir tek kan <strong>verici veya ba\u011f\u0131\u015f\u00e7\u0131 tek ki\u015fi g\u00f6rmedim. \u0130nsan\u0131n dili kolay de\u011fi\u015fir. Dilini de\u011fi\u015ftiren bir ki\u015fi \u0131rk\u0131n\u0131 de\u011fi\u015ftirmi\u015f olmaz. Yahudiler bir\u00e7ok dilli birden konu\u015fsalar da soy kimliklerinde hi\u00e7 bir \u015fey kaybetmi\u015f olmazlar. <\/strong>Kan verme veya ba\u011f\u0131\u015flama konusunda \u00e7ok hassast\u0131rlar. Kimseye kan vermedikleri gibi, Yahudi olmayan bir ki\u015finin kan\u0131n\u0131 da ta\u015f\u0131mazlar.<\/p>\n<p><strong>Demokrasi d\u00f6neminde g\u00fc\u00e7s\u00fcz ve \u00e7aresiz d\u00fc\u015fen \u00c7ingeneler kan ve \u00e7ocuk satmakla iyi ayakta durdular.<\/strong><\/p><div id=\"bghab-2621255614\" class=\"bghab-icerik-icine bghab-entity-placement\"><script async src=\"\/\/pagead2.googlesyndication.com\/pagead\/js\/adsbygoogle.js?client=ca-pub-6203283170189293\" crossorigin=\"anonymous\"><\/script><ins class=\"adsbygoogle\" style=\"display:block; text-align:center;\" data-ad-client=\"ca-pub-6203283170189293\" \ndata-ad-slot=\"7303146466\" \ndata-ad-layout=\"in-article\"\ndata-ad-format=\"fluid\" data-full-width-responsive=\"true\"><\/ins>\n<script> \n(adsbygoogle = window.adsbygoogle || []).push({}); \n<\/script>\n<\/div>\n<p>Hitler hapishanede dikte etti\u011fi \u201cKavgam\u201d eserinde tilki daima tilki, kaz daima kazd\u0131r. Bu \u00f6rnekler \u00e7o\u011falt\u0131labilir, \u00f6te yandan \u015funu belirtmek gerekir ki, ayn\u0131 \u0131rka sahip olan kimseler aras\u0131nda te\u015fhis edilen farklar, \u00f6zellikle sahip olduklar\u0131 enerji, canl\u0131l\u0131k, zek\u00e2, ustal\u0131k ve dayan\u0131kl\u0131l\u0131k gibi yeteneklerin toplumdaki e\u015fitsizli\u011finden ileri gelir. Fakat hi\u00e7bir zaman normal normal bir yetenek g\u00fcd\u00fcs\u00fcyle, kazlara kar\u015f\u0131 \u201ciyi kalplilikle\u201d hareket edecek bir tilkiye veya s\u0131\u00e7ana kar\u015f\u0131 merhamet duyan bir kediye rastlanmaz. Bulgar \u00c7ingene ili\u015fkisi de tam b\u00f6yledir. Ben Bulgarlar\u0131n a\u011f\u0131z\u0131ndan \u201c<strong>\u0130yi \u00c7ingene<\/strong>\u201d s\u00f6z\u00fcn\u00fc i\u015fitmedim.<\/p>\n<p>Ba\u015fka bir ifadeyle kaliteli yemlenmekle, kan de\u011fi\u015ftirmekle insan\u0131n huyu ve ruhu de\u011fi\u015fmez. Hitlerin geli\u015ftirdi\u011fi ar\u0131 \u0131rk (\u00fcst\u00fcn \u0131rk) teorisinin \u00f6z\u00fcnde, daha g\u00fc\u00e7l\u00fc olan\u0131n rol\u00fc h\u00fckmetmek olmal\u0131d\u0131r, daha zay\u0131f olanla kayna\u015fmak de\u011fil. E\u011fer b\u00f6yle davranmazsa, kendi b\u00fcy\u00fckl\u00fc\u011f\u00fcn\u00fc feda etmi\u015f olur.\u00a0 Irk teorisi sa\u00e7mal\u0131\u011fa dayanm\u0131\u015ft\u0131r. \u00c7\u00fcnk\u00fc her \u0131rktan \u00fcst\u00fcn insanlar vard\u0131r.<\/p>\n<p><strong>Biz Bulgaristan\u2019da \u00e7ok farkl\u0131 olaylarla y\u00fczle\u015fiyoruz.<\/strong> Bir defa devlet kuran, dili ve dini olan Bulgar \u0131rk\u0131 di\u011fer \u0131rklar\u0131 s\u00f6zde kendine kayna\u015ft\u0131rarak onlara h\u00fckmetmeye \u00e7al\u0131\u015f\u0131yor. Ne ki, ba\u015fkas\u0131ndan kan alan kendili\u011finden daha ak\u0131l\u0131, zeki ve cesur olmuyor. Bu insan\u0131n geninde olan bir \u015fey ve vas\u0131flar\u0131n\u0131 soy k\u00f6k\u00fcnden al\u0131yor. Yukar\u0131da s\u0131ralanan \u00f6teki vas\u0131flar i\u00e7in de ayn\u0131 \u015feyi s\u00f6yleyebiliriz.<\/p>\n<p>Son y\u0131llarda Bulgaristan\u2019da a\u00e7 susuz, cahil ve i\u015fsiz \u00c7ingenelerin GETTO hayat\u0131nda birbirine sar\u0131ld\u0131klar\u0131n\u0131, cesaret toplad\u0131klar\u0131n\u0131 ve kudret f\u0131\u015fk\u0131rmas\u0131 sergilediklerini s\u0131k s\u0131k g\u00f6rebiliyoruz. Voyvodino k\u00f6y\u00fcnde bir Mavi bereli ve Novi Pazar\u2019da bir polisin \u00c7ingeneler taraf\u0131ndan tartaklanmas\u0131ndan sonra, Meclise hemen bir yeni yasa sunuldu ve Polise kafa tutan ve el kald\u0131rana\u201d an\u0131nda 2\u00a0000 (iki bin) leva ceza kesiliyor. 1980\u2019li y\u0131llar\u0131n ikinci yar\u0131s\u0131nda T\u00fcrklere T\u00fcrk\u00e7e s\u00f6yledikleri her s\u00f6z i\u00e7in 5 leva kestikleri gibi. O kadar dava a\u00e7\u0131ld\u0131 kimse paras\u0131n\u0131 geri alamad\u0131. Sopadan kemikleri k\u0131r\u0131lanlara da tazminat vermediler. Kanunlar az\u0131nl\u0131klara adalet da\u011f\u0131tm\u0131yor \u00a0Uygulanan de\u011fi\u015fik bi\u00e7imli fa\u015fizmdir.<\/p>\n<p><strong>Korku ba\u015f g\u00f6sterdi\u011finde Bulgarlar her \u015feyi unutuyor ve birbirlerine s\u0131ms\u0131k\u0131 \u00f6r\u00fcl\u00fcyorlar.<\/strong> Adalet \u00e7ark\u0131n\u0131 kendi lehinde \u00e7al\u0131\u015ft\u0131rmay\u0131 beceriyor. Sanki Hitlerin \u201c<strong>Zay\u0131fa ac\u0131mak Do\u011faya \u0130hanettir<\/strong>\u201d s\u00f6zlerini hepsi ezberlemi\u015fler. D\u00fcnk\u00fc g\u00fcn (30 Aral\u0131k 2019\u2019da) Filibe (Plovdiv) Yeni Mahalle\u2019ye polis bask\u0131n\u0131 yap\u0131ld\u0131. Kahveler, \u00c7ayc\u0131lar gen\u00e7 ya\u015fl\u0131 herkes yere yat\u0131r\u0131ld\u0131, tabaklar, fincanlar, bardaklar d\u00fcz k\u0131r\u0131ld\u0131, 4 ki\u015fi tutukland\u0131. Ba\u015fbakan Yard\u0131mc\u0131s\u0131 ve Savunma Bakan\u0131 Krasimir Karaka\u00e7anov \u00c7ingeneleri tutuklayan polisleri tebrik etti. Ayn\u0131 sald\u0131r\u0131 Stanimaka (Asenovgrad) GETTO-suna da yap\u0131ld\u0131. Orada da tutuklamalar var. Bulgaristan\u2019da 72 bin polis var. Az\u0131nl\u0131klara kar\u015f\u0131 vurucu g\u00fc\u00e7 olarak ileri s\u00fcr\u00fcl\u00fcyorlar. Avrupa\u2019n\u0131n 2019 K\u00fclt\u00fcr merkezinde polis zulm\u00fc kol geziyor.<\/p><div id=\"bghab-1836896329\" class=\"bghab-icerik-icine-10-paragraf bghab-entity-placement\"><script async src=\"\/\/pagead2.googlesyndication.com\/pagead\/js\/adsbygoogle.js?client=ca-pub-6203283170189293\" crossorigin=\"anonymous\"><\/script><ins class=\"adsbygoogle\" style=\"display:block; text-align:center;\" data-ad-client=\"ca-pub-6203283170189293\" \ndata-ad-slot=\"7303146466\" \ndata-ad-layout=\"in-article\"\ndata-ad-format=\"fluid\" data-full-width-responsive=\"true\"><\/ins>\n<script> \n(adsbygoogle = window.adsbygoogle || []).push({}); \n<\/script>\n<\/div>\n<p>Biz T\u00fcrkler \u201c<strong>kendi ba\u015f kendi t\u0131ra\u015f<\/strong>\u201d ki\u015fileriz. Yard\u0131mla\u015fmay\u0131 dayan\u0131\u015fmay\u0131 sevsek de g\u00fc\u00e7 birli\u011fi yapmay\u0131 ustal\u0131kla ba\u015fard\u0131\u011f\u0131m\u0131z gibi, par\u00e7alan\u0131p, b\u00f6l\u00fcn\u00fcp da\u011f\u0131lmaya ba\u015flad\u0131\u011f\u0131m\u0131zda hi\u00e7 kimsenin g\u00f6zya\u015f\u0131na bakmay\u0131z.\u00a0 Bayra\u011f\u0131m\u0131z\u0131 dalgaland\u0131rmak i\u00e7in g\u00f6nderimizi dikti\u011fimiz, partile\u015fti\u011fimiz ve birle\u015fti\u011fimiz g\u00fcnden beri yaprak d\u00f6k\u00fcm\u00fc ya\u015f\u0131yoruz. Her par\u00e7alanmadan sonra yeniden ufal\u0131yoruz. G\u00fcner Tahir ve Osman Oktay\u2019\u0131n partilerinden eser kalmad\u0131. Silinip s\u00fcp\u00fcr\u00fcld\u00fcler. Kas\u0131m Dal\u2019\u0131n Halk\u0131n \u015eeref ve H\u00fcrriyet Partisi de tepeden par\u00e7aland\u0131. Genel Ba\u015fkan Orhan \u0130smailov partiden ihra\u00e7 edildi. 1989 y\u0131l\u0131nda devrimci m\u00fccadele g\u00f6nderimizi diktik. K\u0131smet i\u015fte, dire\u011fimizin tepesine Ahmet Do\u011fan geldi leylek gibi yuva kurdu ve ne bokundan ne yumurtas\u0131ndan fayda var, ne de eti yenir. K\u0131smet dedik, boyun e\u011fdik. Og\u00fcn bug\u00fcn da\u011f\u0131l\u0131yoruz. G\u00fcney H\u00fcsmen vali olal\u0131 Deliorman ve Gerlovo halk\u0131n\u0131 GERB partisine paketlemeye \u00e7al\u0131\u015f\u0131yor. Zaman birle\u015fme zaman\u0131d\u0131r. Eylemlerimizin temelinde ve esas\u0131nda anti-fa\u015fist kavga olabilir. Tabanda birle\u015fmek zorunday\u0131z\u2026<\/p>\n<p><strong>Bulgar bas\u0131n\u0131nda, \u00f6lmezden \u00f6nce kendine an\u0131t diktiren diktat\u00f6r Todor Jivkov\u2019un resmiyle B\u0130Z T\u00dcRKLER\u0130 YEND\u0130K ba\u015fl\u0131\u011f\u0131yla bir yaz\u0131 \u00e7\u0131kt\u0131. Asl\u0131nda yenilen kendisidir. Devrildi. Partisi ismini de\u011fi\u015ftirdi. Par\u00e7aland\u0131.<\/strong><\/p>\n<p>Bu yaz\u0131daki ana fikir \u015fudur. 1984\u2019te \u00f6ld\u00fcr\u00fclen ve tutuklanan T\u00fcrklerin say\u0131s\u0131n\u0131 veriyor. 1985\u2019te devam eden devlet ter\u00f6r\u00fcn\u00fcn ald\u0131\u011f\u0131 kurbanlar\u0131 \u00f6vg\u00fcyle hat\u0131rlat\u0131yor. 1989 May\u0131s ayaklanmas\u0131n\u0131 bast\u0131rabildiklerinden, T\u00fcrkiye\u2019nin k\u00f6r gibi bakakalmas\u0131ndan dem vuruyor. Bulgarlar\u0131n kurbanlar\u0131n\u0131 \u00f6v\u00fcyor. \u0130\u00e7 sava\u015f k\u0131\u015fk\u0131rtt\u0131\u011f\u0131n\u0131 s\u00f6ylemiyor. \u0130\u011fren\u00e7li\u011fini d\u00fcnya g\u00f6rd\u00fc. Bulgar milliyet\u00e7ili\u011fine \u015ferbet veriyor ve \u00fcst\u00fcn olduklar\u0131n\u0131 ve az\u0131nl\u0131klar \u00fczerinde h\u00fckmetmeleri gerekti\u011fini hat\u0131rlat\u0131yor.<\/p>\n<p>Hat\u0131rlatmak istedi\u011fim birka\u00e7 ger\u00e7ek var. Bulgar fa\u015fizm kuzgunu M\u00fcsl\u00fcman T\u00fcrklerimizin ba\u015f\u0131na en b\u00fcy\u00fck ac\u0131mas\u0131zl\u0131k ve \u015fiddetle 1934 askeri darbesinden sonra sald\u0131rm\u0131\u015ft\u0131r. Bu darbeyle i\u015fba\u015f\u0131na kelen Ba\u015fbakan Kimon Georgiev h\u00fck\u00fcmeti \u00f6nce, T\u00fcrk ocaklar\u0131m\u0131z\u0131, Turan \u00f6rg\u00fctlerimizi, sanat ve spor derneklerimizi yasaklad\u0131, devlet ter\u00f6r\u00fc uygulad\u0131, T\u00fcrk okullar\u0131n\u0131n yar\u0131s\u0131n\u0131 kapatt\u0131. Daha sonraki y\u0131llarda, bir fa\u015fist Bulgar subay\u0131 olsa da K. Georgiev\u2019\u0131n asl\u0131nda ayn\u0131 y\u0131l Rusya D\u0131\u015f Askeri \u0130stihbarat\u0131 taraf\u0131ndan ajan olarak ele ge\u00e7irildi\u011fi ortaya \u00e7\u0131kt\u0131. Demek oluyor ki, bu yasaklar, bu d\u00fc\u015fmanl\u0131k Stalin Rusya\u2019s\u0131 (Kremlin)\u00a0 emriyle ger\u00e7ekle\u015fti. Y\u00f6netti\u011fi \u201cZveno\u201d partisi bir burjuva partisidir. \u00c7ok ilgin\u00e7tir ki yine \u201cZveno\u201d partisi ba\u015fkan\u0131 olarak K.Georgiev 1944-1946 y\u0131llar\u0131 Bulgaristan\u2019\u0131n Stalin \u00e7izmesi alt\u0131na d\u00fc\u015ft\u00fc\u011f\u00fc y\u0131llarda 3 defa daha ba\u015fbakan olmu\u015ftur. Onun ba\u015fbakanl\u0131\u011f\u0131 d\u00f6neminde 20 Aral\u0131k 1944\u2019te \u201cHalk Mahkemeleri\u201d kurulmu\u015f ve Bulgarlar\u0131n entelekt\u00fcel kesimi \u00f6l\u00fcm cezas\u0131na \u00e7arpt\u0131r\u0131lm\u0131\u015ft\u0131r. Bu i\u015flemlerin t\u00fcm\u00fc \u201cKremlin emirleriyle\u201d ger\u00e7ekle\u015ftirilmi\u015ftir.<\/p>\n<p><strong>\u015eu asla unutulmamal\u0131d\u0131r ki, 1878\u2019den sonra ve 2. D\u00fcnya sava\u015f\u0131 y\u0131llar\u0131nda bile Bulgaristanl\u0131 T\u00fcrklerin T\u00fcrkiye\u2019ye g\u00f6\u00e7leri asla durmam\u0131\u015f,<\/strong> Pomaklar\u0131n isimleri ve dinleri de devaml\u0131 de\u011fi\u015ftirilmeye \u00e7al\u0131\u015f\u0131lm\u0131\u015ft\u0131r. III. Bulgar devletinin ilk 76 y\u0131l\u0131nda Bulgarlar kendi aralar\u0131nda daha fazla kavga etmi\u015f, Balkan ve Birinci D\u00fcnya Sava\u015flar\u0131nda yenilmi\u015ftir. 1918 Vladaya Asker Ayaklanmas\u0131nda kullan\u0131lan en a\u011f\u0131r silah Alman toplar\u0131d\u0131r. 1913 Eyl\u00fcl\u00fcnde patlak veren \u0130\u015f\u00e7i Ayaklanmas\u0131nda ise en a\u011f\u0131r silah olarak makineli t\u00fcfekle ate\u015f edilmi\u015ftir. Ne ki 1984-1989 y\u0131llar\u0131 aras\u0131nda dalga dalga devam eden T\u00fcrk Halk \u0130syan\u0131nda totaliter devlet z\u0131rhl\u0131 ara\u00e7lar, tanklar ve top, helikopter kullanm\u0131\u015ft\u0131r. Demek oluyor ki Bulgar totaliter rejimine ve zul\u00fcm devletine kar\u015f\u0131 en b\u00fcy\u00fck ayaklanma, 72 bin ki\u015finin kat\u0131ld\u0131\u011f\u0131 T\u00fcrk Ayaklanmas\u0131d\u0131r. Bu ayaklanma sonucu Todor Jivkov devrilmi\u015ftir ve T\u00fcrklerin yenilgisinden s\u00f6z etmek sa\u00e7mal\u0131kt\u0131r, yaland\u0131r.<\/p><div id=\"bghab-1450295048\" class=\"bghab-icerik-icine-15-paragraf bghab-entity-placement\"><script async src=\"\/\/pagead2.googlesyndication.com\/pagead\/js\/adsbygoogle.js?client=ca-pub-6203283170189293\" crossorigin=\"anonymous\"><\/script><ins class=\"adsbygoogle\" style=\"display:block; text-align:center;\" data-ad-client=\"ca-pub-6203283170189293\" \ndata-ad-slot=\"7303146466\" \ndata-ad-layout=\"in-article\"\ndata-ad-format=\"fluid\" data-full-width-responsive=\"true\"><\/ins>\n<script> \n(adsbygoogle = window.adsbygoogle || []).push({}); \n<\/script>\n<\/div>\n<p><strong>Gelelim \u201c\u00fcst ak\u0131lla\u201d ili\u015fkin temel soruya.<\/strong><\/p>\n<p>Bulgarlar b\u00fct\u00fcn sava\u015flara k\u0131\u015fk\u0131rt\u0131lm\u0131\u015ft\u0131r. B\u00fct\u00fcn sava\u015flarda yenilmi\u015ftir. \u0130sim ve din de\u011fi\u015ftirme ve T\u00fcrkleri memleketlerinden s\u00f6k\u00fcp atma \u00e7\u0131lg\u0131nl\u0131\u011f\u0131nda Bulgar devleti Moskova taraf\u0131ndan k\u0131\u015fk\u0131rt\u0131lm\u0131\u015ft\u0131r. Ahmet Do\u011fan\u2019\u0131n i\u015fi kin ve \u00f6fke oca\u011f\u0131 s\u00f6nmesin diye oca\u011fa odun atmakt\u0131r. \u0130nsanl\u0131k tarihinde dikey yap\u0131l\u0131 din ve dikey devletli ve sars\u0131lmaz ruhlu hi\u00e7bir halk yatay k\u00fclt\u00fcrl\u00fc ve yatay dinli bir halka yenik d\u00fc\u015fmemi\u015ftir. T\u00fcrkler dikey medeniyeti ya\u015fatan b\u00fcy\u00fck halklardand\u0131r.<\/p>\n<p>Okudu\u011funuz i\u00e7in te\u015fekk\u00fcr ederim.<br \/>\nPayla\u015fmay\u0131 unutmay\u0131n\u0131z<\/p>\n<div id=\"bghab-3630109103\" class=\"bghab-yazi-altinda bghab-entity-placement\"><script async src=\"https:\/\/pagead2.googlesyndication.com\/pagead\/js\/adsbygoogle.js\"><\/script>\r\n<!-- bghaber-yaz\u0131-sonu -->\r\n<ins class=\"adsbygoogle\"\r\n     style=\"display:block\"\r\n     data-ad-client=\"ca-pub-6203283170189293\"\r\n     data-ad-slot=\"4222328180\"\r\n     data-ad-format=\"auto\"\r\n     data-full-width-responsive=\"true\"><\/ins>\r\n<script>\r\n     (adsbygoogle = window.adsbygoogle || []).push({});\r\n<\/script><\/div><br style=\"clear: both; display: block; float: none;\"\/>","protected":false},"excerpt":{"rendered":"<p>Tarih: 31 01 2019 Yazan: Nedim AKIN Konu: Biz ufald\u0131k\u00e7a ve da\u011f\u0131ld\u0131k\u00e7a onlar bayram ediyorlar. Sofya\u2019da, Sudi \u00d6zkan\u2019\u0131n \u201cPrenses\u201d otelinden \u00e7\u0131kt\u0131m, acil kan merkezine do\u011fru<\/p>\n","protected":false},"author":13,"featured_media":31679,"comment_status":"closed","ping_status":"closed","sticky":false,"template":"","format":"standard","meta":{"advanced_seo_description":"","jetpack_seo_html_title":"","jetpack_seo_noindex":false,"jetpack_seo_schema_type":"","_jetpack_newsletter_access":"","_jetpack_dont_email_post_to_subs":false,"_jetpack_newsletter_tier_id":0,"_jetpack_memberships_contains_paywalled_content":false,"_jetpack_feature_clip_id":0,"_jetpack_memberships_contains_paid_content":false,"footnotes":"","jetpack_post_was_ever_published":false},"categories":[6],"tags":[],"class_list":["post-34029","post","type-post","status-publish","format-standard","has-post-thumbnail","hentry","category-yorum"],"jetpack_sharing_enabled":true,"jetpack_likes_enabled":true,"jetpack-related-posts":[],"jetpack_shortlink":"https:\/\/wp.me\/pc2PfJ-8QR","jetpack_featured_media_url":"https:\/\/i0.wp.com\/www.bghaber.org\/bghaber\/wp-content\/uploads\/2018\/07\/nedim-akin.jpg?fit=210%2C300&ssl=1","_links":{"self":[{"href":"https:\/\/www.bghaber.org\/bghaber\/wp-json\/wp\/v2\/posts\/34029","targetHints":{"allow":["GET"]}}],"collection":[{"href":"https:\/\/www.bghaber.org\/bghaber\/wp-json\/wp\/v2\/posts"}],"about":[{"href":"https:\/\/www.bghaber.org\/bghaber\/wp-json\/wp\/v2\/types\/post"}],"author":[{"embeddable":true,"href":"https:\/\/www.bghaber.org\/bghaber\/wp-json\/wp\/v2\/users\/13"}],"replies":[{"embeddable":true,"href":"https:\/\/www.bghaber.org\/bghaber\/wp-json\/wp\/v2\/comments?post=34029"}],"version-history":[{"count":0,"href":"https:\/\/www.bghaber.org\/bghaber\/wp-json\/wp\/v2\/posts\/34029\/revisions"}],"wp:featuredmedia":[{"embeddable":true,"href":"https:\/\/www.bghaber.org\/bghaber\/wp-json\/wp\/v2\/media\/31679"}],"wp:attachment":[{"href":"https:\/\/www.bghaber.org\/bghaber\/wp-json\/wp\/v2\/media?parent=34029"}],"wp:term":[{"taxonomy":"category","embeddable":true,"href":"https:\/\/www.bghaber.org\/bghaber\/wp-json\/wp\/v2\/categories?post=34029"},{"taxonomy":"post_tag","embeddable":true,"href":"https:\/\/www.bghaber.org\/bghaber\/wp-json\/wp\/v2\/tags?post=34029"}],"curies":[{"name":"wp","href":"https:\/\/api.w.org\/{rel}","templated":true}]}}