{"id":34027,"date":"2019-01-30T23:58:12","date_gmt":"2019-01-30T20:58:12","guid":{"rendered":"https:\/\/www.bghaber.org\/bghaber\/?p=34027"},"modified":"2019-01-30T23:58:12","modified_gmt":"2019-01-30T20:58:12","slug":"bulgaristanda-grip-yuzunden-okullar-tatil-ilan-edildi","status":"publish","type":"post","link":"https:\/\/www.bghaber.org\/bghaber\/bulgaristanda-grip-yuzunden-okullar-tatil-ilan-edildi\/","title":{"rendered":"Bulgaristan&#8217;da grip y\u00fcz\u00fcnden okullar tatil ilan edildi"},"content":{"rendered":"<h2>Bulgaristan&#8217;\u0131 kas\u0131p kavuran grip salg\u0131n\u0131 okullar\u0131n tatil ilan edilmesine neden oldu.<\/h2>\n<p>Balkanlar&#8217;da \u015fiddetli ge\u00e7en k\u0131\u015f mevsimi yaln\u0131zca kar ve don vakalar\u0131 ile de\u011fil grip salg\u0131n\u0131 ile de etkisini g\u00f6steriyor.<\/p>\n<p>Bulgaristan\u2019da grip salg\u0131n\u0131 nedeniyle \u00fclke \u00e7ap\u0131nda okul ve kre\u015flerin y\u00fczde 90\u2019\u0131 kap\u0131lar\u0131n\u0131 kapatt\u0131. \u00d6te yandan grip sonras\u0131 olu\u015fan komplikasyonlardan 10\u2019dan fazla ki\u015finin \u00f6ld\u00fc\u011f\u00fc bildirildi.<\/p>\n<p>Can kay\u0131plar\u0131 gripten kaynaklanan zat\u00fcrre nedeniyle meydana geliyor. Filibe, Pazarc\u0131k ve Sofya&#8217;da hem yeti\u015fkinler hem de \u00e7ocuklar hayatlar\u0131n\u0131 kaybetti. H\u0131zla yay\u0131lan salg\u0131n kar\u015f\u0131s\u0131nda hastaneler yetersiz kal\u0131yor. Salg\u0131n son olarak T\u00fcrk n\u00fcfusun yo\u011fun oldu\u011fu \u015eumnu kentine de ula\u015ft\u0131. \u015eumnu&#8217;da da grip ve zat\u00fcrre kaynakl\u0131 can kay\u0131plar\u0131 meydana geldi.<\/p>\n<p>Hastanelerde doluluk oran\u0131 y\u00fczde y\u00fcze ula\u015f\u0131rken, akci\u011fer hastal\u0131klar\u0131n\u0131n tedavisinin yap\u0131ld\u0131\u011f\u0131 kliniklerde de yer bulunam\u0131yor. Halk salg\u0131na yakalanmamak i\u00e7in ilk \u00e7are olarak maskelere ba\u015fvuruyor. Tatil edilen okullar\u0131n \u00f6n\u00fcnde \u00f6\u011frencilerin \u00fccretsiz maske da\u011f\u0131tt\u0131\u011f\u0131na rastlanabiliyor.<\/p>\n<p>Ba\u015fkent Sofya&#8217;da uzmanlar vakalar\u0131n hastal\u0131\u011f\u0131 \u00e7ok a\u011f\u0131r ge\u00e7irdi\u011fine ve tedavide zorland\u0131klar\u0131na dikkat \u00e7ekiyorlar.<\/p><div id=\"bghab-111866297\" class=\"bghab-icerik-icine bghab-entity-placement\"><script async src=\"\/\/pagead2.googlesyndication.com\/pagead\/js\/adsbygoogle.js?client=ca-pub-6203283170189293\" crossorigin=\"anonymous\"><\/script><ins class=\"adsbygoogle\" style=\"display:block; text-align:center;\" data-ad-client=\"ca-pub-6203283170189293\" \ndata-ad-slot=\"7303146466\" \ndata-ad-layout=\"in-article\"\ndata-ad-format=\"fluid\" data-full-width-responsive=\"true\"><\/ins>\n<script> \n(adsbygoogle = window.adsbygoogle || []).push({}); \n<\/script>\n<\/div>\n<p>Okullar\u0131n tatil edilmesine ra\u011fmen grip salg\u0131n\u0131n\u0131n \u015fiddetini art\u0131rarak s\u00fcrmesi bekleniyor. Bulgaristan Sa\u011fl\u0131k Bakan\u0131 Kiril Ananiev grip salg\u0131n\u0131n gelecek hafta daha fazla say\u0131da insan\u0131 etkileyece\u011fi uyar\u0131s\u0131nda bulundu.<\/p>\n<p>Salg\u0131n\u0131n \u015fubat ay\u0131ndaki s\u0131cakl\u0131k de\u011fi\u015fimlerine ba\u011fl\u0131 olarak etkisini yitirmesi bekleniyor.<\/p>\n<p>TRT Haber<\/p>\n<div id=\"bghab-128375371\" class=\"bghab-yazi-altinda bghab-entity-placement\"><script async src=\"https:\/\/pagead2.googlesyndication.com\/pagead\/js\/adsbygoogle.js\"><\/script>\r\n<!-- bghaber-yaz\u0131-sonu -->\r\n<ins class=\"adsbygoogle\"\r\n     style=\"display:block\"\r\n     data-ad-client=\"ca-pub-6203283170189293\"\r\n     data-ad-slot=\"4222328180\"\r\n     data-ad-format=\"auto\"\r\n     data-full-width-responsive=\"true\"><\/ins>\r\n<script>\r\n     (adsbygoogle = window.adsbygoogle || []).push({});\r\n<\/script><\/div><br style=\"clear: both; display: block; float: none;\"\/>","protected":false},"excerpt":{"rendered":"<p>Bulgaristan&#8217;\u0131 kas\u0131p kavuran grip salg\u0131n\u0131 okullar\u0131n tatil ilan edilmesine neden oldu. Balkanlar&#8217;da \u015fiddetli ge\u00e7en k\u0131\u015f mevsimi yaln\u0131zca kar ve don vakalar\u0131 ile de\u011fil grip salg\u0131n\u0131<\/p>\n","protected":false},"author":13,"featured_media":26509,"comment_status":"closed","ping_status":"closed","sticky":false,"template":"","format":"standard","meta":{"advanced_seo_description":"","jetpack_seo_html_title":"","jetpack_seo_noindex":false,"jetpack_seo_schema_type":"","_jetpack_newsletter_access":"","_jetpack_dont_email_post_to_subs":false,"_jetpack_newsletter_tier_id":0,"_jetpack_memberships_contains_paywalled_content":false,"_jetpack_feature_clip_id":0,"_jetpack_memberships_contains_paid_content":false,"footnotes":"","jetpack_post_was_ever_published":false},"categories":[7],"tags":[],"class_list":["post-34027","post","type-post","status-publish","format-standard","has-post-thumbnail","hentry","category-saglik-spor"],"jetpack_sharing_enabled":true,"jetpack_likes_enabled":true,"jetpack-related-posts":[],"jetpack_shortlink":"https:\/\/wp.me\/pc2PfJ-8QP","jetpack_featured_media_url":"https:\/\/i0.wp.com\/www.bghaber.org\/bghaber\/wp-content\/uploads\/2018\/01\/grip-saglik.jpg?fit=1120%2C743&ssl=1","_links":{"self":[{"href":"https:\/\/www.bghaber.org\/bghaber\/wp-json\/wp\/v2\/posts\/34027","targetHints":{"allow":["GET"]}}],"collection":[{"href":"https:\/\/www.bghaber.org\/bghaber\/wp-json\/wp\/v2\/posts"}],"about":[{"href":"https:\/\/www.bghaber.org\/bghaber\/wp-json\/wp\/v2\/types\/post"}],"author":[{"embeddable":true,"href":"https:\/\/www.bghaber.org\/bghaber\/wp-json\/wp\/v2\/users\/13"}],"replies":[{"embeddable":true,"href":"https:\/\/www.bghaber.org\/bghaber\/wp-json\/wp\/v2\/comments?post=34027"}],"version-history":[{"count":0,"href":"https:\/\/www.bghaber.org\/bghaber\/wp-json\/wp\/v2\/posts\/34027\/revisions"}],"wp:featuredmedia":[{"embeddable":true,"href":"https:\/\/www.bghaber.org\/bghaber\/wp-json\/wp\/v2\/media\/26509"}],"wp:attachment":[{"href":"https:\/\/www.bghaber.org\/bghaber\/wp-json\/wp\/v2\/media?parent=34027"}],"wp:term":[{"taxonomy":"category","embeddable":true,"href":"https:\/\/www.bghaber.org\/bghaber\/wp-json\/wp\/v2\/categories?post=34027"},{"taxonomy":"post_tag","embeddable":true,"href":"https:\/\/www.bghaber.org\/bghaber\/wp-json\/wp\/v2\/tags?post=34027"}],"curies":[{"name":"wp","href":"https:\/\/api.w.org\/{rel}","templated":true}]}}