{"id":34021,"date":"2019-01-30T23:52:04","date_gmt":"2019-01-30T20:52:04","guid":{"rendered":"https:\/\/www.bghaber.org\/bghaber\/?p=34021"},"modified":"2019-01-30T23:59:13","modified_gmt":"2019-01-30T20:59:13","slug":"cavusoglu-bulgaristan-ulusal-meclisi-disisleri-komisyonu-heyetini-kabul-etti","status":"publish","type":"post","link":"https:\/\/www.bghaber.org\/bghaber\/cavusoglu-bulgaristan-ulusal-meclisi-disisleri-komisyonu-heyetini-kabul-etti\/","title":{"rendered":"\u00c7avu\u015fo\u011flu Bulgaristan Ulusal Meclisi D\u0131\u015fi\u015fleri Komisyonu Heyetini Kabul Etti"},"content":{"rendered":"<p><a class=\"keyword-sd\" title=\"D\u0131\u015fi\u015fleri Bakan\u0131 Mevl\u00fct \u00c7avu\u015fo\u011flu\" href=\"https:\/\/www.sondakika.com\/disisleri-bakani-mevlut-cavusoglu\/\">D\u0131\u015fi\u015fleri Bakan\u0131 Mevl\u00fct \u00c7avu\u015fo\u011flu<\/a>,\u00a0<a class=\"keyword-sd\" title=\"Bulgaristan\" href=\"https:\/\/www.sondakika.com\/bulgaristan\/\">Bulgaristan<\/a>\u00a0Ulusal Meclisi D\u0131\u015fi\u015fleri Komisyonu Ba\u015fkan\u0131 Dzhema Grozdanova ba\u015fkanl\u0131\u011f\u0131ndaki heyeti kabul etti.<\/p>\n<p><img data-recalc-dims=\"1\" decoding=\"async\" src=\"https:\/\/i0.wp.com\/www.trthaber.com\/dosyalar\/images\/22b0e1d8-9802-4484-ba12-6c4560f3e439.jpg?w=640&#038;ssl=1\" \/><\/p>\n<p>Diplomatik kaynaklardan edinilen bilgiye g\u00f6re, Bakan \u00c7avu\u015fo\u011flu, Bulgaristan Ulusal Meclisi D\u0131\u015fi\u015fleri Komisyonu Ba\u015fkan\u0131 Dzhema Grozdanova ve beraberindeki heyetle D\u0131\u015fi\u015fleri Bakanl\u0131\u011f\u0131nda bir araya geldi. Kabule,\u00a0<a class=\"keyword-sd\" title=\"TBMM D\u0131\u015fi\u015fleri Komisyonu\" href=\"https:\/\/www.sondakika.com\/tbmm-disisleri-komisyonu\/\">TBMM D\u0131\u015fi\u015fleri Komisyonu<\/a>\u00a0Ba\u015fkan\u0131\u00a0<a class=\"keyword-sd\" title=\"Volkan Bozk\u0131r\" href=\"https:\/\/www.sondakika.com\/volkan-bozkir\/\">Volkan Bozk\u0131r<\/a>\u00a0da kat\u0131ld\u0131.<\/p>\n<p>\u0130kili ve uluslararas\u0131 kurulu\u015flardaki i\u015f birli\u011finin ele al\u0131nd\u0131\u011f\u0131 kabulde \u00c7avu\u015fo\u011flu, Bulgaristan Ulusal Meclisi D\u0131\u015fi\u015fleri Komisyonu Ba\u015fkan\u0131 Grozdanova ile\u00a0<a class=\"keyword-sd\" title=\"Avrupa\" href=\"https:\/\/www.sondakika.com\/avrupa\/\">Avrupa<\/a>Konseyi Parlamenterler Meclisinde (AKPM) uzun y\u0131llar birlikte \u00e7al\u0131\u015ft\u0131klar\u0131n\u0131,\u00a0<a class=\"keyword-sd\" title=\"T\u00fcrkiye\" href=\"https:\/\/www.sondakika.com\/turkiye\/\">T\u00fcrkiye<\/a>\u00a0ve Bulgaristan&#8217;\u0131n iki kom\u015fu \u00fclke olarak her zaman dayan\u0131\u015fma g\u00f6sterdi\u011fini ifade etti.<\/p>\n<p>\u00c7avu\u015fo\u011flu, ikili ili\u015fkilerin y\u00fcksek d\u00fczeyli stratejik i\u015f birli\u011fi d\u00fczeyinde oldu\u011funu hat\u0131rlatarak, i\u015f birli\u011fi \u00e7al\u0131\u015fmalar\u0131n\u0131n devam edece\u011fini vurgulad\u0131.<\/p>\n<p><img data-recalc-dims=\"1\" loading=\"lazy\" decoding=\"async\" class=\"\" src=\"https:\/\/i0.wp.com\/www.bghaber.org\/bghaber\/wp-content\/uploads\/2019\/01\/bg-heyet.jpg?resize=596%2C332&#038;ssl=1\" width=\"596\" height=\"332\" \/><\/p>\n<p><img data-recalc-dims=\"1\" decoding=\"async\" src=\"https:\/\/i0.wp.com\/www.trthaber.com\/dosyalar\/images\/85f941b3-da28-4b4d-b1e5-56966ef57968.jpg?w=640&#038;ssl=1\" \/><\/p>\n<div id=\"bghab-740721181\" class=\"bghab-yazi-altinda bghab-entity-placement\"><script async src=\"https:\/\/pagead2.googlesyndication.com\/pagead\/js\/adsbygoogle.js\"><\/script>\r\n<!-- bghaber-yaz\u0131-sonu -->\r\n<ins class=\"adsbygoogle\"\r\n     style=\"display:block\"\r\n     data-ad-client=\"ca-pub-6203283170189293\"\r\n     data-ad-slot=\"4222328180\"\r\n     data-ad-format=\"auto\"\r\n     data-full-width-responsive=\"true\"><\/ins>\r\n<script>\r\n     (adsbygoogle = window.adsbygoogle || []).push({});\r\n<\/script><\/div><br style=\"clear: both; display: block; float: none;\"\/>","protected":false},"excerpt":{"rendered":"<p>D\u0131\u015fi\u015fleri Bakan\u0131 Mevl\u00fct \u00c7avu\u015fo\u011flu,\u00a0Bulgaristan\u00a0Ulusal Meclisi D\u0131\u015fi\u015fleri Komisyonu Ba\u015fkan\u0131 Dzhema Grozdanova ba\u015fkanl\u0131\u011f\u0131ndaki heyeti kabul etti. Diplomatik kaynaklardan edinilen bilgiye g\u00f6re, Bakan \u00c7avu\u015fo\u011flu, Bulgaristan Ulusal Meclisi D\u0131\u015fi\u015fleri<\/p>\n","protected":false},"author":13,"featured_media":34023,"comment_status":"closed","ping_status":"closed","sticky":false,"template":"","format":"standard","meta":{"advanced_seo_description":"","jetpack_seo_html_title":"","jetpack_seo_noindex":false,"jetpack_seo_schema_type":"","_jetpack_newsletter_access":"","_jetpack_dont_email_post_to_subs":false,"_jetpack_newsletter_tier_id":0,"_jetpack_memberships_contains_paywalled_content":false,"_jetpack_feature_clip_id":0,"_jetpack_memberships_contains_paid_content":false,"footnotes":"","jetpack_post_was_ever_published":false},"categories":[1,4],"tags":[],"class_list":["post-34021","post","type-post","status-publish","format-standard","has-post-thumbnail","hentry","category-haberler","category-siyaset"],"jetpack_sharing_enabled":true,"jetpack_likes_enabled":true,"jetpack-related-posts":[],"jetpack_shortlink":"https:\/\/wp.me\/pc2PfJ-8QJ","jetpack_featured_media_url":"https:\/\/i0.wp.com\/www.bghaber.org\/bghaber\/wp-content\/uploads\/2019\/01\/bg-hyt.jpg?fit=1182%2C640&ssl=1","_links":{"self":[{"href":"https:\/\/www.bghaber.org\/bghaber\/wp-json\/wp\/v2\/posts\/34021","targetHints":{"allow":["GET"]}}],"collection":[{"href":"https:\/\/www.bghaber.org\/bghaber\/wp-json\/wp\/v2\/posts"}],"about":[{"href":"https:\/\/www.bghaber.org\/bghaber\/wp-json\/wp\/v2\/types\/post"}],"author":[{"embeddable":true,"href":"https:\/\/www.bghaber.org\/bghaber\/wp-json\/wp\/v2\/users\/13"}],"replies":[{"embeddable":true,"href":"https:\/\/www.bghaber.org\/bghaber\/wp-json\/wp\/v2\/comments?post=34021"}],"version-history":[{"count":0,"href":"https:\/\/www.bghaber.org\/bghaber\/wp-json\/wp\/v2\/posts\/34021\/revisions"}],"wp:featuredmedia":[{"embeddable":true,"href":"https:\/\/www.bghaber.org\/bghaber\/wp-json\/wp\/v2\/media\/34023"}],"wp:attachment":[{"href":"https:\/\/www.bghaber.org\/bghaber\/wp-json\/wp\/v2\/media?parent=34021"}],"wp:term":[{"taxonomy":"category","embeddable":true,"href":"https:\/\/www.bghaber.org\/bghaber\/wp-json\/wp\/v2\/categories?post=34021"},{"taxonomy":"post_tag","embeddable":true,"href":"https:\/\/www.bghaber.org\/bghaber\/wp-json\/wp\/v2\/tags?post=34021"}],"curies":[{"name":"wp","href":"https:\/\/api.w.org\/{rel}","templated":true}]}}