{"id":34019,"date":"2019-01-30T23:47:22","date_gmt":"2019-01-30T20:47:22","guid":{"rendered":"https:\/\/www.bghaber.org\/bghaber\/?p=34019"},"modified":"2019-02-04T00:57:44","modified_gmt":"2019-02-03T21:57:44","slug":"bulgaristandaki-pargali-ibrahim-pasa-cami-restore-ediliyor","status":"publish","type":"post","link":"https:\/\/www.bghaber.org\/bghaber\/bulgaristandaki-pargali-ibrahim-pasa-cami-restore-ediliyor\/","title":{"rendered":"Bulgaristan&#8217;daki, Pargal\u0131 \u0130brahim Pa\u015fa Cami Restore Ediliyor"},"content":{"rendered":"<p>BULGAR\u0130STAN h\u00fck\u00fcmeti soyda\u015flar\u0131n yo\u011fun olarak ya\u015fad\u0131\u011f\u0131\u00a0<a class=\"keyword-sd\" title=\"Razgrad\" href=\"https:\/\/www.sondakika.com\/razgrad\/\">Razgrad<\/a>\u00a0kentinde bulunan ve 40 y\u0131ld\u0131r restorasyon bekleyen Osmanl\u0131&#8217;n\u0131n Balkanlarda ayakta kalan eserlerinden olan Pargal\u0131 \u0130brahim Pa\u015fa Camisi&#8217;nin restore edilmesi i\u00e7in 1 milyon euro&#8217;luk kaynak sa\u011flad\u0131.<\/p>\n<p><a class=\"keyword-sd\" title=\"Bulgaristan\" href=\"https:\/\/www.sondakika.com\/bulgaristan\/\">Bulgaristan<\/a>\u00a0H\u00fck\u00fcmeti\u00a0<a class=\"keyword-sd\" title=\"Bakanlar Kurulu\" href=\"https:\/\/www.sondakika.com\/bakanlar-kurulu\/\">Bakanlar Kurulu<\/a>&#8216;nun ald\u0131\u011f\u0131 kararla,\u00a0<a class=\"keyword-sd\" title=\"Kanuni Sultan S\u00fcleyman\" href=\"https:\/\/www.sondakika.com\/kanuni-sultan-suleyman\/\">Kanuni Sultan S\u00fcleyman<\/a>&#8216;\u0131n sadrazam\u0131 &#8216;Pargal\u0131 \u0130brahim Pa\u015fa&#8217; hayrat\u0131na 1616 y\u0131l\u0131nda Razgrad kentinde yapt\u0131rd\u0131\u011f\u0131 ve Osmanl\u0131&#8217;n\u0131n Balkanlardaki ayakta kalan en b\u00fcy\u00fck eserleri aras\u0131nda yer alan Pargal\u0131 \u0130brahim Pa\u015fa Camii&#8217;nin restorasyonu i\u00e7in karar ald\u0131.\u00a0<a class=\"keyword-sd\" title=\"Mimar Sinan\" href=\"https:\/\/www.sondakika.com\/mimar-sinan\/\">Mimar Sinan<\/a>&#8216;\u0131n \u00f6\u011frencisi Mimar Murat, taraf\u0131ndan yap\u0131lan ve UNESCO katalogunda yer alan Pargal\u0131 \u0130brahim Pa\u015fa Camii&#8217;nin yakla\u015f\u0131k 40 y\u0131l aran\u0131n ard\u0131ndan, restore edilip en k\u0131sa s\u00fcrede m\u00fcze olarak a\u00e7\u0131lmas\u0131 hedefleniyor.<\/p>\n<p><a class=\"keyword-sd\" title=\"\u0130stanbul\" href=\"https:\/\/www.sondakika.com\/istanbul\/\">\u0130stanbul<\/a>\u00a0Balat&#8217;ta,\u00a0<a class=\"keyword-sd\" title=\"Cumhurba\u015fkan\u0131\" href=\"https:\/\/www.sondakika.com\/cumhurbaskani\/\">Cumhurba\u015fkan\u0131<\/a>\u00a0Recep Tayip Erdo\u011fan&#8217;\u0131n talimat\u0131yla tadilat\u0131 yap\u0131larak ibadete a\u00e7\u0131lan Demir Kilise&#8217;nin (Sveti Stefan) ard\u0131ndan Bulgaristan H\u00fck\u00fcmeti&#8217;nin Pargal\u0131 \u0130brahim Pa\u015fa Camii i\u00e7in onar\u0131m karar\u0131 ald\u0131\u011f\u0131 belirtildi.<\/p>\n<p>Bulgaristan&#8217;\u0131n tek T\u00fcrk as\u0131ll\u0131 valisi Razgrad Valisi Gyunay Hyusmen, caminin tamirat\u0131 ve restorasyonu i\u00e7in Stroykomers adl\u0131 Bulgar \u015firketiyle s\u00f6zle\u015fme imzalad\u0131. Vali Hyusmen, imzalad\u0131\u011f\u0131 s\u00f6zle\u015fmeyle caminin bak\u0131m\u0131 ve yenilenmesi i\u00e7in Bulgar h\u00fck\u00fcmetinden 1 milyon euro&#8217;luk bir finansman sa\u011flad\u0131\u011f\u0131 a\u00e7\u0131kland\u0131. Caminin onar\u0131m\u0131n\u0131n Bulgaristan Ba\u015fbakan Boyko Borisov&#8217;un iyi niyeti ve iradesi sayesinde m\u00fcmk\u00fcn oldu\u011funu belirten Hyusmen, g\u00f6reve ba\u015flad\u0131\u011f\u0131 g\u00fcnden beri Razgrad&#8217;\u0131n bu camisini kurtarmay\u0131 vicdani g\u00f6rev bildi\u011fini s\u00f6yledi.<\/p>\n<p>Vali Gyunay Hyusmen, kentteki Ahmet Bey Camiinin cemaate yeterli oldu\u011funu belirterek, &#8220;K\u00fclt\u00fcrel ve tarihi miras olan ve b\u00fct\u00fcn b\u00f6lgemizin gurur kayna\u011f\u0131 olan bu eserimizi herkese a\u00e7\u0131k b\u0131rakmak istiyoruz. Bu mekan, M\u00fcsl\u00fcman, H\u0131ristiyan,\u00a0<a class=\"keyword-sd\" title=\"Avrupa\" href=\"https:\/\/www.sondakika.com\/avrupa\/\">Avrupa<\/a>&#8216;n\u0131n ve \u00fclkenin d\u00fcnyan\u0131n d\u00f6rt bir yan\u0131ndan gelecek turistlerin ziyaret edece\u011fi m\u00fcze olarak da kalmal\u0131. M\u00fcsl\u00fcman cemaat oldu\u011funda ve ibadet edilecek yer olmad\u0131\u011f\u0131nda kurulur&#8221; dedi. Vali Hyusmen, harabe halinde bulunan camiye 2011 y\u0131l\u0131nda ta\u015f\u0131nmaz k\u00fclt\u00fcrel an\u0131t stat\u00fcs\u00fc verildi\u011fini belirterek, &#8220;E\u011fer devletler aras\u0131nda veya\u00a0<a class=\"keyword-sd\" title=\"Ba\u015fbakanl\u0131k\" href=\"https:\/\/www.sondakika.com\/basbakanlik\/\">Ba\u015fbakanl\u0131k<\/a>\u00a0nezdinde bir anla\u015fma sa\u011flan\u0131rsa, caminin restorasyonunda\u00a0<a class=\"keyword-sd\" title=\"T\u00fcrkiye\" href=\"https:\/\/www.sondakika.com\/turkiye\/\">T\u00fcrkiye<\/a>&#8216;den de Osmanl\u0131 mimarisi uzmanlar\u0131 kat\u0131labilir&#8221; dedi. &#8211; Bulgaristan<\/p><div id=\"bghab-2471788404\" class=\"bghab-icerik-icine bghab-entity-placement\"><script async src=\"\/\/pagead2.googlesyndication.com\/pagead\/js\/adsbygoogle.js?client=ca-pub-6203283170189293\" crossorigin=\"anonymous\"><\/script><ins class=\"adsbygoogle\" style=\"display:block; text-align:center;\" data-ad-client=\"ca-pub-6203283170189293\" \ndata-ad-slot=\"7303146466\" \ndata-ad-layout=\"in-article\"\ndata-ad-format=\"fluid\" data-full-width-responsive=\"true\"><\/ins>\n<script> \n(adsbygoogle = window.adsbygoogle || []).push({}); \n<\/script>\n<\/div>\n<div id=\"bghab-1912119855\" class=\"bghab-yazi-altinda bghab-entity-placement\"><script async src=\"https:\/\/pagead2.googlesyndication.com\/pagead\/js\/adsbygoogle.js\"><\/script>\r\n<!-- bghaber-yaz\u0131-sonu -->\r\n<ins class=\"adsbygoogle\"\r\n     style=\"display:block\"\r\n     data-ad-client=\"ca-pub-6203283170189293\"\r\n     data-ad-slot=\"4222328180\"\r\n     data-ad-format=\"auto\"\r\n     data-full-width-responsive=\"true\"><\/ins>\r\n<script>\r\n     (adsbygoogle = window.adsbygoogle || []).push({});\r\n<\/script><\/div><br style=\"clear: both; display: block; float: none;\"\/>","protected":false},"excerpt":{"rendered":"<p>BULGAR\u0130STAN h\u00fck\u00fcmeti soyda\u015flar\u0131n yo\u011fun olarak ya\u015fad\u0131\u011f\u0131\u00a0Razgrad\u00a0kentinde bulunan ve 40 y\u0131ld\u0131r restorasyon bekleyen Osmanl\u0131&#8217;n\u0131n Balkanlarda ayakta kalan eserlerinden olan Pargal\u0131 \u0130brahim Pa\u015fa Camisi&#8217;nin restore edilmesi i\u00e7in<\/p>\n","protected":false},"author":13,"featured_media":28090,"comment_status":"closed","ping_status":"closed","sticky":false,"template":"","format":"standard","meta":{"advanced_seo_description":"","jetpack_seo_html_title":"","jetpack_seo_noindex":false,"jetpack_seo_schema_type":"","_jetpack_newsletter_access":"","_jetpack_dont_email_post_to_subs":false,"_jetpack_newsletter_tier_id":0,"_jetpack_memberships_contains_paywalled_content":false,"_jetpack_feature_clip_id":0,"_jetpack_memberships_contains_paid_content":false,"footnotes":"","jetpack_post_was_ever_published":false},"categories":[1,10],"tags":[],"class_list":["post-34019","post","type-post","status-publish","format-standard","has-post-thumbnail","hentry","category-haberler","category-kultur-sanat"],"jetpack_sharing_enabled":true,"jetpack_likes_enabled":true,"jetpack-related-posts":[],"jetpack_shortlink":"https:\/\/wp.me\/pc2PfJ-8QH","jetpack_featured_media_url":"https:\/\/i0.wp.com\/www.bghaber.org\/bghaber\/wp-content\/uploads\/2018\/03\/razgrad-Makbul-ibrahim-Pasa-Camisi.jpg?fit=555%2C347&ssl=1","_links":{"self":[{"href":"https:\/\/www.bghaber.org\/bghaber\/wp-json\/wp\/v2\/posts\/34019","targetHints":{"allow":["GET"]}}],"collection":[{"href":"https:\/\/www.bghaber.org\/bghaber\/wp-json\/wp\/v2\/posts"}],"about":[{"href":"https:\/\/www.bghaber.org\/bghaber\/wp-json\/wp\/v2\/types\/post"}],"author":[{"embeddable":true,"href":"https:\/\/www.bghaber.org\/bghaber\/wp-json\/wp\/v2\/users\/13"}],"replies":[{"embeddable":true,"href":"https:\/\/www.bghaber.org\/bghaber\/wp-json\/wp\/v2\/comments?post=34019"}],"version-history":[{"count":0,"href":"https:\/\/www.bghaber.org\/bghaber\/wp-json\/wp\/v2\/posts\/34019\/revisions"}],"wp:featuredmedia":[{"embeddable":true,"href":"https:\/\/www.bghaber.org\/bghaber\/wp-json\/wp\/v2\/media\/28090"}],"wp:attachment":[{"href":"https:\/\/www.bghaber.org\/bghaber\/wp-json\/wp\/v2\/media?parent=34019"}],"wp:term":[{"taxonomy":"category","embeddable":true,"href":"https:\/\/www.bghaber.org\/bghaber\/wp-json\/wp\/v2\/categories?post=34019"},{"taxonomy":"post_tag","embeddable":true,"href":"https:\/\/www.bghaber.org\/bghaber\/wp-json\/wp\/v2\/tags?post=34019"}],"curies":[{"name":"wp","href":"https:\/\/api.w.org\/{rel}","templated":true}]}}