{"id":34016,"date":"2019-01-30T23:01:48","date_gmt":"2019-01-30T20:01:48","guid":{"rendered":"https:\/\/www.bghaber.org\/bghaber\/?p=34016"},"modified":"2019-02-04T00:58:09","modified_gmt":"2019-02-03T21:58:09","slug":"bulgaristanin-tek-turk-valisinden-tikaya-ilk-resmi-ziyaret","status":"publish","type":"post","link":"https:\/\/www.bghaber.org\/bghaber\/bulgaristanin-tek-turk-valisinden-tikaya-ilk-resmi-ziyaret\/","title":{"rendered":"Bulgaristan\u2019\u0131n Tek T\u00fcrk Valisi\u2019nden T\u0130KA\u2019ya \u0130lk Resmi Ziyaret"},"content":{"rendered":"<p>Bulgaristan Razgrad Valisi G\u00fcnay H\u00fcsmen T\u0130KA Ba\u015fkan\u0131 Dr. Serdar \u00c7am\u2019\u0131 ziyaret ederek, T\u0130KA\u2019n\u0131n Razgrad\u2019ta 2018 e\u011fitim y\u0131l\u0131nda Bulgaristanl\u0131 \u00f6\u011frencilere verdi\u011fi destekten dolay te\u015fekk\u00fcr etti, yeni projeler hakk\u0131nda g\u00f6r\u00fc\u015f al\u0131\u015fveri\u015finde bulundu.<\/p>\n<p>Bulgaristan\u2019\u0131n tek T\u00fcrk Valisi olan Razgard Valisi G\u00fcnay H\u00fcsmen, T\u0130KA Ba\u015fkan\u0131\u2019na &#8220;Razgrad halk\u0131 ad\u0131na T\u00fcrkiye Cumhurba\u015fkan\u0131 Recep Tayyip Erdo\u011fan&#8217;a ve size te\u015fekk\u00fcr ediyorum. 2018 e\u011fitim y\u0131l\u0131nda sizler Bulgaristanl\u0131 \u00f6\u011frencileri sevindirdiniz. Ba\u015fbakan Boyko Borisov ve T\u00fcrkiye Cumhuriyeti Cumhurba\u015fkan\u0131 aras\u0131ndaki mevcut dostane ili\u015fkiler sayesinde yeni projelerin hayata ge\u00e7irilmesini \u00fcmit ediyoruz &#8221; dedi.<\/p>\n<p>T\u0130KA Ba\u015fkan\u0131 Dr. Serdar \u00c7AM ise;<\/p>\n<p>\u201cT\u0130KA t\u00fcm imk\u00e2nlar\u0131 ile soyda\u015flar\u0131m\u0131z\u0131n da ya\u015fad\u0131\u011f\u0131 kom\u015fumuz Bulgaristan halk\u0131n\u0131n refah\u0131na katk\u0131 sa\u011flamaya haz\u0131rd\u0131r. \u0130ki devlet ar\u0131s\u0131ndaki ili\u015fkiler T\u0130KA\u2019n\u0131n Bulgaristan\u2019da daha farkl\u0131 projeler uygulamas\u0131na imk\u00e2n sa\u011flayacak. K\u0131rsalda kalk\u0131nma yat\u0131r\u0131mlar\u0131 alan\u0131nda uygulayaca\u011f\u0131 projeler ile iki \u00fclke ar\u0131s\u0131ndaki mevcut ticarete de ivme kazand\u0131racakt\u0131r. Dostumuz Bulgaristan\u2019\u0131n kazan\u0131m ve tecr\u00fcbelerin den de istifade ederek kar\u015f\u0131l\u0131kl\u0131 tecr\u00fcbe payla\u015f\u0131mlar\u0131n\u0131n ger\u00e7ekle\u015fmesine zemin haz\u0131rlayacak projeler ile yak\u0131n ili\u015fkilerimiz artacakt\u0131r \u201ddedi.<\/p>\n<p>Razgrad Valisi\u2019nin resmi olarak T\u0130KA Ba\u015fkan\u0131n\u0131 ziyareti ve T\u0130KA\u2019da ger\u00e7eklesen toplant\u0131ya, Bulgaristan\u2019\u0131n Ankara B\u00fcy\u00fckel\u00e7ili\u011fi M\u00fcste\u015far\u0131 Yavor Klisurski ile T\u0130KA Balkanlar ve Do\u011fu Avrupa Daire Ba\u015fkan\u0131 Dr. Mahmut \u00c7evik te katildi.<\/p><div id=\"bghab-252874021\" class=\"bghab-icerik-icine bghab-entity-placement\"><script async src=\"\/\/pagead2.googlesyndication.com\/pagead\/js\/adsbygoogle.js?client=ca-pub-6203283170189293\" crossorigin=\"anonymous\"><\/script><ins class=\"adsbygoogle\" style=\"display:block; text-align:center;\" data-ad-client=\"ca-pub-6203283170189293\" \ndata-ad-slot=\"7303146466\" \ndata-ad-layout=\"in-article\"\ndata-ad-format=\"fluid\" data-full-width-responsive=\"true\"><\/ins>\n<script> \n(adsbygoogle = window.adsbygoogle || []).push({}); \n<\/script>\n<\/div>\n<p><b>TIKA Razgrad&#8217;ta ilk resmi program\u0131n\u0131 2018 y\u0131l\u0131nda yapm\u0131\u015ft\u0131<\/b><\/p>\n<p>TIKA\u2019nin 2018 y\u0131l\u0131nda Razgrad\u2019ta ger\u00e7ekle\u015ftirdi\u011fi ilk resmi proje, T\u0130KA\u2019n\u0131n Balkanlar\u2019da uygulad\u0131\u011f\u0131 801\u2019ci E\u011fitim Projesiydi.<\/p>\n<p>Bu proje kapsam\u0131nda; 5 Bulgar, T\u00fcrk, Roman, Pomak engelli gen\u00e7lere, T\u0130KA taraf\u0131ndan hediye edilen ak\u00fcl\u00fc engelli ara\u00e7lar\u0131 da\u011f\u0131t\u0131lm\u0131\u015ft\u0131.<\/p>\n<p>Bulgaristan&#8217;da yap\u0131lan t\u00f6renlere, T\u0130KA yetkilileri ve T\u00fcrkiye Cumhuriyeti Sofya B\u00fcy\u00fckel\u00e7isi Hasan Ulusoy ba\u015fta olmak \u00fczere, Bulgaristan Meclisi Milletvekilleri, Belediye Ba\u015fkanlar\u0131, \u00f6\u011fretmen ve \u00f6\u011frenciler ile yerel idareciler ile birlikte yo\u011fun kat\u0131l\u0131mlar olmu\u015f, bu programlarda; 1540 T\u00fcrk, Bulgar, Roman ve Pomak ve di\u011fer etnik gruplardan \u00f6\u011frencilere okul e\u011fitim malzemeleri ve \u00e7anta, e\u015fofman tak\u0131m\u0131, basket, futbol, voleybol topu; 40 ba\u015far\u0131l\u0131 \u00f6\u011frenciye tablet; spor yapan \u00e7ocuklara 200 badminton seti ve 300 \u00f6\u011frenciye k\u0131\u015fl\u0131k mont T\u0130KA taraf\u0131ndan hediye edilmi\u015fti.<\/p>\n<p><b>Kaynak:<\/b>\u00a0<span class=\"contentSmallOrange\">K\u0131rcaali Haber<\/span><\/p><div id=\"bghab-2829677562\" class=\"bghab-icerik-icine-10-paragraf bghab-entity-placement\"><script async src=\"\/\/pagead2.googlesyndication.com\/pagead\/js\/adsbygoogle.js?client=ca-pub-6203283170189293\" crossorigin=\"anonymous\"><\/script><ins class=\"adsbygoogle\" style=\"display:block; text-align:center;\" data-ad-client=\"ca-pub-6203283170189293\" \ndata-ad-slot=\"7303146466\" \ndata-ad-layout=\"in-article\"\ndata-ad-format=\"fluid\" data-full-width-responsive=\"true\"><\/ins>\n<script> \n(adsbygoogle = window.adsbygoogle || []).push({}); \n<\/script>\n<\/div>\n<div id=\"bghab-2690981749\" class=\"bghab-yazi-altinda bghab-entity-placement\"><script async src=\"https:\/\/pagead2.googlesyndication.com\/pagead\/js\/adsbygoogle.js\"><\/script>\r\n<!-- bghaber-yaz\u0131-sonu -->\r\n<ins class=\"adsbygoogle\"\r\n     style=\"display:block\"\r\n     data-ad-client=\"ca-pub-6203283170189293\"\r\n     data-ad-slot=\"4222328180\"\r\n     data-ad-format=\"auto\"\r\n     data-full-width-responsive=\"true\"><\/ins>\r\n<script>\r\n     (adsbygoogle = window.adsbygoogle || []).push({});\r\n<\/script><\/div><br style=\"clear: both; display: block; float: none;\"\/>","protected":false},"excerpt":{"rendered":"<p>Bulgaristan Razgrad Valisi G\u00fcnay H\u00fcsmen T\u0130KA Ba\u015fkan\u0131 Dr. Serdar \u00c7am\u2019\u0131 ziyaret ederek, T\u0130KA\u2019n\u0131n Razgrad\u2019ta 2018 e\u011fitim y\u0131l\u0131nda Bulgaristanl\u0131 \u00f6\u011frencilere verdi\u011fi destekten dolay te\u015fekk\u00fcr etti, yeni<\/p>\n","protected":false},"author":13,"featured_media":34017,"comment_status":"closed","ping_status":"closed","sticky":false,"template":"","format":"standard","meta":{"advanced_seo_description":"","jetpack_seo_html_title":"","jetpack_seo_noindex":false,"jetpack_seo_schema_type":"","_jetpack_newsletter_access":"","_jetpack_dont_email_post_to_subs":false,"_jetpack_newsletter_tier_id":0,"_jetpack_memberships_contains_paywalled_content":false,"_jetpack_feature_clip_id":0,"_jetpack_memberships_contains_paid_content":false,"footnotes":"","jetpack_post_was_ever_published":false},"categories":[1,4],"tags":[],"class_list":["post-34016","post","type-post","status-publish","format-standard","has-post-thumbnail","hentry","category-haberler","category-siyaset"],"jetpack_sharing_enabled":true,"jetpack_likes_enabled":true,"jetpack-related-posts":[],"jetpack_shortlink":"https:\/\/wp.me\/pc2PfJ-8QE","jetpack_featured_media_url":"https:\/\/i0.wp.com\/www.bghaber.org\/bghaber\/wp-content\/uploads\/2019\/01\/tika-bg.jpg?fit=680%2C530&ssl=1","_links":{"self":[{"href":"https:\/\/www.bghaber.org\/bghaber\/wp-json\/wp\/v2\/posts\/34016","targetHints":{"allow":["GET"]}}],"collection":[{"href":"https:\/\/www.bghaber.org\/bghaber\/wp-json\/wp\/v2\/posts"}],"about":[{"href":"https:\/\/www.bghaber.org\/bghaber\/wp-json\/wp\/v2\/types\/post"}],"author":[{"embeddable":true,"href":"https:\/\/www.bghaber.org\/bghaber\/wp-json\/wp\/v2\/users\/13"}],"replies":[{"embeddable":true,"href":"https:\/\/www.bghaber.org\/bghaber\/wp-json\/wp\/v2\/comments?post=34016"}],"version-history":[{"count":0,"href":"https:\/\/www.bghaber.org\/bghaber\/wp-json\/wp\/v2\/posts\/34016\/revisions"}],"wp:featuredmedia":[{"embeddable":true,"href":"https:\/\/www.bghaber.org\/bghaber\/wp-json\/wp\/v2\/media\/34017"}],"wp:attachment":[{"href":"https:\/\/www.bghaber.org\/bghaber\/wp-json\/wp\/v2\/media?parent=34016"}],"wp:term":[{"taxonomy":"category","embeddable":true,"href":"https:\/\/www.bghaber.org\/bghaber\/wp-json\/wp\/v2\/categories?post=34016"},{"taxonomy":"post_tag","embeddable":true,"href":"https:\/\/www.bghaber.org\/bghaber\/wp-json\/wp\/v2\/tags?post=34016"}],"curies":[{"name":"wp","href":"https:\/\/api.w.org\/{rel}","templated":true}]}}