{"id":34013,"date":"2019-01-30T22:56:41","date_gmt":"2019-01-30T19:56:41","guid":{"rendered":"https:\/\/www.bghaber.org\/bghaber\/?p=34013"},"modified":"2019-01-30T22:56:41","modified_gmt":"2019-01-30T19:56:41","slug":"dunya-bankasi-yeni-ofisini-bulgaristanda-aciyor","status":"publish","type":"post","link":"https:\/\/www.bghaber.org\/bghaber\/dunya-bankasi-yeni-ofisini-bulgaristanda-aciyor\/","title":{"rendered":"D\u00fcnya Bankas\u0131 yeni ofisini Bulgaristan\u2019da a\u00e7\u0131yor"},"content":{"rendered":"<p>D\u00fcnya Bankas\u0131\u2019n\u0131n ofisini \u00fclkemize kazand\u0131rmak amac\u0131yla Bulgaristan, H\u0131rvatistan ve S\u0131rbistan ile 1 y\u0131l boyunca \u00a0k\u0131yas\u0131ya yar\u0131\u015ft\u0131. Bulgaristan Outsourcing \/D\u0131\u015f Kaynak\/ Derne\u011fi\u2019nden \u0130liya Krastev, D\u00fcnya Bankas\u0131\u2019n\u0131n teknolojik y\u00f6nelimli hizmet merkezine Sofia Tech Park\u2019\u0131n\u0131n ev sahipli\u011fini yapaca\u011f\u0131n\u0131, duyurdu. Bulgaristan\u2019\u0131 se\u00e7mek i\u00e7in ba\u015fl\u0131ca nedenler aras\u0131nda Bulgar \u0130T sekt\u00f6r\u00fcn\u00fcn y\u00fcksek seviyede olmas\u0131, yetenekli i\u015f g\u00fcc\u00fcn\u00fcn bulunmas\u0131 ve ayn\u0131 zamanda da ortak i\u015f ortam\u0131n\u0131n iyi geli\u015fmesidir.\u00a0 Yeni merkezin 2019 y\u0131l\u0131n\u0131n sonuna kadar \u00e7al\u0131\u015fmaya ba\u015flamas\u0131 bekleniyor.<\/p>\n<div id=\"bghab-2321094261\" class=\"bghab-yazi-altinda bghab-entity-placement\"><script async src=\"https:\/\/pagead2.googlesyndication.com\/pagead\/js\/adsbygoogle.js\"><\/script>\r\n<!-- bghaber-yaz\u0131-sonu -->\r\n<ins class=\"adsbygoogle\"\r\n     style=\"display:block\"\r\n     data-ad-client=\"ca-pub-6203283170189293\"\r\n     data-ad-slot=\"4222328180\"\r\n     data-ad-format=\"auto\"\r\n     data-full-width-responsive=\"true\"><\/ins>\r\n<script>\r\n     (adsbygoogle = window.adsbygoogle || []).push({});\r\n<\/script><\/div><br style=\"clear: both; display: block; float: none;\"\/>","protected":false},"excerpt":{"rendered":"<p>D\u00fcnya Bankas\u0131\u2019n\u0131n ofisini \u00fclkemize kazand\u0131rmak amac\u0131yla Bulgaristan, H\u0131rvatistan ve S\u0131rbistan ile 1 y\u0131l boyunca \u00a0k\u0131yas\u0131ya yar\u0131\u015ft\u0131. Bulgaristan Outsourcing \/D\u0131\u015f Kaynak\/ Derne\u011fi\u2019nden \u0130liya Krastev, D\u00fcnya Bankas\u0131\u2019n\u0131n<\/p>\n","protected":false},"author":13,"featured_media":34014,"comment_status":"closed","ping_status":"closed","sticky":false,"template":"","format":"standard","meta":{"advanced_seo_description":"","jetpack_seo_html_title":"","jetpack_seo_noindex":false,"jetpack_seo_schema_type":"","_jetpack_newsletter_access":"","_jetpack_dont_email_post_to_subs":false,"_jetpack_newsletter_tier_id":0,"_jetpack_memberships_contains_paywalled_content":false,"_jetpack_feature_clip_id":0,"_jetpack_memberships_contains_paid_content":false,"footnotes":"","jetpack_post_was_ever_published":false},"categories":[9],"tags":[],"class_list":["post-34013","post","type-post","status-publish","format-standard","has-post-thumbnail","hentry","category-ekonomi"],"jetpack_sharing_enabled":true,"jetpack_likes_enabled":true,"jetpack-related-posts":[],"jetpack_shortlink":"https:\/\/wp.me\/pc2PfJ-8QB","jetpack_featured_media_url":"https:\/\/i0.wp.com\/www.bghaber.org\/bghaber\/wp-content\/uploads\/2019\/01\/dunya-bg.jpg?fit=610%2C343&ssl=1","_links":{"self":[{"href":"https:\/\/www.bghaber.org\/bghaber\/wp-json\/wp\/v2\/posts\/34013","targetHints":{"allow":["GET"]}}],"collection":[{"href":"https:\/\/www.bghaber.org\/bghaber\/wp-json\/wp\/v2\/posts"}],"about":[{"href":"https:\/\/www.bghaber.org\/bghaber\/wp-json\/wp\/v2\/types\/post"}],"author":[{"embeddable":true,"href":"https:\/\/www.bghaber.org\/bghaber\/wp-json\/wp\/v2\/users\/13"}],"replies":[{"embeddable":true,"href":"https:\/\/www.bghaber.org\/bghaber\/wp-json\/wp\/v2\/comments?post=34013"}],"version-history":[{"count":0,"href":"https:\/\/www.bghaber.org\/bghaber\/wp-json\/wp\/v2\/posts\/34013\/revisions"}],"wp:featuredmedia":[{"embeddable":true,"href":"https:\/\/www.bghaber.org\/bghaber\/wp-json\/wp\/v2\/media\/34014"}],"wp:attachment":[{"href":"https:\/\/www.bghaber.org\/bghaber\/wp-json\/wp\/v2\/media?parent=34013"}],"wp:term":[{"taxonomy":"category","embeddable":true,"href":"https:\/\/www.bghaber.org\/bghaber\/wp-json\/wp\/v2\/categories?post=34013"},{"taxonomy":"post_tag","embeddable":true,"href":"https:\/\/www.bghaber.org\/bghaber\/wp-json\/wp\/v2\/tags?post=34013"}],"curies":[{"name":"wp","href":"https:\/\/api.w.org\/{rel}","templated":true}]}}