{"id":33985,"date":"2019-02-01T09:00:15","date_gmt":"2019-02-01T06:00:15","guid":{"rendered":"https:\/\/www.bghaber.org\/bghaber\/?p=33985"},"modified":"2019-06-25T23:25:38","modified_gmt":"2019-06-25T20:25:38","slug":"ahmet-fikri-tuzer-bulgaristanli-siyasetci","status":"publish","type":"post","link":"https:\/\/www.bghaber.org\/bghaber\/ahmet-fikri-tuzer-bulgaristanli-siyasetci\/","title":{"rendered":"Ahmet Fikri T\u00fczer &#8211; Bulgaristanl\u0131 siyaset\u00e7i"},"content":{"rendered":"<p>1878 y\u0131l\u0131nda Bulgaristan&#8217;\u0131n \u015eumnu \u015fehrinde do\u011fmu\u015ftur.<\/p>\n<p>6 May\u0131s 1942\u00a0&#8211; 16 A\u011fustos 1942 tarihleri aras\u0131nda CHP Genel Ba\u015fkan Sekreterli\u011fi yapm\u0131\u015ft\u0131r.<\/p>\n<p>1924-1927 y\u0131llar\u0131 aras\u0131 Sa\u011fl\u0131k Bakanl\u0131\u011f\u0131 M\u00fcste\u015farl\u0131\u011f\u0131 yapt\u0131.<\/p>\n<p>III, IV, V. ve VI. d\u00f6nemlerde (1927-1942) Erzurum Milletvekilli\u011fi yapt\u0131.<\/p>\n<p>1942 y\u0131l\u0131nda 12. ve 13. h\u00fck\u00fcmetlerde \u0130\u00e7i\u015fleri Bakanl\u0131\u011f\u0131 yapt\u0131.<\/p><div id=\"bghab-1345926340\" class=\"bghab-icerik-icine bghab-entity-placement\"><script async src=\"\/\/pagead2.googlesyndication.com\/pagead\/js\/adsbygoogle.js?client=ca-pub-6203283170189293\" crossorigin=\"anonymous\"><\/script><ins class=\"adsbygoogle\" style=\"display:block; text-align:center;\" data-ad-client=\"ca-pub-6203283170189293\" \ndata-ad-slot=\"7303146466\" \ndata-ad-layout=\"in-article\"\ndata-ad-format=\"fluid\" data-full-width-responsive=\"true\"><\/ins>\n<script> \n(adsbygoogle = window.adsbygoogle || []).push({}); \n<\/script>\n<\/div>\n<p>7 temmuz 1942&#8217;de ba\u015fbakan Refik Saydam kalp krizi ge\u00e7irip vefat edince, Cumhurba\u015fkan\u0131 \u0130smet \u0130n\u00f6n\u00fc, o zaman\u0131n i\u00e7i\u015fleri bakan\u0131 olan Ahmet Fikri T\u00fczer&#8217;e vekaleten ba\u015fbakanl\u0131k g\u00f6revi vermi\u015f. Bir g\u00fcn sonra da \u015e\u00fckr\u00fc Saraco\u011flu yeni kabineyi kurunca \u0130\u00e7 \u0130\u015fleri Bakanl\u0131\u011f\u0131na geri d\u00f6nd\u00fc.<\/p>\n<p>9 Temmuz 1942&#8217;de ba\u015fbakanl\u0131k yapt\u0131.<\/p>\n<p>16 A\u011fustos 1942&#8217;de g\u00f6revi ba\u015f\u0131nda iken vefat etti.<\/p>\n<p>&nbsp;<\/p>\n<p>BG Haber<\/p>\n<div id=\"bghab-896071448\" class=\"bghab-yazi-altinda bghab-entity-placement\"><script async src=\"https:\/\/pagead2.googlesyndication.com\/pagead\/js\/adsbygoogle.js\"><\/script>\r\n<!-- bghaber-yaz\u0131-sonu -->\r\n<ins class=\"adsbygoogle\"\r\n     style=\"display:block\"\r\n     data-ad-client=\"ca-pub-6203283170189293\"\r\n     data-ad-slot=\"4222328180\"\r\n     data-ad-format=\"auto\"\r\n     data-full-width-responsive=\"true\"><\/ins>\r\n<script>\r\n     (adsbygoogle = window.adsbygoogle || []).push({});\r\n<\/script><\/div><br style=\"clear: both; display: block; float: none;\"\/>","protected":false},"excerpt":{"rendered":"<p>1878 y\u0131l\u0131nda Bulgaristan&#8217;\u0131n \u015eumnu \u015fehrinde do\u011fmu\u015ftur. 6 May\u0131s 1942\u00a0&#8211; 16 A\u011fustos 1942 tarihleri aras\u0131nda CHP Genel Ba\u015fkan Sekreterli\u011fi yapm\u0131\u015ft\u0131r. 1924-1927 y\u0131llar\u0131 aras\u0131 Sa\u011fl\u0131k Bakanl\u0131\u011f\u0131 M\u00fcste\u015farl\u0131\u011f\u0131<\/p>\n","protected":false},"author":29,"featured_media":33986,"comment_status":"closed","ping_status":"closed","sticky":false,"template":"","format":"standard","meta":{"advanced_seo_description":"","jetpack_seo_html_title":"","jetpack_seo_noindex":false,"jetpack_seo_schema_type":"","_jetpack_newsletter_access":"","_jetpack_dont_email_post_to_subs":false,"_jetpack_newsletter_tier_id":0,"_jetpack_memberships_contains_paywalled_content":false,"_jetpack_feature_clip_id":0,"_jetpack_memberships_contains_paid_content":false,"footnotes":"","jetpack_post_was_ever_published":false},"categories":[1132],"tags":[],"class_list":["post-33985","post","type-post","status-publish","format-standard","has-post-thumbnail","hentry","category-biyografiler"],"jetpack_sharing_enabled":true,"jetpack_likes_enabled":true,"jetpack-related-posts":[],"jetpack_shortlink":"https:\/\/wp.me\/pc2PfJ-8Q9","jetpack_featured_media_url":"https:\/\/i0.wp.com\/www.bghaber.org\/bghaber\/wp-content\/uploads\/2019\/01\/Ahmet-Fikri-T%C3%BCzer.jpg?fit=212%2C289&ssl=1","_links":{"self":[{"href":"https:\/\/www.bghaber.org\/bghaber\/wp-json\/wp\/v2\/posts\/33985","targetHints":{"allow":["GET"]}}],"collection":[{"href":"https:\/\/www.bghaber.org\/bghaber\/wp-json\/wp\/v2\/posts"}],"about":[{"href":"https:\/\/www.bghaber.org\/bghaber\/wp-json\/wp\/v2\/types\/post"}],"author":[{"embeddable":true,"href":"https:\/\/www.bghaber.org\/bghaber\/wp-json\/wp\/v2\/users\/29"}],"replies":[{"embeddable":true,"href":"https:\/\/www.bghaber.org\/bghaber\/wp-json\/wp\/v2\/comments?post=33985"}],"version-history":[{"count":0,"href":"https:\/\/www.bghaber.org\/bghaber\/wp-json\/wp\/v2\/posts\/33985\/revisions"}],"wp:featuredmedia":[{"embeddable":true,"href":"https:\/\/www.bghaber.org\/bghaber\/wp-json\/wp\/v2\/media\/33986"}],"wp:attachment":[{"href":"https:\/\/www.bghaber.org\/bghaber\/wp-json\/wp\/v2\/media?parent=33985"}],"wp:term":[{"taxonomy":"category","embeddable":true,"href":"https:\/\/www.bghaber.org\/bghaber\/wp-json\/wp\/v2\/categories?post=33985"},{"taxonomy":"post_tag","embeddable":true,"href":"https:\/\/www.bghaber.org\/bghaber\/wp-json\/wp\/v2\/tags?post=33985"}],"curies":[{"name":"wp","href":"https:\/\/api.w.org\/{rel}","templated":true}]}}