{"id":3390,"date":"2013-07-03T02:54:42","date_gmt":"2013-07-02T23:54:42","guid":{"rendered":"http:\/\/bghaber.org\/bghaber\/?p=3390"},"modified":"2019-07-18T23:44:37","modified_gmt":"2019-07-18T21:44:37","slug":"trtnin-parasi-bol-ancak-muhabiri-sofyadan-kircaaliye-gidemiyor","status":"publish","type":"post","link":"https:\/\/www.bghaber.org\/bghaber\/trtnin-parasi-bol-ancak-muhabiri-sofyadan-kircaaliye-gidemiyor\/","title":{"rendered":"TRT&#8217;nin paras\u0131 bol ancak muhabiri Sofya&#8217;dan K\u0131rcaali&#8217;ye gidemiyor"},"content":{"rendered":"<div>\n<div>Bilirsiniz TRT\u2019nin \u00e7ok kanal\u0131 var.<\/div>\n<div>Ge\u00e7en haftalarda bu kanallardan birinde \u00e7al\u0131\u015fan tam 7 ki\u015fi Bulgaristan\u2019a geldi. Bu ekip daha sonra Bulgaristan\u2019dan 4 ki\u015fi daha kiralad\u0131.<!--more--><\/div>\n<div>\n<figure id=\"attachment_3383\" aria-describedby=\"caption-attachment-3383\" style=\"width: 154px\" class=\"wp-caption alignright\"><a href=\"https:\/\/i0.wp.com\/bghaber.org\/bghaber\/wp-content\/uploads\/2013\/07\/berna-mestan.jpg\"><img data-recalc-dims=\"1\" loading=\"lazy\" decoding=\"async\" class=\"size-full wp-image-3383\" alt=\"Berna Mestan\" src=\"https:\/\/i0.wp.com\/bghaber.org\/bghaber\/wp-content\/uploads\/2013\/07\/berna-mestan.jpg?resize=154%2C170\" width=\"154\" height=\"170\" \/><\/a><figcaption id=\"caption-attachment-3383\" class=\"wp-caption-text\">Berna Mestan<\/figcaption><\/figure>\n<p>Bir hafta boyunca 11 ki\u015finin \u00fclkede gezme ve konaklama masraflar\u0131 TRT taraf\u0131ndan kar\u015f\u0131land\u0131.<\/p><\/div>\n<div>\u015eimdi diyeceksiniz ki, 11 de\u011fil 21 ki\u015fi de g\u00f6nderilebilir. Hakl\u0131s\u0131n\u0131z ama o 11 ki\u015finin yapt\u0131\u011f\u0131 i\u015f s\u0131radan bir muhabirin yapabilece\u011fi bir i\u015f.<\/div>\n<div>Bunu nerden mi biliyorum. E, ben de gazetecilik son s\u0131n\u0131f \u00f6\u011frencisiyim, \u00fcstelik de televizyon dal\u0131nda&#8230;<\/div>\n<div><\/div>\n<div>TRT\u2019nin Bulgaristan\u2019da muhabiri yok mu?<\/div>\n<div>Olmaz m\u0131, tam 2 tane TRT muhabiri Bulgaristan\u2019da \u00e7al\u0131\u015f\u0131yor. Ancak onlar haber ba\u015f\u0131 \u00fccret al\u0131yor. Yani \u00e7al\u0131\u015fma \u00fcs\u00fclleri par\u00e7a ba\u015f\u0131.<\/div>\n<div>\u00d6rne\u011fin o muhabirlerden biri haber yapmak i\u00e7in Sofya\u2019dan K\u0131rcaali\u2019ye gelmeye kalksa haber i\u00e7in alaca\u011f\u0131 para yol masraf\u0131n\u0131 bile zor kar\u015f\u0131lar\u2026<\/div>\n<div>\u0130\u015fte b\u00f6yle say\u0131n seyirciler, TRT\u2019nin paras\u0131 yani devletin paras\u0131 bol.<\/div>\n<div>Bol olmas\u0131 bizi de sevindirir \u015f\u00fcphesiz ama daha ak\u0131ll\u0131ca harcan\u0131rsa\u2026<\/div>\n<p>&#8211; See more at: http:\/\/hatyorum.blogspot.com\/2013\/07\/trtnin-muhabiri-bol-ancak-muhabiri.html#sthash.l53I7LFz.dpuf<\/p><\/div>\n<div id=\"bghab-3836092990\" class=\"bghab-yazi-altinda bghab-entity-placement\"><script async src=\"https:\/\/pagead2.googlesyndication.com\/pagead\/js\/adsbygoogle.js\"><\/script>\r\n<!-- bghaber-yaz\u0131-sonu -->\r\n<ins class=\"adsbygoogle\"\r\n     style=\"display:block\"\r\n     data-ad-client=\"ca-pub-6203283170189293\"\r\n     data-ad-slot=\"4222328180\"\r\n     data-ad-format=\"auto\"\r\n     data-full-width-responsive=\"true\"><\/ins>\r\n<script>\r\n     (adsbygoogle = window.adsbygoogle || []).push({});\r\n<\/script><\/div><br style=\"clear: both; display: block; float: none;\"\/>","protected":false},"excerpt":{"rendered":"<p>Bilirsiniz TRT\u2019nin \u00e7ok kanal\u0131 var. Ge\u00e7en haftalarda bu kanallardan birinde \u00e7al\u0131\u015fan tam 7 ki\u015fi Bulgaristan\u2019a geldi. Bu ekip daha sonra Bulgaristan\u2019dan 4 ki\u015fi daha kiralad\u0131.<\/p>\n","protected":false},"author":29,"featured_media":3383,"comment_status":"closed","ping_status":"closed","sticky":false,"template":"","format":"standard","meta":{"advanced_seo_description":"","jetpack_seo_html_title":"","jetpack_seo_noindex":false,"jetpack_seo_schema_type":"","_jetpack_newsletter_access":"","_jetpack_dont_email_post_to_subs":false,"_jetpack_newsletter_tier_id":0,"_jetpack_memberships_contains_paywalled_content":false,"_jetpack_feature_clip_id":0,"_jetpack_memberships_contains_paid_content":false,"footnotes":"","jetpack_post_was_ever_published":false},"categories":[6],"tags":[30],"class_list":["post-3390","post","type-post","status-publish","format-standard","has-post-thumbnail","hentry","category-yorum","tag-bulgaristan"],"jetpack_sharing_enabled":true,"jetpack_likes_enabled":true,"jetpack-related-posts":[],"jetpack_shortlink":"https:\/\/wp.me\/pc2PfJ-SG","jetpack_featured_media_url":"https:\/\/i0.wp.com\/www.bghaber.org\/bghaber\/wp-content\/uploads\/2013\/07\/berna-mestan.jpg?fit=154%2C170&ssl=1","_links":{"self":[{"href":"https:\/\/www.bghaber.org\/bghaber\/wp-json\/wp\/v2\/posts\/3390","targetHints":{"allow":["GET"]}}],"collection":[{"href":"https:\/\/www.bghaber.org\/bghaber\/wp-json\/wp\/v2\/posts"}],"about":[{"href":"https:\/\/www.bghaber.org\/bghaber\/wp-json\/wp\/v2\/types\/post"}],"author":[{"embeddable":true,"href":"https:\/\/www.bghaber.org\/bghaber\/wp-json\/wp\/v2\/users\/29"}],"replies":[{"embeddable":true,"href":"https:\/\/www.bghaber.org\/bghaber\/wp-json\/wp\/v2\/comments?post=3390"}],"version-history":[{"count":0,"href":"https:\/\/www.bghaber.org\/bghaber\/wp-json\/wp\/v2\/posts\/3390\/revisions"}],"wp:featuredmedia":[{"embeddable":true,"href":"https:\/\/www.bghaber.org\/bghaber\/wp-json\/wp\/v2\/media\/3383"}],"wp:attachment":[{"href":"https:\/\/www.bghaber.org\/bghaber\/wp-json\/wp\/v2\/media?parent=3390"}],"wp:term":[{"taxonomy":"category","embeddable":true,"href":"https:\/\/www.bghaber.org\/bghaber\/wp-json\/wp\/v2\/categories?post=3390"},{"taxonomy":"post_tag","embeddable":true,"href":"https:\/\/www.bghaber.org\/bghaber\/wp-json\/wp\/v2\/tags?post=3390"}],"curies":[{"name":"wp","href":"https:\/\/api.w.org\/{rel}","templated":true}]}}