{"id":3379,"date":"2013-07-01T02:45:48","date_gmt":"2013-06-30T23:45:48","guid":{"rendered":"http:\/\/bghaber.org\/bghaber\/?p=3379"},"modified":"2019-07-18T23:44:37","modified_gmt":"2019-07-18T21:44:37","slug":"yunanistan-turklerin-yolundan-korkuyor","status":"publish","type":"post","link":"https:\/\/www.bghaber.org\/bghaber\/yunanistan-turklerin-yolundan-korkuyor\/","title":{"rendered":"Yunanistan T\u00fcrklerin yolundan korkuyor"},"content":{"rendered":"<div id=\"stcpDiv\">T\u00fcrkleri birle\u015ftiren yol Yunanistan&#8217;da istenmiyor ve 70 y\u0131l \u00f6nce T\u00fcrklerin at s\u0131rt\u0131nda ge\u00e7tikleri Makas Yolu, bug\u00fcn Atina&#8217;y\u0131 endi\u015felendiriyor.<!--more--><\/p>\n<figure id=\"attachment_2005\" aria-describedby=\"caption-attachment-2005\" style=\"width: 224px\" class=\"wp-caption alignright\"><a href=\"https:\/\/i0.wp.com\/bghaber.org\/bghaber\/wp-content\/uploads\/2013\/05\/nahit-dogu.jpg\"><img data-recalc-dims=\"1\" loading=\"lazy\" decoding=\"async\" class=\"size-full wp-image-2005\" alt=\"Nahit Do\u011fu\" src=\"https:\/\/i0.wp.com\/bghaber.org\/bghaber\/wp-content\/uploads\/2013\/05\/nahit-dogu.jpg?resize=224%2C238\" width=\"224\" height=\"238\" \/><\/a><figcaption id=\"caption-attachment-2005\" class=\"wp-caption-text\">Nahit Do\u011fu<\/figcaption><\/figure>\n<p>Bulgaristan\u2019da T\u00fcrklerin en yo\u011fun ya\u015fad\u0131\u011f\u0131 K\u0131rcaali b\u00f6lgesi ile Yunanistan\u2019\u0131n Bat\u0131 Trakya b\u00f6lgesi aras\u0131nda, iki \u00fclke hudutunda bulunan Makas S\u0131n\u0131r Kaps\u0131\u2019n\u0131n a\u00e7\u0131l\u0131\u015f\u0131n\u0131 Yunanistan taraf\u0131 olabildi\u011fince ge\u00e7iktirmeye \u00e7al\u0131\u015f\u0131yor.<br \/>\nBulgaristan kendi taraf\u0131nda Makas\u2019a kadar olan yolun in\u015faat\u0131n\u0131 4 y\u0131l \u00f6nce tamamlad\u0131. Ancak Yunanistan kendi taraf\u0131ndaki g\u00fczergah\u0131 \u00e7e\u015fitli bahanlerle tamamlam\u0131yor.<br \/>\nBulgar yetkililerinin Yunan taraf\u0131yla yolun a\u00e7\u0131lmas\u0131 do\u011frultusunda onlarca g\u00f6r\u00fc\u015fme yapmas\u0131na ra\u011fmen, Atina bir t\u00fcrl\u00fc a\u00e7\u0131l\u0131\u015f tarihi vermiyor.<br \/>\nSon g\u00fcr\u00fc\u015fme d\u00fcn ger\u00e7ekle\u015ftirildi ama Yunanistan yine bir tarih vermedi.<br \/>\nBat\u0131 Trakya\u2019n\u0131n da i\u00e7inde bulundu\u011fu Do\u011fu Makedonya ve Trakya Valisi Aristidis Yanakidis, K\u0131rcaali Valisi Biser Nikolov ile yapt\u0131\u011f\u0131 g\u00f6r\u00fc\u015fmede, K\u0131rcaali G\u00fcm\u00fclcine yolunun Yunanistan taraf\u0131ndaki g\u00fczergah\u0131n Temmuz ay\u0131n\u0131n sonuna kadar tamamlanaca\u011f\u0131n\u0131 s\u00f6yledi. Ne var ki, Yanakidis yine Makas S\u0131n\u0131r Kap\u0131s\u0131\u2019n\u0131n a\u00e7\u0131l\u0131\u015f\u0131 konusunda tarih vermek istemedi.<\/p>\n<p>Makas S\u0131n\u0131r Kap\u0131s\u0131\u2019n\u0131n a\u00e7\u0131lmas\u0131yla Bulgaristan ile Yunanistan aras\u0131ndaki ge\u00e7i\u015f kap\u0131lar\u0131 d\u00f6rde y\u00fckselecek. Makas, di\u011fer \u00fc\u00e7 kap\u0131dan farkl\u0131 olarak T\u00fcrklerin ve M\u00fcsl\u00fcmanlar\u0131n b\u00f6lgelerini birle\u015ftiriyor. S\u00f6zkonusu kap\u0131 a\u00e7\u0131ld\u0131\u011f\u0131nda K\u0131rcaali ile G\u00fcm\u00fclcine aras\u0131ndaki karayolu mesafesi yakla\u015f\u0131k 40 dakikaya d\u00fc\u015fecek. Bu ise iki \u00fclkedeki T\u00fcrklerin aras\u0131ndaki temaslar\u0131n her a\u00e7\u0131dan daha da derinle\u015fmesi anlam\u0131na geliyor. \u0130\u015fte Yunanistan tam da bundan pek memnun de\u011fil.<\/p>\n<p>Makas eninde sonunda a\u00e7\u0131lacak, ancak Atina ne kadar ge\u00e7iktirirse o kadar kar say\u0131yor. Tabi, Yunanistan\u2019\u0131n ekonomik endi\u015feleri de var ama kap\u0131n\u0131n a\u00e7\u0131lmamas\u0131n\u0131n nedenleri ekonomiden \u00e7ok T\u00fcrklerin kap\u0131s\u0131 olmas\u0131nda yat\u0131yor<\/p>\n<p>So\u011fuk Sava\u015f d\u00f6neminde birbirlerinden birka\u00e7 kilometre mesafedeki yerle\u015flim yerlerinde ya\u015famalar\u0131na ra\u011fmen s\u0131n\u0131r\u0131n iki taraf\u0131ndaki T\u00fcrkler aras\u0131ndaki k\u00fclt\u00fcrel ve ekonomik ili\u015fkiler tamamen kesilmi\u015fti. Yakla\u015f\u0131k 70 y\u0131ld\u0131r Bat\u0131 ile Do\u011fu Bloku&#8217;nun kesi\u015fme noktas\u0131 olan bu s\u0131n\u0131r\u0131n iki taraf\u0131nda ya\u015fayan T\u00fcrkler, iki \u00fclkede de uygulamada olan askeri b\u00f6lgelerde ya\u015famlar\u0131n\u0131 s\u00fcrd\u00fcrmek zorundayd\u0131. O b\u00f6lgelere ise giri\u015f ve \u00e7\u0131k\u0131\u015flar \u00f6zel izinlerle oluyordu. Makas Kap\u0131s\u0131\u2019n\u0131n a\u00e7\u0131l\u0131\u015f\u0131n\u0131 sudan bahanelerle ge\u00e7iktiren Yunanistan hala korkular\u0131ndan ar\u0131namad\u0131\u011f\u0131n\u0131 g\u00f6steriyor asl\u0131nda.<\/p>\n<div><a href=\"https:\/\/i0.wp.com\/1.bp.blogspot.com\/-ITWjV6bDea0\/UdHG7MpZVOI\/AAAAAAAAA9Y\/xy_cHVn0aZA\/s400\/1.jpg\"><img data-recalc-dims=\"1\" loading=\"lazy\" decoding=\"async\" alt=\"\" src=\"https:\/\/i0.wp.com\/1.bp.blogspot.com\/-ITWjV6bDea0\/UdHG7MpZVOI\/AAAAAAAAA9Y\/xy_cHVn0aZA\/s640\/1.jpg?resize=640%2C444\" width=\"640\" height=\"444\" border=\"0\" \/><\/a><\/div>\n<\/div>\n<div id=\"bghab-796319259\" class=\"bghab-yazi-altinda bghab-entity-placement\"><script async src=\"https:\/\/pagead2.googlesyndication.com\/pagead\/js\/adsbygoogle.js\"><\/script>\r\n<!-- bghaber-yaz\u0131-sonu -->\r\n<ins class=\"adsbygoogle\"\r\n     style=\"display:block\"\r\n     data-ad-client=\"ca-pub-6203283170189293\"\r\n     data-ad-slot=\"4222328180\"\r\n     data-ad-format=\"auto\"\r\n     data-full-width-responsive=\"true\"><\/ins>\r\n<script>\r\n     (adsbygoogle = window.adsbygoogle || []).push({});\r\n<\/script><\/div><br style=\"clear: both; display: block; float: none;\"\/>","protected":false},"excerpt":{"rendered":"<p>T\u00fcrkleri birle\u015ftiren yol Yunanistan&#8217;da istenmiyor ve 70 y\u0131l \u00f6nce T\u00fcrklerin at s\u0131rt\u0131nda ge\u00e7tikleri Makas Yolu, bug\u00fcn Atina&#8217;y\u0131 endi\u015felendiriyor.<\/p>\n","protected":false},"author":29,"featured_media":2005,"comment_status":"closed","ping_status":"closed","sticky":false,"template":"","format":"standard","meta":{"advanced_seo_description":"","jetpack_seo_html_title":"","jetpack_seo_noindex":false,"jetpack_seo_schema_type":"","_jetpack_newsletter_access":"","_jetpack_dont_email_post_to_subs":false,"_jetpack_newsletter_tier_id":0,"_jetpack_memberships_contains_paywalled_content":false,"_jetpack_feature_clip_id":0,"_jetpack_memberships_contains_paid_content":false,"footnotes":"","jetpack_post_was_ever_published":false},"categories":[6],"tags":[],"class_list":["post-3379","post","type-post","status-publish","format-standard","has-post-thumbnail","hentry","category-yorum"],"jetpack_sharing_enabled":true,"jetpack_likes_enabled":true,"jetpack-related-posts":[],"jetpack_shortlink":"https:\/\/wp.me\/pc2PfJ-Sv","jetpack_featured_media_url":"https:\/\/i0.wp.com\/www.bghaber.org\/bghaber\/wp-content\/uploads\/2013\/05\/nahit-dogu.jpg?fit=224%2C238&ssl=1","_links":{"self":[{"href":"https:\/\/www.bghaber.org\/bghaber\/wp-json\/wp\/v2\/posts\/3379","targetHints":{"allow":["GET"]}}],"collection":[{"href":"https:\/\/www.bghaber.org\/bghaber\/wp-json\/wp\/v2\/posts"}],"about":[{"href":"https:\/\/www.bghaber.org\/bghaber\/wp-json\/wp\/v2\/types\/post"}],"author":[{"embeddable":true,"href":"https:\/\/www.bghaber.org\/bghaber\/wp-json\/wp\/v2\/users\/29"}],"replies":[{"embeddable":true,"href":"https:\/\/www.bghaber.org\/bghaber\/wp-json\/wp\/v2\/comments?post=3379"}],"version-history":[{"count":0,"href":"https:\/\/www.bghaber.org\/bghaber\/wp-json\/wp\/v2\/posts\/3379\/revisions"}],"wp:featuredmedia":[{"embeddable":true,"href":"https:\/\/www.bghaber.org\/bghaber\/wp-json\/wp\/v2\/media\/2005"}],"wp:attachment":[{"href":"https:\/\/www.bghaber.org\/bghaber\/wp-json\/wp\/v2\/media?parent=3379"}],"wp:term":[{"taxonomy":"category","embeddable":true,"href":"https:\/\/www.bghaber.org\/bghaber\/wp-json\/wp\/v2\/categories?post=3379"},{"taxonomy":"post_tag","embeddable":true,"href":"https:\/\/www.bghaber.org\/bghaber\/wp-json\/wp\/v2\/tags?post=3379"}],"curies":[{"name":"wp","href":"https:\/\/api.w.org\/{rel}","templated":true}]}}