{"id":33712,"date":"2019-01-17T11:33:46","date_gmt":"2019-01-17T08:33:46","guid":{"rendered":"https:\/\/www.bghaber.org\/bghaber\/?p=33712"},"modified":"2019-06-25T23:41:58","modified_gmt":"2019-06-25T20:41:58","slug":"bulgaristan-167-ulke-arasinda-demokrasi-siralamasinda-46ci-yerde","status":"publish","type":"post","link":"https:\/\/www.bghaber.org\/bghaber\/bulgaristan-167-ulke-arasinda-demokrasi-siralamasinda-46ci-yerde\/","title":{"rendered":"Bulgaristan 167 \u00fclke aras\u0131nda demokrasi s\u0131ralamas\u0131nda 46\u2019c\u0131 yerde"},"content":{"rendered":"<p>Bulgaristan\u2019\u0131n, AB\u2019de demokrasi s\u0131ralamas\u0131nda d\u00f6rt \u00fclkeden \u00f6nde oldu\u011fu, ancak genel olarak demokrasinin kalitesinin 2006\u2019dan bu yana de\u011fi\u015fmedi\u011fi a\u00e7\u0131kland\u0131.<\/p>\n<p>Bu bilgiler \u201cThe Economist Intelligence Unit\u201d taraf\u0131ndan haz\u0131rlanan y\u0131ll\u0131k &#8220;Demokrasi Endeksi 2018&#8221; raporunda yer ald\u0131. Raporda, \u00fclkemizdeki durum &#8220;kusurlu demokrasi&#8221; olarak tan\u0131mlanmaktad\u0131r ve \u00fclkemiz 167 \u00fclkeden 46. s\u0131rada yer almaktad\u0131r.<\/p>\n<p>Avrupa Birli\u011fi\u2019nde daha d\u00fc\u015f\u00fck puanl\u0131 de\u011fir \u00fclkeler Polonya \u2013 54. , Macaristan \u2013 57. , H\u0131rvatistan \u2013 60. ve Romanya &#8211; 66\u2019nc\u0131.<\/p>\n<p>&nbsp;<\/p>\n<p>BNR<\/p><div id=\"bghab-4087904420\" class=\"bghab-icerik-icine bghab-entity-placement\"><script async src=\"\/\/pagead2.googlesyndication.com\/pagead\/js\/adsbygoogle.js?client=ca-pub-6203283170189293\" crossorigin=\"anonymous\"><\/script><ins class=\"adsbygoogle\" style=\"display:block; text-align:center;\" data-ad-client=\"ca-pub-6203283170189293\" \ndata-ad-slot=\"7303146466\" \ndata-ad-layout=\"in-article\"\ndata-ad-format=\"fluid\" data-full-width-responsive=\"true\"><\/ins>\n<script> \n(adsbygoogle = window.adsbygoogle || []).push({}); \n<\/script>\n<\/div>\n<div id=\"bghab-59598426\" class=\"bghab-yazi-altinda bghab-entity-placement\"><div class=\"bghab-adlabel\">Reklamlar<\/div><script async src=\"https:\/\/pagead2.googlesyndication.com\/pagead\/js\/adsbygoogle.js\"><\/script>\r\n<!-- bghaber-yaz\u0131-sonu -->\r\n<ins class=\"adsbygoogle\"\r\n     style=\"display:block\"\r\n     data-ad-client=\"ca-pub-6203283170189293\"\r\n     data-ad-slot=\"4222328180\"\r\n     data-ad-format=\"auto\"\r\n     data-full-width-responsive=\"true\"><\/ins>\r\n<script>\r\n     (adsbygoogle = window.adsbygoogle || []).push({});\r\n<\/script><\/div><br style=\"clear: both; display: block; float: none;\"\/>","protected":false},"excerpt":{"rendered":"<p>Bulgaristan\u2019\u0131n, AB\u2019de demokrasi s\u0131ralamas\u0131nda d\u00f6rt \u00fclkeden \u00f6nde oldu\u011fu, ancak genel olarak demokrasinin kalitesinin 2006\u2019dan bu yana de\u011fi\u015fmedi\u011fi a\u00e7\u0131kland\u0131. Bu bilgiler \u201cThe Economist Intelligence Unit\u201d taraf\u0131ndan<\/p>\n","protected":false},"author":29,"featured_media":33713,"comment_status":"closed","ping_status":"closed","sticky":false,"template":"","format":"standard","meta":{"advanced_seo_description":"","jetpack_seo_html_title":"","jetpack_seo_noindex":false,"_jetpack_memberships_contains_paid_content":false,"footnotes":""},"categories":[1,4],"tags":[],"class_list":["post-33712","post","type-post","status-publish","format-standard","has-post-thumbnail","hentry","category-haberler","category-siyaset"],"jetpack_featured_media_url":"https:\/\/i0.wp.com\/www.bghaber.org\/bghaber\/wp-content\/uploads\/2019\/01\/26ff2820e3c051f45119511d5d2a64e31.jpg?fit=610%2C343&ssl=1","jetpack_sharing_enabled":true,"jetpack_likes_enabled":true,"jetpack-related-posts":[],"jetpack_shortlink":"https:\/\/wp.me\/pc2PfJ-8LK","_links":{"self":[{"href":"https:\/\/www.bghaber.org\/bghaber\/wp-json\/wp\/v2\/posts\/33712","targetHints":{"allow":["GET"]}}],"collection":[{"href":"https:\/\/www.bghaber.org\/bghaber\/wp-json\/wp\/v2\/posts"}],"about":[{"href":"https:\/\/www.bghaber.org\/bghaber\/wp-json\/wp\/v2\/types\/post"}],"author":[{"embeddable":true,"href":"https:\/\/www.bghaber.org\/bghaber\/wp-json\/wp\/v2\/users\/29"}],"replies":[{"embeddable":true,"href":"https:\/\/www.bghaber.org\/bghaber\/wp-json\/wp\/v2\/comments?post=33712"}],"version-history":[{"count":0,"href":"https:\/\/www.bghaber.org\/bghaber\/wp-json\/wp\/v2\/posts\/33712\/revisions"}],"wp:featuredmedia":[{"embeddable":true,"href":"https:\/\/www.bghaber.org\/bghaber\/wp-json\/wp\/v2\/media\/33713"}],"wp:attachment":[{"href":"https:\/\/www.bghaber.org\/bghaber\/wp-json\/wp\/v2\/media?parent=33712"}],"wp:term":[{"taxonomy":"category","embeddable":true,"href":"https:\/\/www.bghaber.org\/bghaber\/wp-json\/wp\/v2\/categories?post=33712"},{"taxonomy":"post_tag","embeddable":true,"href":"https:\/\/www.bghaber.org\/bghaber\/wp-json\/wp\/v2\/tags?post=33712"}],"curies":[{"name":"wp","href":"https:\/\/api.w.org\/{rel}","templated":true}]}}