{"id":3359,"date":"2013-07-04T01:55:42","date_gmt":"2013-07-03T22:55:42","guid":{"rendered":"http:\/\/bghaber.org\/bghaber\/?p=3359"},"modified":"2019-07-18T23:44:25","modified_gmt":"2019-07-18T21:44:25","slug":"gencler-arasindaki-issizlik-is-piyasasinin-temel-problemlerinden","status":"publish","type":"post","link":"https:\/\/www.bghaber.org\/bghaber\/gencler-arasindaki-issizlik-is-piyasasinin-temel-problemlerinden\/","title":{"rendered":"Gen\u00e7ler aras\u0131ndaki i\u015fsizlik-i\u015f piyasas\u0131n\u0131n temel problemlerinden"},"content":{"rendered":"<p>Uluslararas\u0131 \u00c7al\u0131\u015fma \u00d6rg\u00fct\u00fc verilerine g\u00f6re, 60 milyondan fazla gen\u00e7 i\u015fsizdir. \u0130statistiklere g\u00f6re, gen\u00e7 kad\u0131n ve erkekler aras\u0131ndaki i\u015fsizlik oran\u0131 ya\u015fl\u0131lara k\u0131yasla iki kat fazlad\u0131r. Bulgaristan\u2019da manzara farkl\u0131 de\u011fil. 29 ya\u015f\u0131na kadar i\u015fsizlerin say\u0131s\u0131 200 bin.<!--more--><\/p>\n<p><a href=\"https:\/\/i0.wp.com\/bghaber.org\/bghaber\/wp-content\/uploads\/2013\/07\/ivan-Neykov.jpg\"><img data-recalc-dims=\"1\" loading=\"lazy\" decoding=\"async\" class=\"alignright size-medium wp-image-3360\" alt=\"ivan-Neykov\" src=\"https:\/\/i0.wp.com\/bghaber.org\/bghaber\/wp-content\/uploads\/2013\/07\/ivan-Neykov-300x168.jpg?resize=300%2C168\" width=\"300\" height=\"168\" \/><\/a>Balkan \u0130\u015f ve Sosyal Politika Enst\u00fct\u00fcs\u00fc ba\u015fkan\u0131 ve eski \u00c7al\u0131\u015fma Bakan\u0131 \u0130van Neykov analize ediyor:<br \/>\n\u201c\u0130\u015f piyasa\u0131nda en riskli grup 29 ya\u015f\u0131n alt\u0131ndaki gen\u00e7lerdir.\u00a0Emeklilik \u00f6ncesi vatanda\u015flardan bile daha zor i\u015f bulabiliyor bu kesim. B\u00fct\u00fcn uzmanlar ilgisini gen\u00e7ler aras\u0131ndaki i\u015fsizli\u011fi \u00f6nleme ve istihdam olanaklar\u0131na yo\u011funla\u015ft\u0131r\u0131yor. Buradaki sorun \u015fundan kaynaklan\u0131yor: E\u011fitimini tamamlayan bir gen\u00e7 hemen i\u015f bulamazsa, \u00f6\u011frendiklerini uygulamaya aktaramazsa, hem bilgilerini unutur, hem de i\u015f tecr\u00fcbesi alamaz. Bundan sonraki h\u00fck\u00fcmetlerin da ilgi oda\u011f\u0131 gen\u00e7ler aras\u0131ndaki i\u015fsizlik olu\u015fturacak. Emeklilik reformlar\u0131n\u0131 dondurarak, gen\u00e7lere i\u015f sa\u011flamak t\u00fcr\u00fcnden teklifler \u00e7ok yersiz. Bu \u00e7\u0131k\u0131\u015f\u0131 olmayan bir sokak. S\u00fcbvanse edilen istihdam kal\u0131c\u0131 bir \u00e7\u00f6z\u00fcm de\u011fil\u201d.<\/p>\n<p>Balkan \u00c7al\u0131\u015fma ve Sosyal Politikalar Enst\u00fct\u00fcs\u00fc uzmanlar\u0131na g\u00f6re, birka\u00e7 \u00f6nemli ad\u0131m at\u0131lmal\u0131. Fakat bunlar acil sonu\u00e7lar do\u011furacak t\u00fcrden olmayacak:<br \/>\n\u201c\u0130lk olarak Bulgar i\u015f piyasas\u0131nda ve mesleki e\u011fitimde b\u00fcy\u00fck bir a\u00e7\u0131\u011f\u0131 kapatmal\u0131y\u0131z. \u00dclkede e\u011fitimde mesleki y\u00f6nlendirme yok. Bulgaristan\u2019da gen\u00e7eler ne okuyacaklar\u0131n\u0131, sonra da hangi alanda \u00e7al\u0131\u015facaklar\u0131n\u0131 ger\u00e7ek yetenek, istek ve becerileri ba\u011flam\u0131nda ciddi bir analize dayal\u0131 karar vermiyor.<\/p>\n<p>Bunun sonucunda binlerce gen\u00e7, g\u00f6nl\u00fcnde olan i\u015fi yapm\u0131yor. B\u00f6yle olunca geli\u015fme h\u0131rs\u0131 da eksik kal\u0131yor. \u0130\u015fini sevmeyen bir gen\u00e7ten bunu bekleyemezsin. Ayn\u0131 zamanda e\u011fitim kurumlar\u0131 ile i\u015f sekt\u00f6r\u00fc aras\u0131nda ba\u011f yok. Bir\u00e7ok defa okullar i\u015f sekt\u00f6r\u00fcn\u00fcn istekleri do\u011frultusunda bilgi ve beceri vermiyor. Sonu\u00e7ta gen\u00e7ler diploma al\u0131yor fakat i\u015f piyasas\u0131na ba\u015fvurdu\u011funda bilgi ve becerilerinin yeterli olmad\u0131\u011f\u0131 saptan\u0131yor.<\/p>\n<p>Ba\u015fka ciddi bir sorun krizden \u00e7\u0131kan firmalar art\u0131k daha az ve daha kalifiye elemanla \u00e7al\u0131\u015f\u0131yor olmalar\u0131ndan kaynaklan\u0131yor. \u0130\u015fverenler, i\u015fsiz elemanlar\u0131n \u00e7oklu\u011fu kar\u015f\u0131s\u0131nda, y\u00fcksek kalifiye olmayan bir i\u015f i\u00e7in dahi, uzman ki\u015filer ar\u0131yor. Y\u00fczbinlerce gen\u00e7 b\u00f6yle iyi kalifiye olmad\u0131klar\u0131 i\u00e7in sokakta kal\u0131yor. Gen\u00e7lerin belli bir diplomas\u0131 var, ancak gerekli uzmanl\u0131\u011fa sahip de\u011fil. \u0130\u015fverenler ile gen\u00e7lerin beklentisi aras\u0131nda ge\u00e7i\u015fme oluyor. Acil \u00e7\u00f6z\u00fcmler yok. \u00c7ok ciddi olarak konu tart\u0131\u015f\u0131lmaya a\u00e7\u0131lmal\u0131 ve gen\u00e7lerin giri\u015fimcilerle ve i\u015f sekt\u00f6r\u00fcyle diyalo\u011funda yard\u0131mc\u0131 olacak mekanizmalar gerekli.<\/p><div id=\"bghab-1650618323\" class=\"bghab-icerik-icine bghab-entity-placement\"><script async src=\"\/\/pagead2.googlesyndication.com\/pagead\/js\/adsbygoogle.js?client=ca-pub-6203283170189293\" crossorigin=\"anonymous\"><\/script><ins class=\"adsbygoogle\" style=\"display:block; text-align:center;\" data-ad-client=\"ca-pub-6203283170189293\" \ndata-ad-slot=\"7303146466\" \ndata-ad-layout=\"in-article\"\ndata-ad-format=\"fluid\" data-full-width-responsive=\"true\"><\/ins>\n<script> \n(adsbygoogle = window.adsbygoogle || []).push({}); \n<\/script>\n<\/div>\n<p><em>T\u00fcrk\u00e7esi: Sevda D\u00fckkanc\u0131 \/ Yaz\u0131: Diana Hristakieva \/ \u00a9 Foto\u011fraf:\u00a0BGNES &#8211; BNR<\/em><\/p>\n<div id=\"bghab-924820117\" class=\"bghab-yazi-altinda bghab-entity-placement\"><script async src=\"https:\/\/pagead2.googlesyndication.com\/pagead\/js\/adsbygoogle.js\"><\/script>\r\n<!-- bghaber-yaz\u0131-sonu -->\r\n<ins class=\"adsbygoogle\"\r\n     style=\"display:block\"\r\n     data-ad-client=\"ca-pub-6203283170189293\"\r\n     data-ad-slot=\"4222328180\"\r\n     data-ad-format=\"auto\"\r\n     data-full-width-responsive=\"true\"><\/ins>\r\n<script>\r\n     (adsbygoogle = window.adsbygoogle || []).push({});\r\n<\/script><\/div><br style=\"clear: both; display: block; float: none;\"\/>","protected":false},"excerpt":{"rendered":"<p>Uluslararas\u0131 \u00c7al\u0131\u015fma \u00d6rg\u00fct\u00fc verilerine g\u00f6re, 60 milyondan fazla gen\u00e7 i\u015fsizdir. \u0130statistiklere g\u00f6re, gen\u00e7 kad\u0131n ve erkekler aras\u0131ndaki i\u015fsizlik oran\u0131 ya\u015fl\u0131lara k\u0131yasla iki kat fazlad\u0131r. Bulgaristan\u2019da<\/p>\n","protected":false},"author":29,"featured_media":3360,"comment_status":"closed","ping_status":"closed","sticky":false,"template":"","format":"standard","meta":{"advanced_seo_description":"","jetpack_seo_html_title":"","jetpack_seo_noindex":false,"jetpack_seo_schema_type":"","_jetpack_newsletter_access":"","_jetpack_dont_email_post_to_subs":false,"_jetpack_newsletter_tier_id":0,"_jetpack_memberships_contains_paywalled_content":false,"_jetpack_feature_clip_id":0,"_jetpack_memberships_contains_paid_content":false,"footnotes":"","jetpack_post_was_ever_published":false},"categories":[9],"tags":[30],"class_list":["post-3359","post","type-post","status-publish","format-standard","has-post-thumbnail","hentry","category-ekonomi","tag-bulgaristan"],"jetpack_sharing_enabled":true,"jetpack_likes_enabled":true,"jetpack-related-posts":[],"jetpack_shortlink":"https:\/\/wp.me\/pc2PfJ-Sb","jetpack_featured_media_url":"https:\/\/i0.wp.com\/www.bghaber.org\/bghaber\/wp-content\/uploads\/2013\/07\/ivan-Neykov.jpg?fit=610%2C343&ssl=1","_links":{"self":[{"href":"https:\/\/www.bghaber.org\/bghaber\/wp-json\/wp\/v2\/posts\/3359","targetHints":{"allow":["GET"]}}],"collection":[{"href":"https:\/\/www.bghaber.org\/bghaber\/wp-json\/wp\/v2\/posts"}],"about":[{"href":"https:\/\/www.bghaber.org\/bghaber\/wp-json\/wp\/v2\/types\/post"}],"author":[{"embeddable":true,"href":"https:\/\/www.bghaber.org\/bghaber\/wp-json\/wp\/v2\/users\/29"}],"replies":[{"embeddable":true,"href":"https:\/\/www.bghaber.org\/bghaber\/wp-json\/wp\/v2\/comments?post=3359"}],"version-history":[{"count":0,"href":"https:\/\/www.bghaber.org\/bghaber\/wp-json\/wp\/v2\/posts\/3359\/revisions"}],"wp:featuredmedia":[{"embeddable":true,"href":"https:\/\/www.bghaber.org\/bghaber\/wp-json\/wp\/v2\/media\/3360"}],"wp:attachment":[{"href":"https:\/\/www.bghaber.org\/bghaber\/wp-json\/wp\/v2\/media?parent=3359"}],"wp:term":[{"taxonomy":"category","embeddable":true,"href":"https:\/\/www.bghaber.org\/bghaber\/wp-json\/wp\/v2\/categories?post=3359"},{"taxonomy":"post_tag","embeddable":true,"href":"https:\/\/www.bghaber.org\/bghaber\/wp-json\/wp\/v2\/tags?post=3359"}],"curies":[{"name":"wp","href":"https:\/\/api.w.org\/{rel}","templated":true}]}}