{"id":3333,"date":"2013-07-05T18:19:03","date_gmt":"2013-07-05T15:19:03","guid":{"rendered":"http:\/\/bghaber.org\/bghaber\/?p=3333"},"modified":"2023-11-23T17:10:56","modified_gmt":"2023-11-23T14:10:56","slug":"devletin-en-gizli-ozune-ters-dusmek","status":"publish","type":"post","link":"https:\/\/www.bghaber.org\/bghaber\/devletin-en-gizli-ozune-ters-dusmek\/","title":{"rendered":"Devletin En Gizli \u00d6z\u00fcne Ters D\u00fc\u015fmek"},"content":{"rendered":"<div>\n<p>Hi\u00e7 ku\u015fkusuz, Bulgar devletinin en gizli \u00f6z\u00fcnde hakikat \u00f6l\u00e7\u00fct\u00fc olarak mafya babas\u0131 Dan\u00e7o Peevski duracaksa, <b>\u201cbana uymaz, isterse b\u00fct\u00fcn devlet yans\u0131n, beni ba\u011flamaz!\u201d<\/b> diyenleriniz % 99,99\u2019d\u0131r. Bundan eminim.<!--more--><\/p>\n<\/div>\n<div>\u015eundan da %100 eminim: Devletin en gizli \u00f6z\u00fcnde ihbarc\u0131lar\u0131n \u00f6z babas\u0131 Ahmet Do\u011fan bulunuyorsa, <b>\u201cBu devlet de bizi ba\u011flamaz! <\/b><\/div>\n<div><b>Keserin sap\u0131 bir d\u00f6ner, iki d\u00f6ner, sonra g\u00f6ze gelir!\u201d<\/b> dersiniz ve d\u00f6n\u00fcp gidersiniz.<\/div>\n<div>H\u00d6H\/DPS kontenjan\u0131ndan eski Tar\u0131m Bakan\u0131 Mehmet Dikme de dayanamam\u0131\u015f: D\u00fcn <b>\u201cDevlet keserinin sap\u0131 Ahmet Do\u011fan\u2019\u0131n elinde!\u201d<\/b> demi\u015f. Vay! Vay!<\/div>\n<div>\u00d6m\u00fcr boyu iki enser \u00e7akmam\u0131\u015f bir ki\u015fi olan Ahmet usta bu defa h\u00fck\u00fcmet kurma i\u015flerinde <b>\u201ckeseri parma\u011f\u0131na vurdu.\u201d<\/b> Dikkat etmek i\u00e7in art\u0131k ge\u00e7!<\/div>\n<div>Meydanlar dolup ta\u015fm\u0131\u015f. \u201cOstavka\u201d s\u00f6z\u00fcn\u00fcn T\u00fcrk\u00e7esi \u201c<b>\u0130stifa!<\/b>\u201d<\/div>\n<div><b>\u00d6z\u00fcn\u00fc Kurt yiyince, a\u011fa\u00e7 kurur.<\/b><\/div>\n<div>Devletin en gizli \u00f6z\u00fcne yani gizli istihbarat i\u015flerine ki\u015fisel menfaat pe\u015finde olanlar, doland\u0131r\u0131c\u0131lar, zorbac\u0131lar, soyguncular, h\u0131rs\u0131zlar, mafya \u00e7eteleri, hain ajanlar kar\u0131\u015ft\u0131\u011f\u0131nda, devletin \u00f6z\u00fc kurur, i\u015fler y\u00fcr\u00fcmez, \u00f6nce hukuk sistemi, adalete olan g\u00fcven, ard\u0131ndan da b\u00fct\u00fcnsel ala\u015fa\u011f\u0131 olur, devrilir.<\/div>\n<div><b>En b\u00fcy\u00fck hain kimdir? Devleti deviren mi? Hay\u0131r! <\/b><\/div>\n<div><b>Kendi soyunu, \u00f6z halk\u0131n\u0131, en yak\u0131n arkada\u015flar\u0131n\u0131 ele verendir! <\/b><\/div>\n<div>Hak ve \u00f6zg\u00fcrl\u00fck davas\u0131na, insan haklar\u0131 ruhuna ters d\u00fc\u015fendir. Soy k\u00f6klerini ink\u00e2r edendir. \u00d6z devletini doland\u0131r\u0131p soyand\u0131r. Vatan\u0131na ihanet edendir. Verdi\u011fi yalan yanl\u0131\u015f bilgilerle ger\u00e7ekleri \u00e7arp\u0131tan, insanlar\u0131n g\u00f6nl\u00fcn\u00fc yaralayan, onlara a\u011f\u0131r s\u0131k\u0131nt\u0131 ya\u015fatand\u0131r.<\/div>\n<div><b>Biz T\u00fcrk\u2019\u00fcz ve geleneklerimizde hainler hep canl\u0131 canl\u0131 y\u00fcz\u00fclm\u00fc\u015ft\u00fcr.<\/b><\/div>\n<div><b>Tabii modern hainler korunuyor. Saraylarda ya\u015f\u0131yor. Diri diri soyulmalar\u0131 ya da kaz\u0131\u011fa \u00e7ak\u0131lmalar\u0131 i\u00e7in sosyal devrim gerek, o da bizde hala mayalanamad\u0131.<\/b><\/div>\n<div>\u00d6mr\u00fcm\u00fcn en a\u011f\u0131r d\u00f6nemi olan g\u00f6\u00e7 \u00e7ilesini ya\u015farken, bir sigara yak\u0131p \u201cHer \u015fey gelip ge\u00e7er!\u201d\u00a0 diyenler oldu. Asl\u0131nda, bir\u00e7ok \u015fey de\u011fi\u015fiyormu\u015f gibi g\u00f6r\u00fcnse de, hep ayn\u0131. Ac\u0131lar\u0131n unutulaca\u011f\u0131n\u0131 hayal edenlerin hesaplar\u0131 bo\u015f \u00e7\u0131kt\u0131. \u015eu arka (k\u00fc\u00e7\u00fck) beyin var ya, oras\u0131 belle\u011fimizin derin \u00f6z\u00fc, oraya kaydedilenler asla silinmez.<\/div>\n<div>Git gide daha ender olsa da, 1989 A\u011fustosundan an\u0131lar, uykular\u0131mda ac\u0131 yatmaz gibi ortaya \u00e7\u0131k\u0131p, her \u015feyimi alt \u00fcst ediyor. \u00c7ekilenlerin \u00f6n\u00fc ard\u0131 yok. An\u0131lar uzun soluklu, sars\u0131nt\u0131l\u0131. Zaman zaman \u00f6yle bir canlan\u0131yorlar ki, hi\u00e7 sorma. Onlar i\u00e7imde ama benden ba\u011f\u0131ms\u0131z ya\u015f\u0131yorlar. Onlar\u0131 kontrol edemiyorum, her ak\u015fam ruyalar\u0131m\u0131 s\u00fcsl\u00fcyorlar.<\/div>\n<div>Do\u011fum yerim Varna y\u00f6resi. Ezer\u00e7e k\u00f6y\u00fcnde adlar\u0131n\u0131n de\u011fi\u015ftirilmeyenler kur\u015funa dizilirken oradayd\u0131k. Kanlar\u0131n\u0131n ak\u0131\u015f\u0131n\u0131, toza topra\u011fa kar\u0131\u015fmas\u0131n\u0131, yerde kururken kara kap olu\u015funu g\u00f6rd\u00fck.<\/div>\n<div>Unutmak imk\u00e2ns\u0131z! K\u00f6ye vard\u0131k\u00e7a, an\u0131t mezar\u0131na u\u011fruyorum, ya\u015fl\u0131lar\u0131n buru\u015fuk y\u00fczlerinde \u015fehit kanl\u0131 izleri g\u00f6r\u00fcyorum. O zaman bizlerden intihar eden olmad\u0131. \u00d6l\u00fcm\u00fc g\u00fcne\u015fe susam\u0131\u015f \u00f6zg\u00fcrl\u00fck gibi g\u00f6renlerle gurur duyuyorum.<\/div>\n<div>\u00d6yle ama son y\u0131llarda aram\u0131zdan intihar edenler var. Ahmet Emini tan\u0131yormusunuz. Bir g\u00fcn birine \u201cR\u00fcyalar\u0131nda ceset g\u00f6r\u00fcyorum!\u201d demi\u015f. G\u00fcn\u00fcn\u00fc hain ortam\u0131nda ge\u00e7irenlerin r\u00fcyalar\u0131nda kendilerine k\u0131yd\u0131klar\u0131n\u0131 i\u015fitmi\u015ftim. \u201cNas\u0131l?\u201d diye sordu\u011funda, \u201ccesetler beni bo\u011fazl\u0131yor ve can\u0131m\u0131 almak istiyorlar!\u201d demi\u015fti sessizce\u2026<\/div>\n<div>Ahmet Emin dayanamad\u0131, \u00f6ks\u00fczlerini analar\u0131na, \u00e7ok ya\u015fl\u0131 babaanne ve dedelerine b\u0131rak\u0131p gitti\u2026<\/div>\n<div>\u00d6l\u00fcme sebep olanlar merhumun cenaze t\u00f6renine gitmez, merhumun ard\u0131ndan bir avu\u00e7 toprak atmaz! Bilmeyerek de olsa, bunu yapan katilleri toprak ana hemen i\u00e7ine \u00e7eker\u2026<\/div>\n<div>Bu inan\u00e7 hem bizde hem Bulgarlarda var. A. Do\u011fan yaln\u0131z Saray\u2019da beynine kur\u015fun s\u0131kan Ahmet Emin\u2019in de\u011fil, kendi eliyle can\u0131na k\u0131yan H\u00d6H\/DPS Sofya \u0130l \u00d6rg\u00fct\u00fc Ba\u015fkan\u0131 K\u0131n\u00e7ev\u2019in cenaze t\u00f6renine de gitmedi.<\/div>\n<div>Konu\u015fup tart\u0131\u015f\u0131yoruz aram\u0131zda, onlar ve daha kimler kimler \u201cdevletin en gizli \u00f6z\u00fcne ters d\u00fc\u015fm\u00fc\u015fler!\u201d diye anlatanlar var. \u0130nsan elektrik teline dokunmadan \u00e7arp\u0131ld\u0131\u011f\u0131n\u0131 anlam\u0131yor. Bu cereyan\u0131n \u00f6ld\u00fcr\u00fcc\u00fc oldu\u011funu hepimiz biliyoruz da, \u015falterin hangi konuda, ne zaman, ne i\u00e7in a\u00e7\u0131ld\u0131\u011f\u0131n\u0131, kimi zaman kapan\u0131p kapanmad\u0131\u011f\u0131n\u0131 pek bilen yok. \u0130yilik yapan da \u00e7arp\u0131l\u0131yor, k\u00f6t\u00fcl\u00fck yapan da. Adaletin k\u0131stas\u0131 ihbarc\u0131\u2026 Ah! Ah!<\/div>\n<div>\u00a0\u015eu kal\u0131n enseli, aln\u0131 olmayan, et kafal\u0131 Peevski\u2019nin gizli i\u015flerini \u201cnamusluca\u201d ve \u201cadalet ad\u0131na\u201d y\u00f6netece\u011fine yemin etti\u011fi devletten ne adalet beklenir! Bulgaristan\u2019da halk Yanm\u0131\u015f! Aman Allah\u2019\u0131m!<\/div>\n<div>B\u0131rak Allah a\u015fk\u0131na! Yoksa \u201c\u00f6m\u00fcr boyu tek do\u011fru laf s\u00f6ylemeyen, kendini devlet yerine koyan, yalan makinas\u0131 Ahmet Do\u011fan\u2019\u0131n m\u0131 adaletin k\u0131stas\u0131!\u201d D\u00fc\u015f\u00fcn\u00fcyorum da yanm\u0131\u015f\u0131z.<\/div>\n<div>Gen\u00e7 canlar\u0131na k\u0131yan, 2 H\u00d6H elit kadrosu, \u00e7ok \u015ferefli ki\u015filerdi. Halk ikisini de takdir ediyordu. Vicdanlar\u0131 sistemli bask\u0131ya, devaml\u0131 izlenmeye, haklar\u0131ndaki as\u0131ls\u0131z uydurmalara, en kirli karalamalar\u0131na, insafs\u0131z k\u00f6t\u00fclemelere, tek s\u00f6zle nank\u00f6rl\u00fc\u011fe dayanamad\u0131.<\/div>\n<div>Kurbanlar\u0131 an\u0131msad\u0131k\u00e7a, olaylar akl\u0131ma geldik\u00e7e 1937 \u2013 1953 y\u0131llar\u0131 aras\u0131nda Sovyetler Birli\u011fi\u2019nde devrim ate\u015finde \u00e7elikle\u015fmi\u015f yal\u0131n devrimcilerin \u0130\u00e7i\u015fleri Halk Komiserli\u011fi (gizli polis) taraf\u0131ndan nas\u0131l ezildi\u011fini, bask\u0131 alt\u0131na al\u0131nd\u0131\u011f\u0131n\u0131, tutuklanmalar\u0131n\u0131, g\u00f6rd\u00fckleri i\u015fkenceleri, s\u00fcrg\u00fcn kamplar\u0131nda ge\u00e7irdikleri y\u0131llarda nas\u0131l y\u0131prat\u0131l\u0131p yok edildiklerini filmlerde izledim. Bu konuda, Vasili Grossman\u2019\u0131n \u201cHer \u015eey Ge\u00e7ip Gider\u201d kitab\u0131 beni fazlas\u0131yla etkiledi.<\/div>\n<div>Kar\u015f\u0131la\u015ft\u0131rma yaparsak, bizde 1970-1990 aras\u0131nda milim kaymadan ayn\u0131 uygulama yap\u0131ld\u0131. Bulgaristan\u2019da T\u00fcrklerden &#8211; Salaklardan i\u015f yaramazlardan, en b\u00fcy\u00fck nank\u00f6rlerden gizli servis DS ajan\u0131, k\u00f6stebek, m\u00fczevir, ihbarc\u0131, ajan yapt\u0131lar ve saflar\u0131m\u0131za sald\u0131lar.<\/div>\n<div>Ahmet Do\u011fan yukardaki s\u0131ralamadan kendilerine bir unvan se\u00e7ebilirler. B\u00fcy\u00fck bir gizli hain tayfas\u0131 olu\u015ftu. 1950-1970 aras\u0131 Bulgaristan T\u00fcrkleri aras\u0131ndan yeti\u015fen ayd\u0131nlar\u0131, en istidatl\u0131 i\u015f\u00e7ileri, en d\u00fcr\u00fcst ustalar\u0131, en kabiliyetli hayvan bak\u0131c\u0131lar\u0131, t\u00fct\u00fcn \u00fcreticileri, gelinlik k\u0131zlar\u0131 uydurma ihbarlarla ele verip s\u0131k\u0131\u015ft\u0131r\u0131p, devletin derin gizli \u00f6z\u00fc \u00f6n\u00fcnde k\u00f6t\u00fclediler, hepsini kendi \u00f6zlerine, olmayan adalet ve vicdana ters d\u00fc\u015f\u00fcrd\u00fcler. O y\u0131llarda Bulgaristan Kom\u00fcnist Partisi (BKP), sosyalist devlet ve gizli polis makinas\u0131 birle\u015fti, kayna\u015ft\u0131, Anayasa, kanunlar ve do\u011fal insan haklar\u0131 rafa kald\u0131r\u0131ld\u0131, hukuk ve adalet eritildi. S\u00fcr\u00fclmek, sorgulanmak, cezaevine d\u00fc\u015fmek, hapiste \u00e7\u00fcr\u00fct\u00fclmek k\u00f6stebe\u011fin, aram\u0131za s\u0131zan ajanlar\u0131n, hafiyenin, \u015ferefsizler aras\u0131ndan en \u015ferefsizin, kendini dosttan g\u00f6sterip dostlar\u0131n\u0131 ele verenin helvac\u0131 k\u00e2\u011f\u0131d\u0131na kara kalemle karalad\u0131\u011f\u0131 her kelimesinde imla yanl\u0131\u015f\u0131 olan \u201c\u00f6nemli\u201d sat\u0131rlar, hayat\u0131m\u0131z\u0131 belirledi.<\/div>\n<div>Ahmet Do\u011fan kalemin ucunu t\u00fck\u00fcre t\u00fck\u00fcre 40 cilt ihbar yazm\u0131\u015ft\u0131. Bize siz Bulgaristan T\u00fcrkleri yoksunuz, olmad\u0131n\u0131z, olamazs\u0131n\u0131z filan falan demesin kimse: 40 ciltlik el yaz\u0131s\u0131yla yaz\u0131lm\u0131\u015f tarihimiz var\u2026..<\/div>\n<div><b>Bizim Do\u011fan, yaza yaza neredeyse yazar olmu\u015f\u2026 <\/b><\/div>\n<div>\u00d6m\u00fcr boyu kalemi elinden d\u00fc\u015f\u00fcrmeyen ama ancak 28 cilt derleyebilen devrim \u00f6nderi V. \u0130. Lenin\u2019i bile ihbar yazmada sollam\u0131\u015f\u2026<\/div>\n<div>\u0130\u015fte o y\u0131llarda yalan y\u00fck\u00fcnden e\u011firilen Bulgar derin gizli servisi, hala do\u011frulam\u0131yor.<\/div>\n<div>Asl\u0131nda D. Peevski\u2019yi Ba\u015fkan olmas\u0131n\u0131 engelleyenler, belki biraz da k\u00f6t\u00fcl\u00fck ettiler. Peevski \u015fu kilolar\u0131yla o e\u011fri a\u011fac\u0131n \u00fczerine bir binseydi, a\u011fa\u00e7 y\u00fczde y\u00fcz \u00e7at\u0131r \u00e7\u00fcr\u00fcr k\u0131r\u0131l\u0131r ve hepimiz toptan kurtulurduk. Nasip de\u011filmi\u015f!<\/div>\n<div><b>\u015eu halk uyan\u0131p dirilen halk vicdan\u0131 var ya, engel oldu i\u015fte\u2026<\/b><\/div>\n<div>\u00d6nceden bilmezdim, A. Do\u011fan hakk\u0131nda yaz\u0131lan kitaplar\u0131 al\u0131p yeniden okuyunca, derin devletin s\u0131r olan gizli \u00f6z\u00fc hakk\u0131nda fikrim de\u011fi\u015fti.<\/div>\n<div>Muhbirler \u015ferefsizse, hainler hala her yerde serbest\u00e7e gezip tozuyorsa, \u00a0kullan\u0131lan gizli ajanlarda i\u015f yoksa en derin en gizli devletin i\u015fleri nas\u0131l durulur acaba\u2026<\/div>\n<div>Fikirler nas\u0131l berrak olur?<\/div>\n<div>\u00a0Bokluk kenar\u0131ndaki kuyu suyunun neden i\u00e7ilmedi\u011fini \u015fimdi iyi anlad\u0131m\u2026<\/div>\n<div>23 y\u0131ldan beri \u015fu bizim devlet i\u015flerini k\u00f6t\u00fcden k\u00f6t\u00fcye itenler hakk\u0131nda bir yasa \u00e7\u0131karma zaman\u0131 gelmedi mi?<\/div>\n<div>Bulgaristan\u2019da derin devletin s\u0131r \u00f6z\u00fcne kimin ters d\u00fc\u015ft\u00fc\u011f\u00fcne bir daha bakacak yeni m\u00fcfetti\u015fler bekliyoruz. D\u00dcR\u00dcST, AHLAKLI ve K\u0130\u015e\u0130L\u0130KL\u0130 birileri olursa devlet i\u00e7in iyi olur. Bir devlette insanlar\u0131n zekalar\u0131 geli\u015fmemi\u015fse o devlet y\u00fckselemez.<\/div>\n<div>Devletlerin var olmas\u0131 da orada ya\u015fayanlar\u0131n zekalar\u0131n\u0131n bir \u00fcr\u00fcn\u00fcd\u00fcr.<\/div>\n<div><\/div>\n<div id=\"bghab-2334972319\" class=\"bghab-yazi-altinda bghab-entity-placement\"><script async src=\"https:\/\/pagead2.googlesyndication.com\/pagead\/js\/adsbygoogle.js\"><\/script>\r\n<!-- bghaber-yaz\u0131-sonu -->\r\n<ins class=\"adsbygoogle\"\r\n     style=\"display:block\"\r\n     data-ad-client=\"ca-pub-6203283170189293\"\r\n     data-ad-slot=\"4222328180\"\r\n     data-ad-format=\"auto\"\r\n     data-full-width-responsive=\"true\"><\/ins>\r\n<script>\r\n     (adsbygoogle = window.adsbygoogle || []).push({});\r\n<\/script><\/div><br style=\"clear: both; display: block; float: none;\"\/>","protected":false},"excerpt":{"rendered":"<p>Hi\u00e7 ku\u015fkusuz, Bulgar devletinin en gizli \u00f6z\u00fcnde hakikat \u00f6l\u00e7\u00fct\u00fc olarak mafya babas\u0131 Dan\u00e7o Peevski duracaksa, \u201cbana uymaz, isterse b\u00fct\u00fcn devlet yans\u0131n, beni ba\u011flamaz!\u201d diyenleriniz %<\/p>\n","protected":false},"author":29,"featured_media":0,"comment_status":"closed","ping_status":"closed","sticky":false,"template":"","format":"standard","meta":{"advanced_seo_description":"","jetpack_seo_html_title":"","jetpack_seo_noindex":false,"jetpack_seo_schema_type":"","_jetpack_newsletter_access":"","_jetpack_dont_email_post_to_subs":false,"_jetpack_newsletter_tier_id":0,"_jetpack_memberships_contains_paywalled_content":false,"_jetpack_feature_clip_id":0,"_jetpack_memberships_contains_paid_content":false,"footnotes":"","jetpack_post_was_ever_published":false},"categories":[6],"tags":[],"class_list":["post-3333","post","type-post","status-publish","format-standard","hentry","category-yorum"],"jetpack_sharing_enabled":true,"jetpack_likes_enabled":true,"jetpack-related-posts":[],"jetpack_shortlink":"https:\/\/wp.me\/pc2PfJ-RL","jetpack_featured_media_url":"","_links":{"self":[{"href":"https:\/\/www.bghaber.org\/bghaber\/wp-json\/wp\/v2\/posts\/3333","targetHints":{"allow":["GET"]}}],"collection":[{"href":"https:\/\/www.bghaber.org\/bghaber\/wp-json\/wp\/v2\/posts"}],"about":[{"href":"https:\/\/www.bghaber.org\/bghaber\/wp-json\/wp\/v2\/types\/post"}],"author":[{"embeddable":true,"href":"https:\/\/www.bghaber.org\/bghaber\/wp-json\/wp\/v2\/users\/29"}],"replies":[{"embeddable":true,"href":"https:\/\/www.bghaber.org\/bghaber\/wp-json\/wp\/v2\/comments?post=3333"}],"version-history":[{"count":0,"href":"https:\/\/www.bghaber.org\/bghaber\/wp-json\/wp\/v2\/posts\/3333\/revisions"}],"wp:attachment":[{"href":"https:\/\/www.bghaber.org\/bghaber\/wp-json\/wp\/v2\/media?parent=3333"}],"wp:term":[{"taxonomy":"category","embeddable":true,"href":"https:\/\/www.bghaber.org\/bghaber\/wp-json\/wp\/v2\/categories?post=3333"},{"taxonomy":"post_tag","embeddable":true,"href":"https:\/\/www.bghaber.org\/bghaber\/wp-json\/wp\/v2\/tags?post=3333"}],"curies":[{"name":"wp","href":"https:\/\/api.w.org\/{rel}","templated":true}]}}