{"id":3331,"date":"2013-07-05T18:17:25","date_gmt":"2013-07-05T15:17:25","guid":{"rendered":"http:\/\/bghaber.org\/bghaber\/?p=3331"},"modified":"2013-07-14T19:27:24","modified_gmt":"2013-07-14T16:27:24","slug":"muzakere-masasi-hemen-kurulmali","status":"publish","type":"post","link":"https:\/\/www.bghaber.org\/bghaber\/muzakere-masasi-hemen-kurulmali\/","title":{"rendered":"M\u00fczakere Masas\u0131 Hemen Kurulmal\u0131"},"content":{"rendered":"<div>Bulgaristan\u0131n her b\u00f6lgesi \u00e7alkalan\u0131yor. N\u00fcmayi\u015fler 13. g\u00fcn\u00fcnde her ge\u00e7en g\u00fcn daha da \u015fiddetlenerek devam ediyor. Yeni gelen Plamen Ore\u015farski h\u00fck\u00fcmetinin istifa etmesi isteniyor.<!--more--><\/div>\n<div>\n<figure id=\"attachment_3720\" aria-describedby=\"caption-attachment-3720\" style=\"width: 150px\" class=\"wp-caption alignright\"><a href=\"https:\/\/i0.wp.com\/bghaber.org\/bghaber\/wp-content\/uploads\/2013\/07\/rafetuluturk.jpg\"><img data-recalc-dims=\"1\" loading=\"lazy\" decoding=\"async\" class=\"size-thumbnail wp-image-3720\" alt=\"Rafet Ulut\u00fcrk\" src=\"https:\/\/i0.wp.com\/bghaber.org\/bghaber\/wp-content\/uploads\/2013\/07\/rafetuluturk-150x150.jpg?resize=150%2C150\" width=\"150\" height=\"150\" srcset=\"https:\/\/i0.wp.com\/www.bghaber.org\/bghaber\/wp-content\/uploads\/2013\/07\/rafetuluturk.jpg?resize=150%2C150&amp;ssl=1 150w, https:\/\/i0.wp.com\/www.bghaber.org\/bghaber\/wp-content\/uploads\/2013\/07\/rafetuluturk.jpg?resize=65%2C65&amp;ssl=1 65w\" sizes=\"auto, (max-width: 150px) 100vw, 150px\" \/><\/a><figcaption id=\"caption-attachment-3720\" class=\"wp-caption-text\">Rafet Ulut\u00fcrk<\/figcaption><\/figure>\n<p>Bulgar demokrasisinin fikir babalar\u0131ndan olan Edvin Sugarev a\u00e7l\u0131k grevine ba\u015flam\u0131\u015f, h\u00fck\u00fcmet \u00e7ekilene kadar s\u00fcrd\u00fcrmede kararl\u0131.<\/p><\/div>\n<div>Her sabah saat 8\u201930 ile 9\u201930 aras\u0131 ve \u00f6\u011flende saat 12\u201930 ile 13\u201930 aras\u0131 Parlamento kap\u0131lar\u0131na y\u0131\u011f\u0131lan g\u00f6stericiler giri\u015f \u00e7\u0131k\u0131\u015fa izin vermiyor. Cuma g\u00fcnleri meclis binas\u0131 sabahtan ak\u015fama bloke ediliyor. Ku\u015f u\u00e7urtmuyorlar. Meclis toplanam\u0131yor. Politik hayat fel\u00e7e u\u011fram\u0131\u015f durumdad\u0131r.<\/div>\n<div>Ayn\u0131 zamanda, mafya ba\u015f\u0131 D. Peevski\u2019yi devletin gizli servisine ba\u015fkan atamakla yanl\u0131\u015f yapt\u0131\u011f\u0131n\u0131 kabul eden ve \u00f6z\u00fcr dileyen Ba\u015fbakandan ve h\u00fck\u00fcmetinden ko\u015fulsuz istifa talep ediliyor.<\/div>\n<div>Her \u015fey Bulgaristan\u2019daki politik \u00e7eli\u015fkinin \u00e7ok derin oldu\u011funa kesin kan\u0131t. Irk\u00e7\u0131 parti \u201cAtaka\u201d Ba\u015fkan\u0131 V. Siderov Cumhurba\u015fkanl\u0131\u011f\u0131\u2019nda yapt\u0131\u011f\u0131 son konu\u015fmada, z\u0131t kutupla\u015fman\u0131n kab\u0131n\u0131 biraz soydu. O sert konu\u015fmas\u0131nda, Bulgaristan\u2019\u0131n Avrupa Birli\u011fi\u2019nden (AB) ve Kuzey Atlantik Pakt\u0131\u2019ndan (NATO) \u00e7\u0131kmas\u0131n\u0131 istedi. \u201cAtaka\u201d ile GERRB milletvekilleri i\u015fe gitmiyor. \u201cAtaka\u201d milletvekilleri parlamentoya gelmeyince, \u00e7o\u011funluk sa\u011flanam\u0131yor ve meclis \u00e7al\u0131\u015fam\u0131yor.<\/div>\n<div><b>Bas\u0131nda yorumlanan konu \u015fudur:<\/b><\/div>\n<div>H\u00d6H\/DPS \u015fefi A. Do\u011fan\u2019\u0131n kopoyu D.Peevski, derin gizli servis DANS ba\u015fkan\u0131 olarak g\u00f6revde kalsayd\u0131 ne olacakt\u0131?<\/div>\n<div><b><span style=\"text-decoration: underline;\">Cevaplar:<\/span><\/b> \u201cBulgaristan\u2019da soyguncu mafya iktidara gelecekti.\u201d\u00a0 \u201cHalk amans\u0131z soyulup ezilecekti.\u201d Yorumcular, \u201c\u015eimdi, bir kez daha, Prof. L\u00fcben Berov h\u00fck\u00fcmeti denemesi yap\u0131ld\u0131.\u201d Diye yaz\u0131yor. Politik g\u00f6zlemciler, \u015fu anda Bulgaristan\u2019\u0131n \u201crota de\u011fi\u015ftirmesinin m\u00fcmk\u00fcn olmad\u0131\u011f\u0131na\u201d dikkati \u00e7ektiler.<\/div>\n<div>Bug\u00fcn yar\u0131n S. Stani\u015fev ile V. Siderov aras\u0131nda bir g\u00f6r\u00fc\u015fme yap\u0131lacak. Anla\u015fma sa\u011flanmazsa Bulgaristan yeni se\u00e7imlere gidecek. Daha \u00f6nce t\u00fcm reel politikac\u0131lar\u0131n dedi\u011fi gibi, V. Siderov \u201cBulgaristan\u2019\u0131 parma\u011f\u0131nda oynat\u0131yor.\u201d<\/div>\n<div>1993\u2019te \u201cH\u00d6H\/DPS g\u00f6rev s\u00fcresinde kurulan Prof. L.Berov h\u00fck\u00fcmetinin, iplerini A. Do\u011fan\u2019\u0131n \u201cMulti Grup\u201d \u00e7ekmi\u015fti. Ser\u00fcven, \u201cMulti Grup\u201d Ba\u015fkan\u0131 Pavlov\u2019 un \u00f6ld\u00fcr\u00fclmesiyle sona ermi\u015fti. \u201c\u00c7ald\u0131lar da payla\u015famad\u0131lar!\u201d dediler. Bulgaristan amans\u0131z soyulmu\u015ftu.<\/div>\n<div>O zaman, yani 1993\u2019te \u00fclkemizde yeni ye\u015fermeye ba\u015flayan demokrasiye ilk ve \u00f6l\u00fcmc\u00fcl bir darbe, yine H\u00d6H\/DPS lideri A.Do\u011fan taraf\u0131ndan Demokratik G\u00fc\u00e7ler Birli\u011fi (SDS) ile h\u00fck\u00fcmet ortakl\u0131\u011f\u0131n\u0131 reddetmesiyle vurulmu\u015ftu. \u201cDemokrat\u201d ge\u00e7inen Do\u011fan\u2019\u0131n ger\u00e7ek ruyas\u0131 o zaman ortaya \u00e7\u0131kt\u0131. Bulgaristan\u2019da ezilen halk\u0131n, T\u00fcrklerin, Pomaklar\u0131n, Romlar\u0131n ve di\u011fer az\u0131nl\u0131klar\u0131n de\u011fil de, \u00fclkemizdeki Rus mafyas\u0131n\u0131n Bulgar kal\u0131n enselilerinin, mutralar\u0131n\u0131n menfaatlerini savundu\u011fu, onlar\u0131 destekledi\u011fi ve y\u00f6netmeye yeltendi\u011fi, Bulgaristan\u2019\u0131 ve Bulgaristan hakl\u0131n\u0131 soyup so\u011fana \u00e7evirmeyi hedefledi\u011fi,\u00a0 su y\u00fcz\u00fcne \u00e7\u0131kt\u0131. Bu onun bir KGB (Rus gizli servisi) ajan\u0131 olarak \u00fcslendi\u011fi vazifeydi. Bu yara, o zaman bu zaman kan\u0131yor.<\/div>\n<div>Asl\u0131nda 20 y\u0131ldan beri Bulgaristan\u2019da herkes \u00e7ok ac\u0131 bir s\u00fcrecin i\u00e7indedir. Daha kolay ve a\u00e7\u0131k anla\u015f\u0131labilmem amac\u0131yla bir do\u011fa kanunu ile kar\u015f\u0131la\u015ft\u0131rmal\u0131 \u00f6rnek vermek istiyorum: <b>Eskimi\u015f hurda olmu\u015f ta\u015f demir gibi cans\u0131z maddelerin hepsi y\u0131llar ge\u00e7tik\u00e7e toprak taraf\u0131ndan emilir, topra\u011f\u0131n i\u00e7inde erir, YE\u015e\u0130L YA\u015eAM \u0130SE TAM TERS\u0130NE TOPRAKTAN DI\u015eARI FI\u015eKIRIR.<\/b><\/div>\n<div>\u00a0Bu tablo asl\u0131nda, 20 y\u0131ldan beri, her se\u00e7imden sonra bir \u015fu ya da kar\u015f\u0131 duvara as\u0131lan ama hep ayn\u0131, Bulgaristan politik resmidir. Resimdeki \u00e7\u00fcr\u00fck hurda demirler par\u00e7alar\u0131, zaman\u0131n\u0131 ya\u015fam\u0131\u015f, sahneden d\u00fc\u015fm\u00fc\u015f, ama eriyip bitmeyen, demokratikle\u015fmeye \u00e7al\u0131\u015fan toplumumuzun kan damarlar\u0131n\u0131 t\u0131kayan T. Jivkov\u2019 un totaliter, bask\u0131c\u0131, zalim, z\u00fclmeden devleti, derin iktidar\u0131, gizli servisi, kopoylar\u0131, hafiyeleri, ajanlar\u0131 v.b.<\/div>\n<div>\u00a0G\u00f6r\u00fcld\u00fc\u011f\u00fc \u00fczere, A. Do\u011fan gibi m\u00fczevir hainlerin i\u015fg\u00fczarl\u0131\u011f\u0131yla, Bulgaristanl\u0131 T\u00fcrk, Pomak ve M\u00fcsl\u00fcmanlar\u0131n\u0131n, T\u00fcrkiye Cumhuriyetindeki soyda\u015flar\u0131m\u0131z\u0131n, hak ve \u00f6zg\u00fcrl\u00fck umuduyla aldat\u0131lan yoksul se\u00e7menlerin oylar\u0131 al\u0131narak H\u00d6H\/DPS eliyle oynanan a\u00e7\u0131k gizli oyunlar ve yap\u0131lan pazarl\u0131klarla tarihimizin \u00e7ark\u0131n\u0131 geri \u00e7evirmeye, yeni umutlar\u0131m\u0131z\u0131n, demokrasi simgesi olan, ye\u015fil ya\u015fam\u0131n hayatta f\u0131\u015fk\u0131rmas\u0131na ellerinden geldi\u011fince engel oluyorlar, bizi ve t\u00fcm az\u0131nl\u0131klar\u0131 da eziyorlar, hepimizi gece g\u00fcnd\u00fcz zehirleyip yok etmeye \u00e7al\u0131\u015f\u0131yorlar.<\/div>\n<div><b><span style=\"text-decoration: underline;\">Tarih ya\u015f\u0131yor:<\/span><\/b> Cumhurba\u015fkan\u0131 J.Jelev\u2019\u0131n Demokratik G\u00fc\u00e7ler Birli\u011fi (SDS) h\u00fck\u00fcmetinden deste\u011fini \u00e7ekmesiyle, Bulgar demokrasi filizinin daha 3. y\u0131l\u0131nda ezilip mezara g\u00f6m\u00fclmeye \u00e7al\u0131\u015f\u0131ld\u0131\u011f\u0131n\u0131 g\u00f6ren, b\u00fcy\u00fck demokrat E. Sugaren, 7 Haziran 1993 de, olup biteni protesto etmek anlam\u0131nda, a\u00e7l\u0131k grevine ba\u015flam\u0131\u015ft\u0131. \u015eimdi, Sugarev yaln\u0131z de\u011fil, Bulgar ayd\u0131n tabakas\u0131 ve toplumun orta kesimi E. Sugarev\u2019in isteklerini destekliyor, istifada direniyor.<\/div>\n<div><b><span style=\"text-decoration: underline;\">\u00c7\u00f6z\u00fcm yolu:<\/span><\/b> m\u00fczakere masas\u0131na oturmakt\u0131r. Demokratik ayd\u0131nlar, toplumun ezici \u00e7o\u011funlu\u011fu h\u00fck\u00fcmete ve ard\u0131ndaki senaryoculara inanm\u0131yor.<\/div>\n<div><b>M\u00fczakere masan\u0131n bir taraf\u0131nda h\u00fck\u00fcmet ve iktidar\u0131 temsil eden partiler, kar\u015f\u0131 taraf\u0131nda da sivil toplum \u00f6rg\u00fctleri oturmal\u0131d\u0131r. <\/b><\/div>\n<div>N\u00fcmayi\u015flere kat\u0131lan ve onlar\u0131 destekleyen sivil toplum \u00f6rg\u00fctlerinin say\u0131s\u0131 30\u2019dan fazlad\u0131r. Onlar kendi delegelerini, istek program\u0131n\u0131 belirlemi\u015ftir.<\/div>\n<div>Bulgaristan T\u00fcrklerini ise, Ba\u015f m\u00fcft\u00fcl\u00fck yan\u0131nda, Kuzey ve G\u00fcney Bulgaristan T\u00fcrk\u00e7e \u00d6\u011fretmenler Birlikleri; T\u00fct\u00fcn \u00fcretici Birli\u011fi, Kuzey Do\u011fu Hububat \u00dcreticileri Birli\u011fi, yerel derneklerle, T\u00fcrkiye Cumhuriyetindeki soyda\u015f k\u00fclt\u00fcr, yard\u0131mla\u015fma ve hizmet derneklerinin \u015ferefli temsilcileri temsil etmelidir. Hi\u00e7 kimsenin \u00f6zg\u00fcrl\u00fck hakk\u0131, \u00f6zg\u00fcrl\u00fck \u00f6zlemi k\u0131s\u0131tlanamaz. Demokratik haklar herkes i\u00e7indir.<\/div>\n<div>M\u00fczakere masas\u0131na, g\u00f6r\u00fc\u015fmelere kat\u0131lanlar \u015fu ana konular\u0131 ele almal\u0131d\u0131r: Anayasa ve se\u00e7im kanununda demokratik de\u011fi\u015fiklikler. \u00dclkenin demokratikle\u015fme yollar\u0131n\u0131n sonuna kadar a\u00e7\u0131lmas\u0131; Avrupa Birli\u011fi istemlerine uyularak sanayile\u015fme yoluna ge\u00e7ilmesi; az\u0131nl\u0131k haklar\u0131n\u0131n b\u00fct\u00fcnsel olarak yasalara girmesinin kesin sa\u011flanmas\u0131; bu konuda Bulgaristan\u2019\u0131n imzalad\u0131\u011f\u0131 uluslararas\u0131 s\u00f6zle\u015fmelerde yer alan insan haklar\u0131 h\u00fck\u00fcmlerine ko\u015fulsuz uyulmas\u0131n\u0131n sa\u011flanmas\u0131 v.b.<\/div>\n<div>\u00dclkemizde insan haklar\u0131na uygun ve insan \u015ferefini savunan, \u00f6zg\u00fcrl\u00fckleri garanti alt\u0131na alan ve demokratikle\u015fmeye g\u00fcvenceler sa\u011flayan, yasa d\u0131\u015f\u0131 zenginle\u015fenlerin, mafyan\u0131n mal\u0131na m\u00fclk\u00fcne el koyarak \u00fclkemizde adalet ve huzur sa\u011flama y\u00f6n\u00fcnde temaslar hemen ba\u015flamal\u0131d\u0131r.<\/div>\n<div>Sivil toplum \u00f6rg\u00fctlerinin m\u00fczakere masas\u0131nda yer almas\u0131 Bulgaristan\u2019da halk\u0131n sesine kulak verildi\u011fine ilk i\u015faret olacakt\u0131r.<\/div>\n<div><\/div>\n<div><b>Rafet ULUT\u00dcRK<\/b><\/div>\n<div id=\"bghab-848370626\" class=\"bghab-yazi-altinda bghab-entity-placement\"><script async src=\"https:\/\/pagead2.googlesyndication.com\/pagead\/js\/adsbygoogle.js\"><\/script>\r\n<!-- bghaber-yaz\u0131-sonu -->\r\n<ins class=\"adsbygoogle\"\r\n     style=\"display:block\"\r\n     data-ad-client=\"ca-pub-6203283170189293\"\r\n     data-ad-slot=\"4222328180\"\r\n     data-ad-format=\"auto\"\r\n     data-full-width-responsive=\"true\"><\/ins>\r\n<script>\r\n     (adsbygoogle = window.adsbygoogle || []).push({});\r\n<\/script><\/div><br style=\"clear: both; display: block; float: none;\"\/>","protected":false},"excerpt":{"rendered":"<p>Bulgaristan\u0131n her b\u00f6lgesi \u00e7alkalan\u0131yor. N\u00fcmayi\u015fler 13. g\u00fcn\u00fcnde her ge\u00e7en g\u00fcn daha da \u015fiddetlenerek devam ediyor. Yeni gelen Plamen Ore\u015farski h\u00fck\u00fcmetinin istifa etmesi isteniyor.<\/p>\n","protected":false},"author":2,"featured_media":3720,"comment_status":"closed","ping_status":"closed","sticky":false,"template":"","format":"standard","meta":{"advanced_seo_description":"","jetpack_seo_html_title":"","jetpack_seo_noindex":false,"jetpack_seo_schema_type":"","_jetpack_newsletter_access":"","_jetpack_dont_email_post_to_subs":false,"_jetpack_newsletter_tier_id":0,"_jetpack_memberships_contains_paywalled_content":false,"_jetpack_feature_clip_id":0,"_jetpack_memberships_contains_paid_content":false,"footnotes":"","jetpack_post_was_ever_published":false},"categories":[6],"tags":[],"class_list":["post-3331","post","type-post","status-publish","format-standard","has-post-thumbnail","hentry","category-yorum"],"jetpack_sharing_enabled":true,"jetpack_likes_enabled":true,"jetpack-related-posts":[],"jetpack_shortlink":"https:\/\/wp.me\/pc2PfJ-RJ","jetpack_featured_media_url":"https:\/\/i0.wp.com\/www.bghaber.org\/bghaber\/wp-content\/uploads\/2013\/07\/rafetuluturk.jpg?fit=235%2C299&ssl=1","_links":{"self":[{"href":"https:\/\/www.bghaber.org\/bghaber\/wp-json\/wp\/v2\/posts\/3331","targetHints":{"allow":["GET"]}}],"collection":[{"href":"https:\/\/www.bghaber.org\/bghaber\/wp-json\/wp\/v2\/posts"}],"about":[{"href":"https:\/\/www.bghaber.org\/bghaber\/wp-json\/wp\/v2\/types\/post"}],"author":[{"embeddable":true,"href":"https:\/\/www.bghaber.org\/bghaber\/wp-json\/wp\/v2\/users\/2"}],"replies":[{"embeddable":true,"href":"https:\/\/www.bghaber.org\/bghaber\/wp-json\/wp\/v2\/comments?post=3331"}],"version-history":[{"count":0,"href":"https:\/\/www.bghaber.org\/bghaber\/wp-json\/wp\/v2\/posts\/3331\/revisions"}],"wp:featuredmedia":[{"embeddable":true,"href":"https:\/\/www.bghaber.org\/bghaber\/wp-json\/wp\/v2\/media\/3720"}],"wp:attachment":[{"href":"https:\/\/www.bghaber.org\/bghaber\/wp-json\/wp\/v2\/media?parent=3331"}],"wp:term":[{"taxonomy":"category","embeddable":true,"href":"https:\/\/www.bghaber.org\/bghaber\/wp-json\/wp\/v2\/categories?post=3331"},{"taxonomy":"post_tag","embeddable":true,"href":"https:\/\/www.bghaber.org\/bghaber\/wp-json\/wp\/v2\/tags?post=3331"}],"curies":[{"name":"wp","href":"https:\/\/api.w.org\/{rel}","templated":true}]}}