{"id":3329,"date":"2013-07-05T18:15:46","date_gmt":"2013-07-05T15:15:46","guid":{"rendered":"http:\/\/bghaber.org\/bghaber\/?p=3329"},"modified":"2019-07-18T23:44:23","modified_gmt":"2019-07-18T21:44:23","slug":"demokrasiler-hesaplasma-zamanidir","status":"publish","type":"post","link":"https:\/\/www.bghaber.org\/bghaber\/demokrasiler-hesaplasma-zamanidir\/","title":{"rendered":"Demokrasiler Hesapla\u015fma Zaman\u0131d\u0131r"},"content":{"rendered":"<p>Ak\u0131ll\u0131 insanlar, bilginlerimiz s\u00fcrg\u00fcn edildi\u011finde; \u201cbu \u00fclkede insan kalmaz!\u201d diyenler olmu\u015ftu. Sonra \u201cbu \u00fclkeye demokrasi gelmez!\u201d dediler. Dedikleri hep do\u011fru \u00e7\u0131kmad\u0131 m\u0131?<br \/>\nT. Jivkov okuyup yazanlar\u0131, \u00f6\u011fretmeni, doktoru, m\u00fchendisi Tuna adas\u0131 \u201cBelene\u201dye s\u00fcrg\u00fcn etti. Sal\u0131verince k\u00f6yler kasabalar insans\u0131z kalmad\u0131 m\u0131?<!--more--><br \/>\n<a href=\"https:\/\/i0.wp.com\/bghaber.org\/bghaber\/wp-content\/uploads\/2013\/04\/bulturk-dernekk-logo.jpg\"><img data-recalc-dims=\"1\" loading=\"lazy\" decoding=\"async\" class=\"alignright size-full wp-image-756\" alt=\"bulturk dernekk logo\" src=\"https:\/\/i0.wp.com\/bghaber.org\/bghaber\/wp-content\/uploads\/2013\/04\/bulturk-dernekk-logo.jpg?resize=197%2C174\" width=\"197\" height=\"174\" \/><\/a>S\u00f6z\u00fcm\u00fcz, lider Ahmet Do\u011fan\u2019a.<br \/>\nSen de girdin \u00e7\u0131kt\u0131n ama To\u015fko y\u0131k\u0131l\u0131nca orada kald\u0131n, hatta lider yapt\u0131lar. \u00c7ekmi\u015f olsayd\u0131n, kalmazd\u0131n Bulgaristan\u2019da! T\u00fcrkleri insan haklar\u0131 ve demokrasi masallar\u0131yla avutmaya, aldatmaya kald\u0131n sen. G\u00f6r\u00fcnen k\u00f6y k\u0131lavuz istemez. Demokrasi k\u00fclt\u00fcr\u00fc, senin esass\u0131z masallar\u0131nla, propaganda ile ye\u015fermedi, her taraf art\u0131k an\u0131z, e\u015fek dikenli\u011fi olmu\u015f\u2026<br \/>\nBizler, T\u00fcrkiye Cumhuriyeti vatanda\u015f\u0131 olduk da; g\u00f6nl\u00fcm\u00fcz oralarda, akl\u0131m\u0131z dede, baba oca\u011f\u0131nda, buralarda yaln\u0131zl\u0131k \u00e7ekmemek i\u00e7in ise derneklerde \u00f6rg\u00fctlendik, birle\u015ftik, tek y\u00fcrek olduk, kuvvetlendik, g\u00f6z\u00fcm\u00fcz kula\u011f\u0131m\u0131z hep oralarda.<br \/>\nSiz dostlar\u0131m\u0131z\u0131, akrabalar\u0131m\u0131z\u0131 orada H\u00d6H masallar\u0131yla uyuttunuz. Politik oyun ard\u0131ndan politik oyun \u00e7evirdiniz. \u0130\u015flerin halka yararl\u0131 y\u00fcr\u00fct\u00fclmesini isteyenlere s\u0131k\u0131lmadan, utanmadan hep yol g\u00f6sterir gib yapt\u0131n\u0131z. \u201cHaydi!\u201d dediniz. Daha doksanlarda vizeleri ve T\u00fcrkiye\u2019ye gidenlerin topraklar\u0131n\u0131, parsellerini kendi adamlar\u0131n\u0131za verdiniz paralar\u0131 sizin cebinize girdi. Bu i\u015fleri hep sinsi, gizlice yapt\u0131\u011f\u0131n\u0131z i\u00e7in tenkitte bulunanlara her zaman ve her yerde tahamm\u00fcls\u00fcz kald\u0131n\u0131z, onlar\u0131 \u00e7i\u011fneyip, yok ettiniz, \u00fczerinden silindir gibi gelip ge\u00e7tiniz.<br \/>\nOysa \u015fu 23 y\u0131lda ele\u015ftirel ak\u0131l, demokrasiyi bir at sine\u011fi gibi uyan\u0131k tutsayd\u0131, H\u00d6H\u2019\u00fc y\u00fcreklendirseydi, do\u011fru yolu g\u00f6sterseydi\u2026<br \/>\nAma siz hi\u00e7bir kimseye yol vermediniz\u2026<br \/>\nSn. \u201clider,\u201d bug\u00fcn art\u0131k o DC ile birlikte kurdu\u011funuz H\u00d6H \u00e7\u00f6km\u00fc\u015ft\u00fcr. \u0130\u00e7ini doland\u0131r\u0131c\u0131l\u0131k kurdu ile doldurmu\u015fsunuz. Gizlenecek bir \u015fey kalmad\u0131, her \u015fey g\u00f6zler \u00f6n\u00fcndedir. Bu, sizin bireysel dar g\u00f6r\u00fc\u015fl\u00fc olup, SOYLU T\u00fcrkleri likide etme, gizli servislere hafiyelik etmeye dayanan y\u00f6netim metotlar\u0131n\u0131z y\u00fcz\u00fcnden m\u00fcmk\u00fcn oldu. Sizin sorgulanmam\u0131\u015f bir hayat\u0131n\u0131z var. Sorgulanmam\u0131\u015f bir hayat\u0131n b\u0131rak \u201clider\u201d falan olmaya, ya\u015famay\u0131 denemeye bile hakk\u0131 olmamal\u0131d\u0131r. Y\u00f6netim bi\u00e7imi olarak demokratik merkeziyet\u00e7ili\u011fi de\u011fil, boyun e\u011fdirmeyi, k\u00f6le muamelesi etmeyi se\u00e7meniz, partimizin fiilen yok olmas\u0131na, \u00e7\u00f6kmesine neden oldu.<br \/>\nAmma siz bu oyunu kaybettiniz!<br \/>\n12. 05. 2013 se\u00e7imlerinde soyda\u015flar\u0131m\u0131n %70\u2019i oy kullanmad\u0131. Soyda\u015f dernekleri, H\u00d6H\/DPS ihanet elitine itaatsizlik, pasif direni\u015f eyleminde yer ald\u0131. Bulgaristan\u2019da se\u00e7ime kat\u0131l\u0131m oran\u0131 % 85 olsayd\u0131, parlamento merdivenlerinde kal\u0131yordunuz. Ortak oldu\u011funuz ve d\u00fc\u015fme s\u0131n\u0131r\u0131nda sallad\u0131\u011f\u0131n\u0131z h\u00fck\u00fcmete halk\u0131n deste\u011fi % 19\u2026<br \/>\n\u201cMafya!\u201d, \u201c\u0130stifa!\u201d \u00e7\u0131\u011fl\u0131klar\u0131 ayyuka \u00e7\u0131kt\u0131\u2026 Vatan\u0131m\u0131z yalana dolana ba\u015f e\u011fmeme isyan\u0131 ya\u015f\u0131yor. Y\u00fcr\u00fcy\u00fc\u015flerde ba\u015f\u0131 \u00e7eken sivil toplum \u00f6rg\u00fctleri boyun e\u011fmiyor.<\/p>\n<p>BESLEMELER HAREKETE GE\u00c7T\u0130<br \/>\nSizin beslemeleriniz, ayn\u0131 siz gibi, ezip k\u0131r\u0131p d\u00f6kme heveslisi, art\u0131k o kadar ileri gittiler ki, T\u00fcrkiye Cumhuriyetindeki soyda\u015f dernekleri ba\u015fkanlar\u0131n\u0131 bile indirip bindiriyorlar. \u00c7amur atmaya, \u00e7izip silmeye, g\u00f6revden almaya, yalan yanl\u0131\u015f haberler monte edip yaymaya ba\u015flad\u0131lar\u2026<br \/>\n\u201cBenden ba\u015fka halk\u0131n sevdi\u011fi hi\u00e7 kimse olamaz!\u201d s\u00f6zleri sizindir.<br \/>\nNe yapal\u0131m, halk\u0131m\u0131z kendi Dernek Ba\u015fkanlar\u0131n\u0131 seviyor. S\u00fcr\u00fcnmeye mecbur b\u0131rakt\u0131klar\u0131n\u0131z bizimle. \u201cBenden ba\u015fka hepsi s\u00fcr\u00fcnecek!\u201d mant\u0131\u011f\u0131 sizi \u00e7\u0131ld\u0131rtm\u0131\u015f olmal\u0131\u2026<\/p>\n<p>HALKIMA \u0130HANET ETT\u0130N\u0130Z<br \/>\n1990\u2019larda yaratt\u0131\u011f\u0131n\u0131z sahte \u201cbenlik.\u201d \u201cHer \u015feyi ben bilirim! \u201cHer \u015fey benden sorulur!\u201d havas\u0131, 2013\u2019te bir balon gibi patlad\u0131, art\u0131k\u00a0 \u201cbensiz\u201d birisiniz.<br \/>\n\u015eapkas\u0131n\u0131 ta\u015f\u0131yan bir hamals\u0131n\u0131z. D\u00fcn\u00fcn\u00fcz\u00fc g\u00f6rd\u00fck; sahte \u00fcniversite tahsilinizi biliyoruz; asl\u0131 olmayan akademisyenli\u011finizi \u00f6\u011frendik; uydurma hapishane maceralar\u0131n\u0131z\u0131 okuduk; en \u00f6nemlisi g\u00fcnl\u00fck hayat\u0131n\u0131z\u0131, yatak odalar\u0131n\u0131za kadar kendiniz boy boy gazetelere anlat\u0131n\u0131z, gelece\u011finizi, stratejinizi belirleyen hain kimli\u011finizi g\u00f6rebildik ve halka da g\u00f6stermeye ba\u015flad\u0131k.<br \/>\nBulgar gazeteciler y\u0131llar y\u0131l\u0131 ikiy\u00fczl\u00fcl\u00fc\u011f\u00fcn\u00fcz\u00fc, ahlaks\u0131zl\u0131\u011f\u0131n\u0131z\u0131, d\u00f6nekli\u011finizi, s\u0131radan insanlar\u0131m\u0131z\u0131 aldatan bir ki\u015fi oldu\u011funuzu, d\u00fcr\u00fcst olmad\u0131\u011f\u0131n\u0131z\u0131, namussuzluklar\u0131n\u0131z\u0131, sorumsuzca ve ba\u015f\u0131bo\u015f, akl\u0131na esti\u011fi gibi gezip tozmaktan ba\u015fka hayat\u0131n\u0131z\u0131n bir anlam\u0131 bile olmad\u0131\u011f\u0131n\u0131, haz, \u00e7\u0131kar ve ki\u015fisel yarar pe\u015finde ko\u015ftu\u011funuzu, para i\u00e7in kendinizi oldu\u011fu gibi halk\u0131m\u0131z\u0131 da satan biri oldu\u011funuzu yazd\u0131lar, yazd\u0131lar da uzun zaman yay\u0131nlayamad\u0131lar. Kitaplar yeni yeni bas\u0131ld\u0131. Rus istihbarat hafiyenizi anlatamad\u0131lar\u2026<br \/>\nT\u00fcrkl\u00fc\u011fe ve \u0130slam\u2019a, M\u00fcsl\u00fcmanl\u0131\u011fa ihanetiniz 1993\u2019te ilk defa boynuz g\u00f6stermi\u015fti. \u201cDuma\u201d gazetesine verdi\u011finiz bir m\u00fclakatta, \u201c2 y\u0131l felsefe okumu\u015fsunuz en \u00e7ok hangi d\u00fc\u015f\u00fcn\u00fcr\u00fc seviyorsunuz?\u201d sorusuna \u201cVolter\u2019i!\u201d demi\u015ftiniz. 20 y\u0131l sonra d\u00fc\u015f\u00fcn\u00fcyorum da: Volter\u2019i seveceksin tabii. O, \u0130slam, Hz. Muhammed, Hz. Ali ve Hz. Ey\u00fcp aleyhinde piyesler yazand\u0131. Dinimizi elinden geldi\u011fince lanetleyendi. Davam\u0131za ihanet etmekle; sen de ayn\u0131 lanetliler s\u0131ras\u0131nda yer ald\u0131n.<br \/>\n\u015eimdi art\u0131k, sevgili Peygamberimizin Hz. Muhammet bir yana, zaten camiye gitti\u011fin yok, Sald\u0131r\u0131lar\u0131n\u0131n \u015fiddetlenmesi, halk\u0131m\u0131z\u0131n kendi i\u00e7inden \u00e7\u0131kan \u00f6nderleri kucaklad\u0131\u011f\u0131, i\u00e7in de\u011fil mi? Ger\u00e7ektir, etraf\u0131ndakilerin, hafiye tayfas\u0131n\u0131n, sana boyun e\u011fenlerin g\u00f6zlerinde nur yok, onlar\u0131 k\u00f6r etmi\u015fsin, istikballeri t\u0131kanm\u0131\u015f, sen onlar\u0131 canl\u0131 \u00f6l\u00fc haline getirmi\u015fsin.<br \/>\nB\u0131rak ta halk\u0131m istedi\u011fine g\u00f6n\u00fcl versin. Ama ba\u015far\u0131l\u0131 olamazs\u0131n.<br \/>\nHerkesin bir hesab\u0131 var Cenab-\u0131 Allah\u2019\u0131n da bir hesab\u0131 olacakt\u0131r elbet!<br \/>\n\u0130n\u015fallah!<br \/>\n\u0130nternet sayfalar\u0131na resimler takt\u0131rm\u0131\u015fs\u0131n. Altlar\u0131ndaki yorumlar yanl\u0131\u015f, as\u0131ls\u0131z ve k\u00f6t\u00fcleyici. Bizler, \u201coradakiler\u201d ve \u201cburadakiler\u201d b\u00fct\u00fcn T\u00fcrk ve M\u00fcsl\u00fcmanlar hepimiz biriz, bizi birbirimizden ay\u0131ramazs\u0131n buna g\u00fcc\u00fcn yetmez!<br \/>\nT\u00fcrkiye\u2019de oylar\u0131n % 80\u2019ni kaybederken seni k\u00fcplere bindiren, kudurtan kimdi?<br \/>\nBult\u00fcrk, Balg\u00f6\u00e7, Balt\u00fcrk ve di\u011fer g\u00f6\u00e7men dernekleri de\u011fil mi?<br \/>\n\u015eimdi onlar arkalar\u0131na y\u00fcz binleri, milyonlar\u0131 takm\u0131\u015f, dernekleriyle, federasyonlar\u0131yla geliyorlar.<br \/>\nDoksanlardaki \u015f\u00fck\u00fcr \u201cgidiyorlar\u201d zaman\u0131, eyvah \u201cgeliyorlar\u201d zaman\u0131na d\u00f6n\u00fc\u015ft\u00fc. Binlerce kitapla, radyo ve TV yay\u0131nlar\u0131yla, gazetelerle, bas\u0131m evleriyle, okuma yurtlar\u0131yla, \u00f6zel okullar\u0131yla, yeni \u00fcretim ve ya\u015fam ili\u015fkileriyle geliyorlar.<br \/>\nHer g\u00fcn kabaran hak arayanlar selini durdurabilecek kuvvet d\u00fcnyada bulamazs\u0131n, yok.<br \/>\nSivil toplum \u00f6rg\u00fctleri art\u0131k yollarda geliyorlar.<br \/>\nTorunlar\u0131n\u0131 ellerinden tutmu\u015flar dedelerinin kabirlerini ziyarete geliyorlar. M\u00fclk ve mezar devredilmez, ebedidir. Aray\u0131p bulmaya geliyorlar. Halk\u0131m\u0131z uyand\u0131!<br \/>\nDemokrasi ko\u015fullar\u0131nda hesapla\u015fmaya geliyor. Sizlerin eskiden kalma o pis ellerinizi halk hareketinden ve onun \u00f6nderlerinden \u00e7ek!<br \/>\nHalk\u0131z hakl\u0131y\u0131z!<br \/>\nG\u00fc\u00e7l\u00fcy\u00fcz asla yenilmeyece\u011fiz!<br \/>\n<b><\/b><\/p>\n<p><b>BULT\u00dcRK Y\u00d6NET\u0130M\u0130<\/b><\/p>\n<div id=\"bghab-3975518747\" class=\"bghab-yazi-altinda bghab-entity-placement\"><script async src=\"https:\/\/pagead2.googlesyndication.com\/pagead\/js\/adsbygoogle.js\"><\/script>\r\n<!-- bghaber-yaz\u0131-sonu -->\r\n<ins class=\"adsbygoogle\"\r\n     style=\"display:block\"\r\n     data-ad-client=\"ca-pub-6203283170189293\"\r\n     data-ad-slot=\"4222328180\"\r\n     data-ad-format=\"auto\"\r\n     data-full-width-responsive=\"true\"><\/ins>\r\n<script>\r\n     (adsbygoogle = window.adsbygoogle || []).push({});\r\n<\/script><\/div><br style=\"clear: both; display: block; float: none;\"\/>","protected":false},"excerpt":{"rendered":"<p>Ak\u0131ll\u0131 insanlar, bilginlerimiz s\u00fcrg\u00fcn edildi\u011finde; \u201cbu \u00fclkede insan kalmaz!\u201d diyenler olmu\u015ftu. Sonra \u201cbu \u00fclkeye demokrasi gelmez!\u201d dediler. Dedikleri hep do\u011fru \u00e7\u0131kmad\u0131 m\u0131? T. Jivkov okuyup<\/p>\n","protected":false},"author":29,"featured_media":756,"comment_status":"closed","ping_status":"closed","sticky":false,"template":"","format":"standard","meta":{"advanced_seo_description":"","jetpack_seo_html_title":"","jetpack_seo_noindex":false,"jetpack_seo_schema_type":"","_jetpack_newsletter_access":"","_jetpack_dont_email_post_to_subs":false,"_jetpack_newsletter_tier_id":0,"_jetpack_memberships_contains_paywalled_content":false,"_jetpack_feature_clip_id":0,"_jetpack_memberships_contains_paid_content":false,"footnotes":"","jetpack_post_was_ever_published":false},"categories":[4],"tags":[30,37],"class_list":["post-3329","post","type-post","status-publish","format-standard","has-post-thumbnail","hentry","category-siyaset","tag-bulgaristan","tag-bulturk"],"jetpack_sharing_enabled":true,"jetpack_likes_enabled":true,"jetpack-related-posts":[],"jetpack_shortlink":"https:\/\/wp.me\/pc2PfJ-RH","jetpack_featured_media_url":"https:\/\/i0.wp.com\/www.bghaber.org\/bghaber\/wp-content\/uploads\/2013\/04\/bulturk-dernekk-logo.jpg?fit=276%2C245&ssl=1","_links":{"self":[{"href":"https:\/\/www.bghaber.org\/bghaber\/wp-json\/wp\/v2\/posts\/3329","targetHints":{"allow":["GET"]}}],"collection":[{"href":"https:\/\/www.bghaber.org\/bghaber\/wp-json\/wp\/v2\/posts"}],"about":[{"href":"https:\/\/www.bghaber.org\/bghaber\/wp-json\/wp\/v2\/types\/post"}],"author":[{"embeddable":true,"href":"https:\/\/www.bghaber.org\/bghaber\/wp-json\/wp\/v2\/users\/29"}],"replies":[{"embeddable":true,"href":"https:\/\/www.bghaber.org\/bghaber\/wp-json\/wp\/v2\/comments?post=3329"}],"version-history":[{"count":0,"href":"https:\/\/www.bghaber.org\/bghaber\/wp-json\/wp\/v2\/posts\/3329\/revisions"}],"wp:featuredmedia":[{"embeddable":true,"href":"https:\/\/www.bghaber.org\/bghaber\/wp-json\/wp\/v2\/media\/756"}],"wp:attachment":[{"href":"https:\/\/www.bghaber.org\/bghaber\/wp-json\/wp\/v2\/media?parent=3329"}],"wp:term":[{"taxonomy":"category","embeddable":true,"href":"https:\/\/www.bghaber.org\/bghaber\/wp-json\/wp\/v2\/categories?post=3329"},{"taxonomy":"post_tag","embeddable":true,"href":"https:\/\/www.bghaber.org\/bghaber\/wp-json\/wp\/v2\/tags?post=3329"}],"curies":[{"name":"wp","href":"https:\/\/api.w.org\/{rel}","templated":true}]}}