{"id":3314,"date":"2013-07-05T18:04:35","date_gmt":"2013-07-05T15:04:35","guid":{"rendered":"http:\/\/bghaber.org\/bghaber\/?p=3314"},"modified":"2022-08-19T14:34:37","modified_gmt":"2022-08-19T11:34:37","slug":"ahmet-dogan-mafya-cigliklari-beni-urkutuyor","status":"publish","type":"post","link":"https:\/\/www.bghaber.org\/bghaber\/ahmet-dogan-mafya-cigliklari-beni-urkutuyor\/","title":{"rendered":"\u201cAhmet Do\u011fan Mafya!\u201d \u00e7\u0131\u011fl\u0131klar\u0131 Beni \u00fcrk\u00fct\u00fcyor"},"content":{"rendered":"<div>Say\u0131n Ahmet Do\u011fan,<\/div>\n<div>\n<p>Gece mitingleriyle Bulgaristan\u2019da ba\u015flayan yeni s\u00fcre\u00e7 dip dalgas\u0131n\u0131 yerinden bo\u015fand\u0131rd\u0131. Vatan\u0131m\u0131zda var olmam\u0131z, politik \u00f6rg\u00fct\u00fcm\u00fcz, \u00e7ocuklar\u0131m\u0131z, mal-can g\u00fcvenli\u011fimiz ve gelece\u011fimiz hedef al\u0131n\u0131yor.<\/p>\n<p>Bu derin dalgay\u0131 yerinden bo\u015fand\u0131ran bu kez sen oldun Ahmet Bey. B\u00fct\u00fcn \u00fclkede meydanlar\u0131n dolup ta\u015fmas\u0131 bir birikimin patlamas\u0131 sonucudur. Bu birikimin \u00f6z\u00fcnde nefret ve h\u0131n\u00e7 var. Y\u00fckselen kin ve \u00f6fke duygular\u0131 bizim gece g\u00fcnd\u00fcz \u00f6zverili ve ho\u015fg\u00f6r\u00fcl\u00fc \u00e7al\u0131\u015fmalar\u0131m\u0131zdan kaynaklanm\u0131yor. Kulaklar\u0131m\u0131z\u0131 sa\u011f\u0131r eden hayk\u0131r\u0131\u015flar\u0131n k\u00f6k\u00fcnde sizin sinsi planlar\u0131n\u0131z, politikac\u0131lar\u0131 kenara k\u0131st\u0131r\u0131p onlar\u0131 istedi\u011finizi yapt\u0131rmaya zorlaman\u0131z ve hatta karanl\u0131k hedeflerinize ula\u015fabilmeniz u\u011fruna \u00fclkemizde etnik az\u0131nl\u0131klarla yani bizlerle Bulgar \u00e7o\u011funlu\u011fu ve aralar\u0131ndaki \u0131rk\u00e7\u0131l\u0131k salg\u0131n\u0131na yakalanm\u0131\u015f olanlar\u0131 birbirimize d\u00fc\u015f\u00fcr\u00fcp, kan d\u00f6k\u00fcl\u00fcrken yine bize Br\u00fcksel\u2019de ya da Kuveyt\u2019te arabulucu olma niyetleriniz okunuyor. Ben bunlar\u0131 g\u00f6rd\u00fc\u011f\u00fcm i\u00e7in \u00fczg\u00fcn\u00fcm ve olaylar\u0131n bu y\u00f6nde geli\u015fmesine kesinlikle kar\u015f\u0131y\u0131z. \u00a0Biz bu oyunda yokuz ve olmak istemiyoruz Sn. Do\u011fan. Fakat \u201cDPS Mafya!\u201d \u201cAhmet Do\u011fan Mafya!\u201d \u00e7\u0131\u011fl\u0131klar\u0131 Beni \u00fcrk\u00fct\u00fcyor.<\/p>\n<\/div>\n<div>Gece mitinglerine bak\u0131yorum, kendi aralar\u0131nda susarak kenetlenmi\u015fler. Etrafta polis yok. Davullar, gaydalar \u00e7al\u0131yor. Sanki \u00dc\u00e7\u00fcnc\u00fc D\u00fcnya Sava\u015f\u0131 olmu\u015f da Bulgarlar zafer kazanm\u0131\u015f gibi bir hal var. Oysa Hak ve \u00d6zg\u00fcrl\u00fck Partisi\u2019nin mezar\u0131n\u0131 kazm\u0131\u015flar. Bunu yapabilmelerinin sebebi ise (seni y\u00f6netenler) senin \u00e7evirdi\u011fin sinsi ve kirli oyunlar Sn. Ahmet bey.<\/div>\n<div>Bu defa alaylar\u0131nda politik partilerin bayraklar\u0131 dalgalanm\u0131yor. Polis yok, asker yok, jandarma yok! Son derece b\u00fcy\u00fck bir kararl\u0131l\u0131k var. H\u00d6H partisini iktidardan indirmek ve yok etmek. Neden mi?<\/div>\n<div>Sizin bu g\u00fcne kadar yapt\u0131\u011f\u0131n yanl\u0131\u015flardan, halk\u0131m\u0131z\u0131 umursamaman\u0131zdan, her \u015feye egemen olma h\u0131rs\u0131n\u0131z y\u00fcz\u00fcnden. Bizde ezilip yok olma korkusu beliriyor. Sizin elleri temiz olmayan \u00e7evrelerle i\u00e7 i\u00e7e oldu\u011funuzdan, bizim tan\u0131mad\u0131\u011f\u0131m\u0131z \u00e7evrelerin \u00e7\u0131karlar\u0131 i\u00e7in tuzaklar kurdu\u011funuzdan dolay\u0131. Biz bu kalabal\u0131\u011fa g\u00f6\u011f\u00fcs geremeyiz. Biz Osmanl\u0131dan sonra bu topraklarda 100 sene a\u00e7\u0131k al\u0131nla ya\u015fad\u0131k, vicdan\u0131m\u0131z temizdir ama \u015fimdi sizden \u00f6t\u00fcr\u00fc T\u00fcrk olarak utan\u0131yoruz. Siz Bulgaristan T\u00fcrklerini utand\u0131rd\u0131n\u0131z. \u00c7ekin gidin art\u0131k aram\u0131zdan.<\/div>\n<div>\u00a0\u015eimdi ba\u015fta y\u00fcr\u00fcyenler sivil toplum \u00f6rg\u00fctlerin liderleri. Siz, orada, Vito\u015fa Da\u011f\u0131\u2019n\u0131n yamac\u0131ndaki Saray\u2019da olaylar\u0131n kokusundan, g\u00fcr\u00fclt\u00fcs\u00fcnden, kulaklar\u0131m\u0131z\u0131 delen \u00e7\u0131\u011fl\u0131klardan uzaks\u0131n\u0131z ama bir duysan\u0131z bir duysan\u0131z, hayk\u0131r\u0131\u015flar tamamen politik. Bakanlar Kurulu kap\u0131s\u0131na dayanm\u0131\u015flar. A\u011f\u0131zlardan \u00e7\u0131kanla \u00f6ncelikle siz hedefsiniz. Bulgar kamuoyu, ayaklanm\u0131\u015f olanlar art\u0131k sizin onurlu bir Bulgaristan Cumhuriyeti vatanda\u015f\u0131 oldu\u011funuza ve bu Vatana yararl\u0131 herhangi bir i\u015f yapabilece\u011finize art\u0131k ne T\u00fcrkler need Bulgarlar inanm\u0131yorlar. Zaten \u00e7al\u0131p kapmaktan, kad\u0131n k\u0131z oynatmaktan, rak\u0131 votka i\u00e7mekten ve kaba zurna dinlemekten ba\u015fka da bir \u015fey yapmad\u0131n\u0131z, yapamad\u0131n\u0131z veya yapt\u0131rmad\u0131lar. Oysa y\u0131llar geldi ge\u00e7ti. Y\u00fcr\u00fcy\u00fc\u015flerdeki bebekler bile 23 ya\u015f\u0131nda. A\u011fac\u0131n yapraklar\u0131 d\u00f6k\u00fcl\u00fcyor Ahmet Bey. Zaman\u0131n\u0131z doldu. \u00c7ekip Gidin art\u0131k aram\u0131zdan.<\/div>\n<div>\u00a0Kitleler bir a\u011f\u0131zdan hep bir a\u011f\u0131zdan sizin Ba\u015fbakan Ore\u015farski\u2019yi, Sosyalist lider Stani\u015fev\u2019i ve \u201cbizim\u201d L\u00fctf\u00fc\u2019y\u00fc aldatt\u0131\u011f\u0131n\u0131z\u0131, dar ortamda s\u0131k\u0131\u015ft\u0131ran bir doland\u0131r\u0131c\u0131 oldu\u011fu bilinen Delyan Peevski\u2019yi gizli servis ba\u015f\u0131na \u00e7ok \u00f6zel hesaplarla getirtti\u011finizi konu\u015fuyorlar. Ne i\u015fi var Peevski\u2019nin gizli serviste? T\u00fcrk halk\u0131na Milletvekili se\u00e7tirdin yetmedi mi? diyorlar. Onu DANS Ba\u015fkan\u0131 yap\u0131p Bulgar devleti i\u00e7in \u00e7al\u0131\u015fan T\u00fcrk ve Pomak vatanda\u015flar\u0131m\u0131z\u0131n isimlerini \u00e7\u0131kartarak T\u00fcrk gizli servisine mi satacakm\u0131\u015f? diye soruyorlar. Sen art\u0131k bu kelpazeli\u011fi 1990\u2019da bir defa Rusyan\u0131n yard\u0131m\u0131 ile yapt\u0131n. 19 \u00e7uval DS s\u0131r bilgisini \u0130stanbul Emniyeti\u2019ne g\u00f6nderdin, orada okuyan bile olmam\u0131\u015f. Bunlar\u0131 yazar Soner \u201cBay Pipo\u201d kitab\u0131nda uzun uzun anlatm\u0131\u015f. Ka\u011f\u0131t dolu \u00e7uvallara 200.000$ para istemi\u015fsin, bunlar da yaz\u0131ld\u0131. \u0130nsanlar\u0131n kaderleriyle oynamay\u0131n Ahmet Bey. T\u00fcrkiye Cumhuriyeti makamlar\u0131 Bulgaristan T\u00fcrklerinden kimin kim oldu\u011funu, ne i\u015fle u\u011fra\u015ft\u0131\u011f\u0131n\u0131 \u00e7ok iyi bilirler.<\/div>\n<div>T\u00fcrk T\u00fcrk\u00fc kokusundan sezer. T\u00fcrk T\u00fcrk\u2019e k\u00f6t\u00fcl\u00fck etmez, edemez. Orada kalanlar biz Vatan\u0131m\u0131z\u0131 sevmesek burada kalmazd\u0131k ve nafakam\u0131z\u0131 dede topra\u011f\u0131nda aramazd\u0131k diyorlar. Sen bunun g\u00fczeli\u011fin\u015fi anlayamad\u0131n, anlayam\u0131yacaks\u0131n. Katranl\u0131 t\u00fct\u00fcn i\u015flemek bile mutluluktu bizim i\u00e7in, sen bunu anlayamazs\u0131n. \u00c7ek git aram\u0131zdan git, kovmadan git.<\/div>\n<div>Sen bizi hala anlayam\u0131yor musun ne! Biz \u00f6zden T\u00fcrk\u2019\u00fcz Ahmet bey. Senin dedelerin de Milletimize ihanat etmi\u015f. \u015eimdi de sen (\u00f6ncesini saym\u0131yorum) bize 23 y\u0131ld\u0131r ihanet etmedin mi?<\/div>\n<div>Biz sana inanm\u0131\u015ft\u0131k. Fakat sen i\u015fleri neredeyse bizi Bulgar\u2019a bir daha k\u0131rd\u0131rma derecesine itiyorsun. \u00c7ek git de kurtulal\u0131m sizing gibilerinden.<\/div>\n<div>Senin baba soyuna ise hi\u00e7 inanc\u0131m\u0131z yok. Baba taraf\u0131ndan atalar\u0131n Y\u00fcce Tanr\u0131\u2019dan \u201cVatan ve toprak yerine, dilenme hakk\u0131\u201d istemi\u015fler. Sen \u015fu g\u00fczelim topraklar\u0131 Vatan olarak o y\u00fczden sev(e)medin. Kan su olmaz, olamaz. \u00c7ek git, deniz k\u0131y\u0131s\u0131na git, \u00e7\u00fcnk\u00fc deniz suyundan Vatan olmaz\u2026<\/div>\n<div>Etme bizlere art\u0131k \u00e7ok oldu. Huzur i\u00e7inde, Bulgarlarla iyi kom\u015fular olarak, dost\u00e7a, yard\u0131mla\u015farak ya\u015famak istiyoruz. Allah\u2019\u0131n bize verdikleri onlara da yeter bize de. Sen aram\u0131zdan \u00e7ekip gitmeden bize rahat yok. Biz her g\u00fcn yeni bir bela yapaca\u011f\u0131n\u0131 d\u00fc\u015f\u00fcn\u00fcr ve bekler olduk. \u00c7ok endi\u015feliyiz. Bizim ad\u0131m\u0131za kimseye bir \u015feyler s\u00f6yleme. Sen bizden de\u011filsin. Biz seni bu toplumdan sildik. Yaramaz bir \u00e7ocuk gibisin. \u201c\u00c7\u0131ld\u0131rm\u0131\u015f\u201d oldu\u011funu s\u00f6yleyenler var. Daha k\u00f6t\u00fcs\u00fc olmadan sen usulca aram\u0131zdan \u00e7ek git!<\/div>\n<div>Nereye mi gideceksin? Anac\u0131\u011f\u0131n\u0131n ya\u015fad\u0131\u011f\u0131 yere d\u00f6n. O k\u00f6yde bir de cami in\u015fa ettirdi\u011fini i\u015fittim. Senin camiye girmedi\u011fini bildi\u011fimden diyorum ki, abdes al\u0131n\u0131r ve camiye ayakkab\u0131yla girilmez. Buna dikkat et, \u015fimdi bizde yeni M\u00fcsl\u00fcmanlar cami odalar\u0131na ayakkab\u0131yla dolmaya ba\u015flam\u0131\u015flar. Kan \u00e7eker onlara kar\u0131\u015f\u0131rs\u0131n, hay\u0131rdan ge\u00e7er, camii i\u015flerinde \u00f6rnek ol\u2026 \u00c7ek git ve giriver aralar\u0131na\u2026<\/div>\n<div>Sebep sonu\u00e7 meselesine gelince. Biz Bulgaristan T\u00fcrkleri olarak sana borcumuzu fazlas\u0131yla\u00f6dedik ve art\u0131k size borcumuz yoktur. Yedi\u011fin yedik ald\u0131\u011f\u0131n ald\u0131kt\u0131r. Helal olsun ama bu i\u015fi burada bitir. Seni adam saymakla yanl\u0131\u015f etmi\u015fiz, bu da, bize ak\u0131l paras\u0131 olsun. Sen Sofya\u2019dan uzakla\u015fmadan Bulgar\u2019\u0131n kan\u0131 kaynar. K\u00f6t\u00fcl\u00fck olur. Sen bu i\u015fi burada bitir. \u00c7ek git.<\/div>\n<div><\/div>\n<div id=\"bghab-1129941960\" class=\"bghab-yazi-altinda bghab-entity-placement\"><script async src=\"https:\/\/pagead2.googlesyndication.com\/pagead\/js\/adsbygoogle.js\"><\/script>\r\n<!-- bghaber-yaz\u0131-sonu -->\r\n<ins class=\"adsbygoogle\"\r\n     style=\"display:block\"\r\n     data-ad-client=\"ca-pub-6203283170189293\"\r\n     data-ad-slot=\"4222328180\"\r\n     data-ad-format=\"auto\"\r\n     data-full-width-responsive=\"true\"><\/ins>\r\n<script>\r\n     (adsbygoogle = window.adsbygoogle || []).push({});\r\n<\/script><\/div><br style=\"clear: both; display: block; float: none;\"\/>","protected":false},"excerpt":{"rendered":"<p>Say\u0131n Ahmet Do\u011fan, Gece mitingleriyle Bulgaristan\u2019da ba\u015flayan yeni s\u00fcre\u00e7 dip dalgas\u0131n\u0131 yerinden bo\u015fand\u0131rd\u0131. Vatan\u0131m\u0131zda var olmam\u0131z, politik \u00f6rg\u00fct\u00fcm\u00fcz, \u00e7ocuklar\u0131m\u0131z, mal-can g\u00fcvenli\u011fimiz ve gelece\u011fimiz hedef al\u0131n\u0131yor.<\/p>\n","protected":false},"author":3,"featured_media":0,"comment_status":"closed","ping_status":"closed","sticky":false,"template":"","format":"standard","meta":{"advanced_seo_description":"","jetpack_seo_html_title":"","jetpack_seo_noindex":false,"jetpack_seo_schema_type":"","_jetpack_newsletter_access":"","_jetpack_dont_email_post_to_subs":false,"_jetpack_newsletter_tier_id":0,"_jetpack_memberships_contains_paywalled_content":false,"_jetpack_feature_clip_id":0,"_jetpack_memberships_contains_paid_content":false,"footnotes":"","jetpack_post_was_ever_published":false},"categories":[6],"tags":[30],"class_list":["post-3314","post","type-post","status-publish","format-standard","hentry","category-yorum","tag-bulgaristan"],"jetpack_sharing_enabled":true,"jetpack_likes_enabled":true,"jetpack-related-posts":[],"jetpack_shortlink":"https:\/\/wp.me\/pc2PfJ-Rs","jetpack_featured_media_url":"","_links":{"self":[{"href":"https:\/\/www.bghaber.org\/bghaber\/wp-json\/wp\/v2\/posts\/3314","targetHints":{"allow":["GET"]}}],"collection":[{"href":"https:\/\/www.bghaber.org\/bghaber\/wp-json\/wp\/v2\/posts"}],"about":[{"href":"https:\/\/www.bghaber.org\/bghaber\/wp-json\/wp\/v2\/types\/post"}],"author":[{"embeddable":true,"href":"https:\/\/www.bghaber.org\/bghaber\/wp-json\/wp\/v2\/users\/3"}],"replies":[{"embeddable":true,"href":"https:\/\/www.bghaber.org\/bghaber\/wp-json\/wp\/v2\/comments?post=3314"}],"version-history":[{"count":0,"href":"https:\/\/www.bghaber.org\/bghaber\/wp-json\/wp\/v2\/posts\/3314\/revisions"}],"wp:attachment":[{"href":"https:\/\/www.bghaber.org\/bghaber\/wp-json\/wp\/v2\/media?parent=3314"}],"wp:term":[{"taxonomy":"category","embeddable":true,"href":"https:\/\/www.bghaber.org\/bghaber\/wp-json\/wp\/v2\/categories?post=3314"},{"taxonomy":"post_tag","embeddable":true,"href":"https:\/\/www.bghaber.org\/bghaber\/wp-json\/wp\/v2\/tags?post=3314"}],"curies":[{"name":"wp","href":"https:\/\/api.w.org\/{rel}","templated":true}]}}