{"id":3299,"date":"2013-07-03T17:52:01","date_gmt":"2013-07-03T14:52:01","guid":{"rendered":"http:\/\/bghaber.org\/bghaber\/?p=3299"},"modified":"2019-07-18T23:44:25","modified_gmt":"2019-07-18T21:44:25","slug":"kircaali-milletvekilleri-her-hafta-vatandaslarla-gorusecek","status":"publish","type":"post","link":"https:\/\/www.bghaber.org\/bghaber\/kircaali-milletvekilleri-her-hafta-vatandaslarla-gorusecek\/","title":{"rendered":"K\u0131rcaali Milletvekilleri her hafta vatanda\u015flarla g\u00f6r\u00fc\u015fecek"},"content":{"rendered":"<p>H\u00d6H ve BSP K\u0131rcaali milletvekilleri her hafta vatanda\u015flar ile g\u00f6r\u00fc\u015fecek&#8230;<!--more--><\/p>\n<p><b><a href=\"https:\/\/i0.wp.com\/bghaber.org\/bghaber\/wp-content\/uploads\/2013\/07\/kircaali.jpg\"><img data-recalc-dims=\"1\" loading=\"lazy\" decoding=\"async\" class=\"alignright size-medium wp-image-3300\" alt=\"OLYMPUS DIGITAL CAMERA\" src=\"https:\/\/i0.wp.com\/bghaber.org\/bghaber\/wp-content\/uploads\/2013\/07\/kircaali-300x225.jpg?resize=300%2C225\" width=\"300\" height=\"225\" srcset=\"https:\/\/i0.wp.com\/www.bghaber.org\/bghaber\/wp-content\/uploads\/2013\/07\/kircaali.jpg?resize=300%2C225&amp;ssl=1 300w, https:\/\/i0.wp.com\/www.bghaber.org\/bghaber\/wp-content\/uploads\/2013\/07\/kircaali.jpg?resize=320%2C240&amp;ssl=1 320w, https:\/\/i0.wp.com\/www.bghaber.org\/bghaber\/wp-content\/uploads\/2013\/07\/kircaali.jpg?w=400&amp;ssl=1 400w\" sizes=\"auto, (max-width: 300px) 100vw, 300px\" \/><\/a>H\u00d6H K\u0131rcaali milletvekilleri, her hafta vatanda\u015flarla g\u00f6r\u00fc\u015fecek<\/b><\/p>\n<p>Hak ve \u00d6zg\u00fcrl\u00fckler Hareketi\u2019nden (H\u00d6H) se\u00e7ilen K\u0131rcaali milletvekilleri Mustafa Ahmet ile Erdin\u00e7 Hayrulla\u2019n\u0131n her pazartesi g\u00fcn\u00fc vatanda\u015flarla g\u00f6r\u00fc\u015fecekleri bildirildi. H\u00d6H milletvekilleri saat 10.00\u2019dan itibaren H\u00d6H partisinin K\u0131rcaali Emniyet M\u00fcd\u00fcrl\u00fc\u011f\u00fc binas\u0131 yan\u0131nda bulunan ofisinde b\u00f6lgeden vatanda\u015flar\u0131 kabul edecekler. Vatanda\u015flar\u0131n her t\u00fcrl\u00fc sorunlar\u0131n\u0131 dinlemeye ve \u00e7\u00f6z\u00fcm yollar\u0131 aramaya haz\u0131r olacaklar.<\/p>\n<p><strong> BSP K\u0131rcaali<\/strong> <b>Milletvekili Milko Bagdasarov, her hafta vatanda\u015flarla g\u00f6r\u00fc\u015fecek<\/b><\/p>\n<p>Bulgaristan \u0130\u00e7in Koalisyon\u2019dan se\u00e7ilen K\u0131rcaali Milletvekili Milko Bagdasarov, her cumartesi g\u00fcn\u00fc b\u00f6lgeden vatanda\u015flarla g\u00f6r\u00fc\u015fmeler ger\u00e7ekle\u015ftirecek. Sorunlar\u0131n\u0131, g\u00f6r\u00fc\u015f ve bak\u0131\u015f a\u00e7\u0131s\u0131n\u0131 dile getirmek isteyen herkes saat 9.30-11.00 aras\u0131nda Bulgar Sosyalist Partisi \u0130l\u00e7e Te\u015fkilat\u0131\u2019n\u0131n ofisinde milletvekiliyle g\u00f6r\u00fc\u015febilir. \u00c7ervenoto ad\u0131yla bilinen ofis, K\u0131rcaali\u2019de Ekzarh Yosif soka\u011f\u0131ndaki Momina S\u0131lza apartman\u0131n\u0131n zemin kat\u0131nda bulunuyor.<\/p><div id=\"bghab-3404548713\" class=\"bghab-icerik-icine bghab-entity-placement\"><script async src=\"\/\/pagead2.googlesyndication.com\/pagead\/js\/adsbygoogle.js?client=ca-pub-6203283170189293\" crossorigin=\"anonymous\"><\/script><ins class=\"adsbygoogle\" style=\"display:block; text-align:center;\" data-ad-client=\"ca-pub-6203283170189293\" \ndata-ad-slot=\"7303146466\" \ndata-ad-layout=\"in-article\"\ndata-ad-format=\"fluid\" data-full-width-responsive=\"true\"><\/ins>\n<script> \n(adsbygoogle = window.adsbygoogle || []).push({}); \n<\/script>\n<\/div>\n<div id=\"bghab-3750651262\" class=\"bghab-yazi-altinda bghab-entity-placement\"><script async src=\"https:\/\/pagead2.googlesyndication.com\/pagead\/js\/adsbygoogle.js\"><\/script>\r\n<!-- bghaber-yaz\u0131-sonu -->\r\n<ins class=\"adsbygoogle\"\r\n     style=\"display:block\"\r\n     data-ad-client=\"ca-pub-6203283170189293\"\r\n     data-ad-slot=\"4222328180\"\r\n     data-ad-format=\"auto\"\r\n     data-full-width-responsive=\"true\"><\/ins>\r\n<script>\r\n     (adsbygoogle = window.adsbygoogle || []).push({});\r\n<\/script><\/div><br style=\"clear: both; display: block; float: none;\"\/>","protected":false},"excerpt":{"rendered":"<p>H\u00d6H ve BSP K\u0131rcaali milletvekilleri her hafta vatanda\u015flar ile g\u00f6r\u00fc\u015fecek&#8230;<\/p>\n","protected":false},"author":29,"featured_media":3300,"comment_status":"closed","ping_status":"closed","sticky":false,"template":"","format":"standard","meta":{"advanced_seo_description":"","jetpack_seo_html_title":"","jetpack_seo_noindex":false,"jetpack_seo_schema_type":"","_jetpack_newsletter_access":"","_jetpack_dont_email_post_to_subs":false,"_jetpack_newsletter_tier_id":0,"_jetpack_memberships_contains_paywalled_content":false,"_jetpack_feature_clip_id":0,"_jetpack_memberships_contains_paid_content":false,"footnotes":"","jetpack_post_was_ever_published":false},"categories":[4],"tags":[129,30,94,93,32],"class_list":["post-3299","post","type-post","status-publish","format-standard","has-post-thumbnail","hentry","category-siyaset","tag-bsp","tag-bulgaristan","tag-dps","tag-hoh","tag-kircaali"],"jetpack_sharing_enabled":true,"jetpack_likes_enabled":true,"jetpack-related-posts":[],"jetpack_shortlink":"https:\/\/wp.me\/pc2PfJ-Rd","jetpack_featured_media_url":"https:\/\/i0.wp.com\/www.bghaber.org\/bghaber\/wp-content\/uploads\/2013\/07\/kircaali.jpg?fit=400%2C300&ssl=1","_links":{"self":[{"href":"https:\/\/www.bghaber.org\/bghaber\/wp-json\/wp\/v2\/posts\/3299","targetHints":{"allow":["GET"]}}],"collection":[{"href":"https:\/\/www.bghaber.org\/bghaber\/wp-json\/wp\/v2\/posts"}],"about":[{"href":"https:\/\/www.bghaber.org\/bghaber\/wp-json\/wp\/v2\/types\/post"}],"author":[{"embeddable":true,"href":"https:\/\/www.bghaber.org\/bghaber\/wp-json\/wp\/v2\/users\/29"}],"replies":[{"embeddable":true,"href":"https:\/\/www.bghaber.org\/bghaber\/wp-json\/wp\/v2\/comments?post=3299"}],"version-history":[{"count":0,"href":"https:\/\/www.bghaber.org\/bghaber\/wp-json\/wp\/v2\/posts\/3299\/revisions"}],"wp:featuredmedia":[{"embeddable":true,"href":"https:\/\/www.bghaber.org\/bghaber\/wp-json\/wp\/v2\/media\/3300"}],"wp:attachment":[{"href":"https:\/\/www.bghaber.org\/bghaber\/wp-json\/wp\/v2\/media?parent=3299"}],"wp:term":[{"taxonomy":"category","embeddable":true,"href":"https:\/\/www.bghaber.org\/bghaber\/wp-json\/wp\/v2\/categories?post=3299"},{"taxonomy":"post_tag","embeddable":true,"href":"https:\/\/www.bghaber.org\/bghaber\/wp-json\/wp\/v2\/tags?post=3299"}],"curies":[{"name":"wp","href":"https:\/\/api.w.org\/{rel}","templated":true}]}}