{"id":32957,"date":"2018-11-22T20:57:03","date_gmt":"2018-11-22T17:57:03","guid":{"rendered":"http:\/\/www.bghaber.org\/bghaber\/?p=32957"},"modified":"2018-11-22T20:57:03","modified_gmt":"2018-11-22T17:57:03","slug":"kemik-kavgasi","status":"publish","type":"post","link":"https:\/\/www.bghaber.org\/bghaber\/kemik-kavgasi\/","title":{"rendered":"Kemik Kavgas\u0131"},"content":{"rendered":"<p>Tarih:\u00a0 22 Kas\u0131m 2018<br \/>\nYazan: Neriman E.Kolyoncuo\u011flu<br \/>\nKonu<strong>: <\/strong>\u00a0<strong>Jurnalcilik bir bula\u015f\u0131c\u0131 Bulgaristan hastal\u0131\u011f\u0131 m\u0131d\u0131r?<\/strong><\/p>\n<p>Biz mazlum Bulgaristanl\u0131 T\u00fcrkler Bulgarlardan ar\u0131nmalar\u0131n\u0131 istesek de kendimiz zihinsel temizlenmeyi hen\u00fcz ya\u015fayamad\u0131k, ruhumuz huzur bulmu\u015f de\u011fil, birbirimizin g\u00f6z\u00fcne bakam\u0131yoruz. Hepimiz birle\u015fmek istesek de tek yumruk olam\u0131yoruz, sanki durumdan ho\u015fnuduz. Oysa kulaklar\u0131m\u0131zda \u00e7\u0131nlayan t\u00fcrk\u00fclerde ba\u015fka sesler ve \u00e7a\u011fr\u0131lar var.<\/p>\n<p><strong>Belene T\u00fcrk\u00fcs\u00fc<\/strong><\/p>\n<p>Tuna adas\u0131nda naml\u0131 Belene<br \/>\nMazlum insanlar\u0131n \u00f6l\u00fcm adas\u0131<br \/>\nAllah d\u00fc\u015f\u00fcrmesin onun eline<br \/>\nYanar orada T\u00fcrk\u00fcn Abas\u0131<\/p>\n<p>Tuna ortas\u0131nda gaml\u0131 Belene<br \/>\n\u00d6zg\u00fcrl\u00fc\u011f\u00fcn kanser yaras\u0131<br \/>\nD\u00fc\u015fmeye g\u00f6r Tuna\u2019n\u0131n eline<br \/>\nBelli de\u011fil onun dibi-deryas\u0131<\/p><div id=\"bghab-271496229\" class=\"bghab-icerik-icine bghab-entity-placement\"><script async src=\"\/\/pagead2.googlesyndication.com\/pagead\/js\/adsbygoogle.js?client=ca-pub-6203283170189293\" crossorigin=\"anonymous\"><\/script><ins class=\"adsbygoogle\" style=\"display:block; text-align:center;\" data-ad-client=\"ca-pub-6203283170189293\" \ndata-ad-slot=\"7303146466\" \ndata-ad-layout=\"in-article\"\ndata-ad-format=\"fluid\" data-full-width-responsive=\"true\"><\/ins>\n<script> \n(adsbygoogle = window.adsbygoogle || []).push({}); \n<\/script>\n<\/div>\n<p>Tuna ortas\u0131nda kanl\u0131 Belene<br \/>\nNerede Mehmet\u2019in kay\u0131p Babas\u0131?<br \/>\nHasret gidiyor Ay\u015fe geline<br \/>\nBen T\u00fcrk\u00fcm diyen Ali kocas\u0131<br \/>\n<strong>Nazmi ADALI<\/strong><strong>\/<\/strong><strong>1988<\/strong><\/p>\n<p>Y\u0131llardan beri YOLUN YOLUMUZDUR diyebilece\u011fimiz bir karde\u015fimizi ar\u0131yoruz. Yarat\u0131c\u0131 arkada\u015flar\u0131m\u0131zdan Hikmet Efrahim\u2019in 21 Kas\u0131m 2018 sabah haberlerinde s\u00fctl\u00fc kahve gibi bilgisayar ekran\u0131ma dizdi\u011fi \u015fu sat\u0131rlar beni \u015fok etti desem, bilmem anlar m\u0131s\u0131n\u0131z. \u201c<strong>Tuna<\/strong>\u201d dergisinden bir al\u0131nt\u0131d\u0131r:<\/p>\n<p>\u201d<strong>Devlet bakan\u0131 Prof. dr. E. Konukman&#8217;\u0131n son s\u00f6zlerini hi\u00e7 unutmam:<br \/>\n&#8211; Bulgaristan Jurnalc\u0131 \u00dcretme \u00c7iftli\u011fi midir? 31 bin jurnal belgesi&#8230; Olmaz \u00f6yle \u015fey. Bu toplumsal hastal\u0131\u011f\u0131n tedavisini iyi de\u011ferlendirin<\/strong>&#8230;\u201d<\/p>\n<p>Bu s\u00f6zlerin anlam\u0131 \u015fudur: 1989 \u201c<strong>B\u00fcy\u00fck G\u00f6\u00e7te<\/strong>\u201d tas\u0131 tara\u011f\u0131 toplay\u0131p \u00f6te ge\u00e7enler var\u0131nca Bulgaristan\u2019dan beraberlerinde g\u00f6t\u00fcrd\u00fckleri defterleri \u00e7\u0131kar\u0131p T\u00fcrkiye \u0130\u00e7 \u0130\u015fleri Bakanl\u0131\u011f\u0131\u2019na, M\u0130T ve ba\u015fka ilgili kurumlara 31 bin mektup yazm\u0131\u015flar. Bu mektuplar\u0131nda hem\u015ferilerimizden her biri kendini \u201c<strong>Belene<\/strong>\u201d toplama kamp\u0131 ma\u011fduru g\u00f6stermi\u015f ve Bulgaristan M\u00fcsl\u00fcman T\u00fcrklerinin hakl\u0131 davas\u0131na, gizli \u00f6rg\u00fctlenmemize, May\u0131s \u0130syan\u0131m\u0131za ve T\u00fcrk kimli\u011fi ile yeti\u015fip ya\u015famam\u0131za engel olanlar\u0131 birer iki\u015fer ve grup halinde ihbar etmi\u015fler. Besbelli bu kaleme sar\u0131l\u0131p jurnalleme i\u015fi Bulgaristan\u2019da edindiklerin bir al\u0131\u015fkanl\u0131\u011f\u0131n devam\u0131 olacak ki, art\u0131k kendi tarlam\u0131z\u0131 kaybettik, yeni topraklar\u0131 e\u015feleyelim havas\u0131na girmi\u015fler.<\/p>\n<p>31 bin ki\u015fi 3\u2019er su\u00e7suz karde\u015fimizi yalan dolan i\u015flere kar\u0131\u015ft\u0131r\u0131p m\u00fczevirlerse neredeyse 100\u00a0000 (y\u00fcz bin) karde\u015fimize s\u0131k\u0131nt\u0131 yaratm\u0131\u015f, i\u015f bulmas\u0131 yolunu kesmi\u015f, \u00e7ocuklar\u0131n\u0131n umutlar\u0131n\u0131 budam\u0131\u015f olur.<\/p><div id=\"bghab-1574639544\" class=\"bghab-icerik-icine-10-paragraf bghab-entity-placement\"><script async src=\"\/\/pagead2.googlesyndication.com\/pagead\/js\/adsbygoogle.js?client=ca-pub-6203283170189293\" crossorigin=\"anonymous\"><\/script><ins class=\"adsbygoogle\" style=\"display:block; text-align:center;\" data-ad-client=\"ca-pub-6203283170189293\" \ndata-ad-slot=\"7303146466\" \ndata-ad-layout=\"in-article\"\ndata-ad-format=\"fluid\" data-full-width-responsive=\"true\"><\/ins>\n<script> \n(adsbygoogle = window.adsbygoogle || []).push({}); \n<\/script>\n<\/div>\n<p>Y\u0131llar ge\u00e7ti Hak ve \u00d6zg\u00fcrl\u00fckler Partisi (DPS)\u2013 \u00c7ar II. Simyon\u2019un Ba\u015fbakanl\u0131\u011f\u0131 y\u0131llar\u0131nda &#8211;\u00a0 26 bin g\u00f6\u00e7mene Bulgaristan\u2019dan de\u011fi\u015fik bi\u00e7imlerde \u00f6denek temin etmeyi ba\u015farm\u0131\u015ft\u0131. O zaman bu olay beni \u00e7ok d\u00fc\u015f\u00fcnd\u00fcrm\u00fc\u015ft\u00fc. Ya\u015fl\u0131lar\u0131n topland\u0131\u011f\u0131 her yerde geveleniyor, \u201c<strong>senin benim hizmetlerimiz<\/strong>\u201d gibi c\u00fcmleler kuruluyordu. \u201c<strong>Az m\u0131 \u00e7al\u0131\u015ft\u0131k<\/strong>!\u201d c\u00fcmlesi akl\u0131mda kalm\u0131\u015f. Do\u011frudur, dedelerimiz, ninelerimiz, analar\u0131m\u0131z babalar\u0131m\u0131z, a\u011fabey, abla ve di\u011fer eli \u00f6p\u00fclesi b\u00fcy\u00fcklerimiz gen\u00e7liklerini b\u0131rakt\u0131lar Bulgaristan\u2019da. O k\u00f6yler, o k\u00f6pr\u00fcler, barajlar, ya\u015flanm\u0131\u015f a\u011fa\u00e7lar her \u015feye ra\u011fmen hala ayaktaysa, d\u00f6k\u00fclen al\u0131n terimizin helal olmas\u0131ndan, mayam\u0131zda Vatan sevgisi olmas\u0131ndand\u0131r.<\/p>\n<p><strong>T\u00fcrk ruhumun \u00fc\u015f\u00fcd\u00fc\u011f\u00fcn\u00fc hissetmi\u015ftim<\/strong><\/p>\n<p>\u201c<strong>T\u00fcrkan \u00c7e\u015fme<\/strong>\u201d kahramanlar\u0131n\u0131 anma mitinglerimize 2 kez gittim. Orada konu\u015fanlar\u0131n sesinde ve s\u00f6zlerinde, tonunda, bilin\u00e7 ve zek\u00e2 k\u0131vr\u0131mlar\u0131nda isyanc\u0131 T\u00fcrk ruhu eksikli\u011fi dikkatimi \u00e7ekmi\u015f, esen kavurucu Aral\u0131k r\u00fczg\u00e2r\u0131nda ruhumun \u00fc\u015f\u00fcd\u00fc\u011f\u00fcn\u00fc hissetmi\u015ftim.<\/p>\n<p>K\u0131rca Ali \u00e7i\u00e7ek\u00e7ilerine yapt\u0131r\u0131lan \u00e7elenklerin hi\u00e7 birinin g\u00f6be\u011finde k\u0131rm\u0131z\u0131 karanfilden \u00f6r\u00fclm\u00fc\u015f ay y\u0131ld\u0131z\u0131m\u0131z\u0131 bulamad\u0131m. Okunan \u015fiirlerde de kur\u015fun v\u0131z\u0131lt\u0131s\u0131, akan kan\u0131n \u015f\u0131r\u0131lt\u0131s\u0131, halk isyan\u0131n g\u00fcr selinin kudretli sesi yoktu. O zaman bizim olan ve Bulgaristan T\u00fcrkl\u00fc\u011f\u00fcn\u00fcn \u00f6lmez ve s\u00f6nmez varl\u0131\u011f\u0131n\u0131n k\u00fckreyi\u015fini d\u00fcnyaya duyuran ve bug\u00fcnde ya\u015fatan bu isyan ne bir evrim ne de bir devrimdi, tam ifade edildi\u011finde dirildi\u011fimiz mezardan \u00e7\u0131kmam\u0131zd\u0131. Biz canl\u0131 canl\u0131 g\u00f6m\u00fclmek ve ebediyen yok bilinmemiz i\u00e7in kurulan bir tuza\u011f\u0131n kurbanlar\u0131yd\u0131k.<\/p>\n<p>Bu kahramanl\u0131k dolu olay\u0131 hat\u0131rlay\u0131p mukayese ettik\u00e7e Plevne Sava\u015f\u0131 (1877-1878) \u015fehitleri geliyor akl\u0131ma. Belki de 1\u00a0000 (bin) sene sonra arkeologlar Plevne\u2019de Osman Pa\u015fa \u015fehitlerinin toplu mezarlar\u0131n\u0131 a\u00e7acaklar ve hi\u00e7bir T\u00fcrk askerinin kemi\u011fini, kafatas\u0131n\u0131 veya kolunu, baca\u011f\u0131n\u0131 bulamad\u0131klar\u0131nda, not defterlerine \u201c<strong>b\u00f6yle bir sava\u015f olmam\u0131\u015f<\/strong>\u201d kayd\u0131 ge\u00e7eceklerdir.<\/p><div id=\"bghab-3123635217\" class=\"bghab-icerik-icine-15-paragraf bghab-entity-placement\"><script async src=\"\/\/pagead2.googlesyndication.com\/pagead\/js\/adsbygoogle.js?client=ca-pub-6203283170189293\" crossorigin=\"anonymous\"><\/script><ins class=\"adsbygoogle\" style=\"display:block; text-align:center;\" data-ad-client=\"ca-pub-6203283170189293\" \ndata-ad-slot=\"7303146466\" \ndata-ad-layout=\"in-article\"\ndata-ad-format=\"fluid\" data-full-width-responsive=\"true\"><\/ins>\n<script> \n(adsbygoogle = window.adsbygoogle || []).push({}); \n<\/script>\n<\/div>\n<p><strong>\u00c7\u00fcnk\u00fc her sava\u015fta her iki taraf da \u015fehit, kurban ve hasar verir. Sava\u015flar\u0131n kural\u0131 budur. <\/strong><\/p>\n<p><strong><em>Ba\u015fkan\u0131m\u0131z\u0131 bir konferansta verdi\u011fi \u015fu bilgilerden yola \u00e7\u0131karak. <\/em><\/strong>Ne bilsin 1\u00a0000 (bin) sene sonras\u0131n\u0131n arkeologlar\u0131, Bulgar \u00c7ar\u0131 Ferdinand\u2019\u0131n Londra\u2019y\u0131 ziyaret etti\u011fini. Orada Lortlar Kamaras\u0131\u2019nda kabul edildi\u011fini.\u00a0 \u201c<strong>Bir arzunuz varsa \u00e7ekilmeyin!<\/strong>\u201d diye soran Hint sar\u0131kl\u0131 bir Lorda, \u201c<strong>Var asl\u0131nda, \u015fu Osmanl\u0131-Rusya Sava\u015f\u0131ndan kalan Plevne toplu T\u00fcrk kabrindeki kemikleri sand\u0131klarda paketleyip size g\u00f6ndersek ve kemik de\u011firmenlerinizde eritip, r\u00fczg\u00e2rl\u0131 bir havada k\u00f6r bir dereye savursan\u0131z<\/strong>\u201d dedi\u011fini\u2026 Ve vefat eden her ki\u015fiyi yakan ve k\u00fcl\u00fcn\u00fc savuran vatan\u0131 Hindistan\u2019\u0131 hayal eden tuhaf sar\u0131kl\u0131 Lord\u2019un \u201c<strong>Olur!<\/strong>\u201d dedi\u011fini\u2026 Plevne\u2019de o harbin panorama heykeli. Basamakl\u0131 an\u0131tlar. Rus kilisesi. Rus\u00e7uk\u2019ta ciddi \u00e7arp\u0131\u015fmalar olmam\u0131\u015f olsa da, fese basm\u0131\u015f bir at\u0131n \u00fcst\u00fcnde Rus Generalini. Hatta Deliorman\u2019da pek ciddi silahl\u0131 \u00e7arp\u0131\u015fmalar ya\u015fanmam\u0131\u015f olmas\u0131na ra\u011fmen, her T\u00fcrk k\u00f6y\u00fcn\u00fcn kenar\u0131nda bir Rus An\u0131t Ta\u015f\u0131 oldu\u011funu ama hi\u00e7bir yerde hi\u00e7bir T\u00fcrk Asker ve Subay\u0131n an\u0131t\u0131, An\u0131t Kabrimiz, T\u00fcrbemiz olmad\u0131\u011f\u0131n\u0131 \u2026 bunlar dikkat \u00e7ekicidir. Bunlar\u0131 g\u00f6ren yok mu? Olmayacak m\u0131?<\/p>\n<p>Bundan 13 y\u0131l \u00f6nce T\u00fcrkiye Cumhuriyeti Sofya B\u00fcy\u00fckel\u00e7ili\u011fi Askeri Ata\u015fesi g\u00f6revinde bulunan, \u015fimdiki Tu\u011fgeneral Tacettin Co\u015fkun Plevne Meydan Sava\u015f\u0131 alan\u0131n\u0131 gezip g\u00f6rd\u00fckten, bir g\u00f6rsel an\u0131t olan Panoramay\u0131 da gezip g\u00f6rd\u00fckten sonra Gazi Osman Pa\u015faya\u2019n\u0131n hak etti\u011fi an\u0131t\u0131 Bulgaristan\u2019da dikme zaman\u0131 geldi karar\u0131n\u0131 verir. Sofya\u2019ya d\u00f6nd\u00fc\u011f\u00fcnde T\u00fcrklerin de oylar\u0131yla se\u00e7ilen Cumhurba\u015fkan\u0131 Georgi P\u0131rvanov\u2019a bir mektup yazarak b\u00fcy\u00fck sava\u015f\u0131n y\u00fcr\u00fct\u00fcld\u00fc\u011f\u00fc yerlerden biri olan Koca Balkan\u2019\u0131n \u201c\u015eipka\u201d Doru\u011funda bir Gazi Osman Pa\u015fa An\u0131t\u0131na yer g\u00f6sterilmesini talep eder. Bir y\u0131l sonra ald\u0131\u011f\u0131 yan\u0131tta, \u201c<strong>\u015eipka\u2019da yaln\u0131z bir an\u0131t i\u00e7in yer var!<\/strong>\u201d yazar\u2026<\/p>\n<p>Avrupa Sava\u015flar\u0131ndan 100 y\u0131l sonra, zafer kazanan veya yenilen taraflar\u0131n ortak bar\u0131\u015f an\u0131tlar\u0131 dikilidir. Bulgaristan olgunlu\u011fu hen\u00fcz bu a\u015famaya gelmemi\u015f. Veya bu i\u015fi de Vladimir Putin\u2019le mi \u00e7\u00f6zmek laz\u0131m!!! Evet do\u011furu\u015fu o galiba\u2026\u00c7\u00fcnk\u00fc Bulgaristan devlet de\u011fil\u2026<\/p>\n<p>\u201c<strong>Belene<\/strong>\u201d an\u0131t levhas\u0131nda T\u00fcrk ismi yok. Kahramanlar\u0131n Bulgar isimleri s\u0131ralanm\u0131\u015f. Kimin kim oldu\u011fu belli de\u011fil\u2026<\/p><div id=\"bghab-180650491\" class=\"bghab-icerik-icine-20-paragraf bghab-entity-placement\"><script async src=\"\/\/pagead2.googlesyndication.com\/pagead\/js\/adsbygoogle.js?client=ca-pub-6203283170189293\" crossorigin=\"anonymous\"><\/script><ins class=\"adsbygoogle\" style=\"display:block; text-align:center;\" data-ad-client=\"ca-pub-6203283170189293\" \ndata-ad-slot=\"7303146466\" \ndata-ad-layout=\"in-article\"\ndata-ad-format=\"fluid\" data-full-width-responsive=\"true\"><\/ins>\n<script> \n(adsbygoogle = window.adsbygoogle || []).push({}); \n<\/script>\n<\/div>\n<p><strong>\u00c7i\u00e7ekler ve dualar da kar\u0131\u015fm\u0131\u015f.<\/strong><\/p>\n<p><strong><em>Not:<\/em><\/strong> Bulgaristan resmi delillerine g\u00f6re \u2013 \u201c<strong>Belene<\/strong>\u201d Kamp\u0131nda 517 Bulgaristan T\u00fcrk\u00fc isim de\u011fi\u015ftirme olaylar\u0131yla ilgili olarak kapat\u0131lm\u0131\u015ft\u0131r. Bir\u00e7oklar\u0131 bu rakam\u0131n 1500 \u2013 2000 oldu\u011funu s\u00f6ylese de, Ankara\u2019ya ula\u015fan 31\u00a0000 (otuz bir bin) \u201c<strong>kahraman<\/strong>\u201d mektubunu d\u00fc\u015f\u00fcnd\u00fck\u00e7e kimin ma\u011fdur kimin kahraman oldu\u011funu anlamakta zorluk \u00e7ekiyoruz. Haklar\u0131nda yaz\u0131lanlar kendi g\u00f6lgelerinden korkuyorlar.<\/p>\n<p>Edirne\u2019de ge\u00e7en hafta toplanan konferansa kat\u0131lanlar\u0131 <strong>DOST<\/strong> lideri L\u00fctfi Mestan\u2019\u0131n konu\u015fmas\u0131 tatmin etmedi. Sofya\u2019da deme\u00e7 veren Hak ve \u00d6zg\u00fcrl\u00fckler Partisi (DPS) Ba\u015fkan\u0131 Mustafa Karaday\u0131\u2019n\u0131n isim ve din, k\u00fclt\u00fcr ve kimlik de\u011fi\u015ftirerek yok edilmek ve medeniyet sayfalar\u0131ndan silinmek isteyen Bulgaristanl\u0131 1.500\u00a0000 (bir bu\u00e7uk milyon) M\u00fcsl\u00fcman T\u00fcrk\u00fcn g\u00f6rd\u00fc\u011f\u00fc zul\u00fcm, bask\u0131, ter\u00f6r ve \u015fehitler, yurdundan kovulma, par\u00e7alanma ve eziyet \u00e7ekerek s\u00fcr\u00fcnmeye zorlananlar ve onlar\u0131n yak\u0131nlar\u0131 i\u00e7in tazminat istemesi, dikkati \u00e7ekti.<\/p>\n<p>Karaday\u0131, bu i\u015f i\u00e7in \u00e7ok ama \u00e7ok fazla ge\u00e7 kal\u0131nd\u0131\u011f\u0131n\u0131n fark\u0131nda olmayabilir, zaten neyin fark\u0131nda ki?! Bu i\u015fler daha 1992\u2019de Filip Dimitrov h\u00fck\u00fcmeti d\u00fc\u015f\u00fcr\u00fclmeden, 1992\u2019de L\u00fcben Berov h\u00fck\u00fcmeti kurulmazdan \u00f6nce, daha 2001\u2019de Sakskoburrgotski ba\u015fbakan olmazdan \u00f6nce, daha 2005\u2019te BSP lideri Sergey Stani\u015fev ba\u015fbakan koltu\u011funa oturmazdan \u00f6nce yap\u0131lan pazarl\u0131klarda masaya konacak ve \u00e7at\u0131r \u00e7at\u0131r al\u0131nacakt\u0131.<\/p>\n<p><strong>Bu yap\u0131lsayd\u0131 Bulgaristan\u2019da a\u015f\u0131r\u0131 milliyet\u00e7i fa\u015fist hortlama ya\u015fanmayacakt\u0131. <\/strong><\/p><div id=\"bghab-429206504\" class=\"bghab-icerik-icine-25-paragraf bghab-entity-placement\"><script async src=\"\/\/pagead2.googlesyndication.com\/pagead\/js\/adsbygoogle.js?client=ca-pub-6203283170189293\" crossorigin=\"anonymous\"><\/script><ins class=\"adsbygoogle\" style=\"display:block; text-align:center;\" data-ad-client=\"ca-pub-6203283170189293\" \ndata-ad-slot=\"7303146466\" \ndata-ad-layout=\"in-article\"\ndata-ad-format=\"fluid\" data-full-width-responsive=\"true\"><\/ins>\n<script> \n(adsbygoogle = window.adsbygoogle || []).push({}); \n<\/script>\n<\/div>\n<p>Bu yap\u0131lmaya kalksa Avrupa parlamentosunu ate\u015flemek gerekecek, bu da 3-5 ki\u015fiyle olur mu dersiniz? Biz, bu i\u015fte yalan savunan Ermeniler kadar olamad\u0131k. Haklar\u0131m\u0131z\u0131 savunamad\u0131k. Bu yap\u0131lsa Ahmet Do\u011fan\u2019\u0131n geldi\u011fi Varna y\u00f6resinde art\u0131k say\u0131lar\u0131 20 bini bulan maskeli \u201c<strong>MMA cinayet gruplar\u0131<\/strong>\u201d, kendilerine \u201c<strong>bortsite<\/strong>\u201d (sava\u015f\u00e7\u0131lar) diyen ama as\u0131l vazifeleri dayak atmak olan sald\u0131r\u0131 ve \u015fiddet \u00e7eteleri palazlanamazd\u0131. Onlar\u0131n se\u00e7men \u00fczerinde bask\u0131 \u00e7ad\u0131r\u0131 kurma denemesi \u00f6nce 2017 Mart\u0131nda Kocluca (Suvorovo), Provad\u0131 (Provadiya) ve Kurtdere (V\u0131l\u00e7i Dol) Belediye ve k\u00f6ylerinde denendi. Bu y\u00f6rede se\u00e7im g\u00fcn\u00fc devlet duruma hakim de\u011fildi. <strong>Biz son 28 y\u0131lda m\u00fccadelemizi \u0131srarl\u0131 olarak ve halka indirerek s\u00fcrd\u00fcrm\u00fc\u015f olsayd\u0131k bunlar ya\u015fanmayacakt\u0131. <\/strong><\/p>\n<p><strong>S\u0131n\u0131r kap\u0131landa tartaklanmayacakt\u0131k. \u00a0Yurtsever Bulgarlarla milliyet\u00e7ileri birbirinden ay\u0131rmak bu gidi\u015fle \u00e7ok zor olacak. \u00dclke art\u0131k fa\u015fizme el at\u0131yor.<\/strong><\/p>\n<p><strong>\u00a0Ad\u0131m ad\u0131m ilerlemi\u015f olsayd\u0131k, bununla birlikte k\u00fclt\u00fcrel otonomi haklar\u0131m\u0131z da s\u00f6ke s\u00f6ke elde edilecektik ve bug\u00fcnk\u00fc zavall\u0131 durumda olmayacakt\u0131k. A.Do\u011fan ve H\u00d6H eliti halk\u0131m\u0131z\u0131 uyuttu.<\/strong><\/p>\n<p>Bu yaz\u0131mda, Ankara\u2019ya yalan yanl\u0131\u015f haber g\u00f6ndermeyi bir pratik haline getiren (ba\u015fkan demiyorum) L\u00fctfi Mestan i\u00e7in de bir masal se\u00e7tim.<\/p>\n<p><strong>Kemik Kavgas\u0131<\/strong><\/p><div id=\"bghab-4065750885\" class=\"bghab-icerik-icine-30-paragraf bghab-entity-placement\"><script async src=\"\/\/pagead2.googlesyndication.com\/pagead\/js\/adsbygoogle.js?client=ca-pub-6203283170189293\" crossorigin=\"anonymous\"><\/script><ins class=\"adsbygoogle\" style=\"display:block; text-align:center;\" data-ad-client=\"ca-pub-6203283170189293\" \ndata-ad-slot=\"7303146466\" \ndata-ad-layout=\"in-article\"\ndata-ad-format=\"fluid\" data-full-width-responsive=\"true\"><\/ins>\n<script> \n(adsbygoogle = window.adsbygoogle || []).push({}); \n<\/script>\n<\/div>\n<p>\u201cSilistre sancak beyi Deli \u0130brahim Pa\u015fa k\u00f6y avc\u0131lar\u0131yla birlikte avlanmadan zevk alan biriydi. O, ava \u00e7\u0131kmaya s\u00f6zle\u015ftikleri Deliorman k\u00f6ylerinden birine varm\u0131\u015f. K\u00f6peklerini yerlilerin aras\u0131na salm\u0131\u015f. \u00d6nce kokla\u015fan k\u00f6pekler topluca oynamaya koyulmu\u015flar. Bu kayna\u015fmadan etkilenen yerli avc\u0131lardan biri konu\u011fun yan\u0131na sokularak: <em>\u201cPa\u015fam anla\u015farak oynay\u0131\u015flar\u0131na hayran\u0131m!?\u201d<\/em> demi\u015f. Beyefendi, k\u00f6yl\u00fcn\u00fcn kula\u011f\u0131na usulca, \u00f6nlerine bir kemik d\u00fc\u015fene kadar bu b\u00f6yledir!\u201d cevab\u0131n\u0131 vermi\u015f ve <em>\u201co zaman g\u00f6r\u00fcrs\u00fcn bar\u0131\u015f\u0131n kemik kavgas\u0131na nas\u0131l d\u00f6n\u00fc\u015ft\u00fc\u011f\u00fcn\u00fc!\u201d <\/em>demi\u015f ve avlanmaya ormana girmi\u015fler.\u201d<\/p>\n<p>Bu derin anlaml\u0131 \u00f6\u011f\u00fctt\u00fc g\u00f6nderen \u015fair Habil Kurt karde\u015fimize te\u015fekk\u00fcr ederken, bu bizim davam\u0131z\u0131n ne \u00e7ok pahal\u0131 yabanc\u0131 av t\u00fcfe\u011fi ne de \u00f6zel sa\u00e7mal\u0131 fi\u015feklerle \u00e7\u00f6z\u00fcmlenemeyece\u011fini hat\u0131rlat\u0131rken, biz kendi tarlam\u0131z\u0131 tav\u0131nda s\u00fcrmeye devam edelim, toz kald\u0131rmaya gerek yok diyorum.<\/p>\n<p>Mestan\u2019\u0131 ava davet etmez olmu\u015flar. Avc\u0131 gruplar\u0131 <em>\u201ck\u00fcmeste beslenmi\u015f keklik masallar\u0131na\u201d<\/em> karn\u0131m\u0131z tok diyorlar.<\/p>\n<p>Karaday\u0131\u2019ya eski tar\u0131m bakan\u0131 Mehmet Dikmen\u2019in On Ait TV ekran\u0131ndan g\u00f6nderdi\u011fi selam ise \u015f\u00f6yle: <em>\u201c\u0130yi ya da k\u00f6t\u00fc olmas\u0131 hi\u00e7 \u00f6nemli de\u011fil, Hak ve \u00d6zg\u00fcrl\u00fck Hareketinin gelece\u011fi Ahmet Do\u011fan ve etraf\u0131ndaki kirli\u011fin parti ile ilgili kararlar\u0131 almaktan vazge\u00e7mesine ba\u011fl\u0131d\u0131r. Bu olursa H\u00d6H partisi y\u00f6netime ortak olarak davet edilecektir.\u201d<\/em><\/p>\n<p>Okuyanlar okumayanlara g\u00f6nderiniz.<br \/>\nKendinize iyi bak\u0131n.<\/p><div id=\"bghab-1507279274\" class=\"bghab-icerik-icine-35-paragraf bghab-entity-placement\"><script async src=\"\/\/pagead2.googlesyndication.com\/pagead\/js\/adsbygoogle.js?client=ca-pub-6203283170189293\" crossorigin=\"anonymous\"><\/script><ins class=\"adsbygoogle\" style=\"display:block; text-align:center;\" data-ad-client=\"ca-pub-6203283170189293\" \ndata-ad-slot=\"7303146466\" \ndata-ad-layout=\"in-article\"\ndata-ad-format=\"fluid\" data-full-width-responsive=\"true\"><\/ins>\n<script> \n(adsbygoogle = window.adsbygoogle || []).push({}); \n<\/script>\n<\/div>\n<div id=\"bghab-3236324267\" class=\"bghab-yazi-altinda bghab-entity-placement\"><script async src=\"https:\/\/pagead2.googlesyndication.com\/pagead\/js\/adsbygoogle.js\"><\/script>\r\n<!-- bghaber-yaz\u0131-sonu -->\r\n<ins class=\"adsbygoogle\"\r\n     style=\"display:block\"\r\n     data-ad-client=\"ca-pub-6203283170189293\"\r\n     data-ad-slot=\"4222328180\"\r\n     data-ad-format=\"auto\"\r\n     data-full-width-responsive=\"true\"><\/ins>\r\n<script>\r\n     (adsbygoogle = window.adsbygoogle || []).push({});\r\n<\/script><\/div><br style=\"clear: both; display: block; float: none;\"\/>","protected":false},"excerpt":{"rendered":"<p>Tarih:\u00a0 22 Kas\u0131m 2018 Yazan: Neriman E.Kolyoncuo\u011flu Konu: \u00a0Jurnalcilik bir bula\u015f\u0131c\u0131 Bulgaristan hastal\u0131\u011f\u0131 m\u0131d\u0131r? Biz mazlum Bulgaristanl\u0131 T\u00fcrkler Bulgarlardan ar\u0131nmalar\u0131n\u0131 istesek de kendimiz zihinsel temizlenmeyi<\/p>\n","protected":false},"author":13,"featured_media":32227,"comment_status":"closed","ping_status":"closed","sticky":false,"template":"","format":"standard","meta":{"advanced_seo_description":"","jetpack_seo_html_title":"","jetpack_seo_noindex":false,"jetpack_seo_schema_type":"","_jetpack_newsletter_access":"","_jetpack_dont_email_post_to_subs":false,"_jetpack_newsletter_tier_id":0,"_jetpack_memberships_contains_paywalled_content":false,"_jetpack_feature_clip_id":0,"_jetpack_memberships_contains_paid_content":false,"footnotes":"","jetpack_post_was_ever_published":false},"categories":[6],"tags":[],"class_list":["post-32957","post","type-post","status-publish","format-standard","has-post-thumbnail","hentry","category-yorum"],"jetpack_sharing_enabled":true,"jetpack_likes_enabled":true,"jetpack-related-posts":[],"jetpack_shortlink":"https:\/\/wp.me\/pc2PfJ-8zz","jetpack_featured_media_url":"https:\/\/i0.wp.com\/www.bghaber.org\/bghaber\/wp-content\/uploads\/2018\/09\/neriman.jpg?fit=145%2C192&ssl=1","_links":{"self":[{"href":"https:\/\/www.bghaber.org\/bghaber\/wp-json\/wp\/v2\/posts\/32957","targetHints":{"allow":["GET"]}}],"collection":[{"href":"https:\/\/www.bghaber.org\/bghaber\/wp-json\/wp\/v2\/posts"}],"about":[{"href":"https:\/\/www.bghaber.org\/bghaber\/wp-json\/wp\/v2\/types\/post"}],"author":[{"embeddable":true,"href":"https:\/\/www.bghaber.org\/bghaber\/wp-json\/wp\/v2\/users\/13"}],"replies":[{"embeddable":true,"href":"https:\/\/www.bghaber.org\/bghaber\/wp-json\/wp\/v2\/comments?post=32957"}],"version-history":[{"count":0,"href":"https:\/\/www.bghaber.org\/bghaber\/wp-json\/wp\/v2\/posts\/32957\/revisions"}],"wp:featuredmedia":[{"embeddable":true,"href":"https:\/\/www.bghaber.org\/bghaber\/wp-json\/wp\/v2\/media\/32227"}],"wp:attachment":[{"href":"https:\/\/www.bghaber.org\/bghaber\/wp-json\/wp\/v2\/media?parent=32957"}],"wp:term":[{"taxonomy":"category","embeddable":true,"href":"https:\/\/www.bghaber.org\/bghaber\/wp-json\/wp\/v2\/categories?post=32957"},{"taxonomy":"post_tag","embeddable":true,"href":"https:\/\/www.bghaber.org\/bghaber\/wp-json\/wp\/v2\/tags?post=32957"}],"curies":[{"name":"wp","href":"https:\/\/api.w.org\/{rel}","templated":true}]}}