{"id":32948,"date":"2018-11-20T20:53:45","date_gmt":"2018-11-20T17:53:45","guid":{"rendered":"http:\/\/www.bghaber.org\/bghaber\/?p=32948"},"modified":"2018-11-21T01:12:26","modified_gmt":"2018-11-20T22:12:26","slug":"turk-kulturu-yeserecek","status":"publish","type":"post","link":"https:\/\/www.bghaber.org\/bghaber\/turk-kulturu-yeserecek\/","title":{"rendered":"T\u00fcrk K\u00fclt\u00fcr\u00fc Ye\u015ferecek"},"content":{"rendered":"<p>Tarih: 20 Kas\u0131m 2018<br \/>\nYazan:\u00a0 Oya CANBAZO\u011eLU<br \/>\nKonu:\u00a0 <strong>Anadilimiz kutsal\u0131m\u0131zd\u0131r.<br \/>\n<\/strong><strong>\u00a0\u00d6\u011frenece\u011fiz, \u00f6\u011freniyoruz, \u00f6\u011frenmeliyiz.<br \/>\n<\/strong><br \/>\nCumhuriyet Bayram\u0131 \u015fenliklerine T\u00fcrk ve \u00a0Zafer ruhu ya\u015fatan \u00c7ok Sesli T\u00fcrkiye Devlet Korosunun Sofya\u2019da Atat\u00fcrk\u2019\u00fcn kafe i\u00e7ti\u011fi kafenin yan\u0131nda \u00a0<strong>\u201cB\u0131lgarya\u201d<\/strong> Salonu konserden sonra, konser salonunun m\u00fcd\u00fcr\u00fcn\u00fc g\u00f6revinden al\u0131nd\u0131\u011f\u0131 haberini duydu\u011fumuzda kalbimizi s\u0131zlatt\u0131. Bu salonda kom\u015fudan gelen \u00e7ok sesli bir y\u0131l korunun y\u00fcksek ba\u015far\u0131l\u0131 sunumu k\u0131skan\u0131ld\u0131 demek.\u00a0 Gazi Mustafa Kemal\u2019in Bulgaristan T\u00fcrk kamuoyu ve ayd\u0131nlar\u0131 taraf\u0131ndan g\u00f6n\u00fcl co\u015fkusuyla an\u0131lmas\u0131n\u0131 da \u00e7ok g\u00f6rm\u00fc\u015f olabilirler!<strong><br \/>\n<\/strong><\/p>\n<p>Koro \u015eefi Burak Onur Erdelin y\u00f6netiminde \u00e7e\u015fitli T\u00fcrk halk t\u00fcrk\u00fcleri, Bulgaristan, \u0130talyan ve \u0130spanyol par\u00e7alar\u0131n\u0131n \u00e7ok ba\u015far\u0131l\u0131 seslendirmesine, salon dolusu davetlileri co\u015fturmas\u0131na, alk\u0131\u015f tufan\u0131na tahamm\u00fcl edememi\u015f olabilirler\u2026<\/p>\n<p><strong>Bir ac\u0131 savm\u0131yorsa, alt\u0131nda ba\u015fka biri vard\u0131r, diyenler hakl\u0131d\u0131r.<\/strong><\/p>\n<p>1984 y\u0131l\u0131n\u0131n 23 Aral\u0131k ak\u015fam yay\u0131n\u0131nda Sofya Radyosu\u2019nun Bulgaristan T\u00fcrklerine Mahsus yay\u0131nlar\u0131 kapan\u0131rken foneti\u011fimizde \u00a0650 T\u00fcrk\u00fc ve \u015fark\u0131m\u0131z\u0131n kayd\u0131 vard\u0131.<\/p>\n<p>1986\u2019da Bulgaristan Kom\u00fcnist Partisi Merkez Komitesi (BKP MK) bir karar alarak bu T\u00fcrk\u00e7e sanat kay\u0131tlar\u0131n\u0131n Sofya Radyosu kay\u0131t deposundan \u00e7\u0131kar\u0131lmas\u0131n\u0131 bir kamyona y\u00fckleyip, <strong>k\u00f6r bir dere \u00e7ukurunda yak\u0131lmas\u0131n\u0131<\/strong> emretmi\u015fti.<\/p><div id=\"bghab-2576387112\" class=\"bghab-icerik-icine bghab-entity-placement\"><script async src=\"\/\/pagead2.googlesyndication.com\/pagead\/js\/adsbygoogle.js?client=ca-pub-6203283170189293\" crossorigin=\"anonymous\"><\/script><ins class=\"adsbygoogle\" style=\"display:block; text-align:center;\" data-ad-client=\"ca-pub-6203283170189293\" \ndata-ad-slot=\"7303146466\" \ndata-ad-layout=\"in-article\"\ndata-ad-format=\"fluid\" data-full-width-responsive=\"true\"><\/ins>\n<script> \n(adsbygoogle = window.adsbygoogle || []).push({}); \n<\/script>\n<\/div>\n<p>Bu haberi, Radyosu\u2019nun m\u00fczik b\u00f6l\u00fcm\u00fcnde g\u00f6revli e\u015finden alan, 2018\u2019de vefat eden \u00fcnl\u00fc m\u00fczisyen, folklor uzman\u0131 ve besteci Nikolay Kaufman, e\u015fine \u201c<strong>y\u00fcklemeye ba\u015flad\u0131klar\u0131nda bana haber et, bir depo ayarlad\u0131m, \u015fof\u00f6rle anla\u015fmay\u0131 bana b\u0131rak, kolileri oraya indirip koruyal\u0131m.\u00a0 Yakmak istedikleri paha bi\u00e7ilmez bir sanat miras\u0131\u201d<\/strong> demi\u015ftir. \u0130\u015fte bu eserler bir Bulgar taraf\u0131ndan b\u00f6yle korunmu\u015ftur. Bulgar da olsa insan olmak ba\u015fka bir \u015feydir\u2026<\/p>\n<p><strong>Sanat d\u00fc\u015fmanl\u0131\u011f\u0131n\u0131n k\u00f6k\u00fcnde ne olabilir bilemiyorum.<\/strong><\/p>\n<p>Ancak isim de\u011fi\u015ftirme zulm\u00fc y\u0131llar\u0131nda T\u00fcrklerin arabalar\u0131ndan teyp ve kasetlerin topland\u0131\u011f\u0131n\u0131 asfalta at\u0131p \u00e7i\u011fnendi\u011fini, T\u00fcrk evlerindeki teyplerin ve kasetlerin gasp edildi\u011fini hat\u0131rlad\u0131k\u00e7a, akl\u0131mdan ilk ge\u00e7en Bulgaristan T\u00fcrklerinden bu yara \u00f6yle 30-40 y\u0131lda kapanmaz duygusudur.<\/p>\n<p><strong>1989 hak arada ve \u00f6zg\u00fcrl\u00fc\u011f\u00fc kucaklama kavgam\u0131z asl\u0131nda k\u00f6klerimize, \u00f6z\u00fcm\u00fcze d\u00f6nmemiz i\u00e7in verdi\u011fimiz kutsal kavgayd\u0131. <\/strong><\/p>\n<p>Bu kavgan\u0131n \u00f6z\u00fcnde yer alan ve yeri ba\u015fka bir \u015feyle asla doldurulamaz olan, kutsal\u0131m\u0131z anadilimizdi. Bulgaristan T\u00fcrklerinin ba\u015f\u0131na gelenleri planlayanlar, yazmas\u0131 kolay, anadilimiz T\u00fcrk\u00e7emizi \u00e7\u00fcr\u00fck bir di\u015f gibi g\u00f6r\u00fcyor, \u00e7ekip yerine Bulgarcay\u0131, Bulgar k\u00fclt\u00fcr\u00fcn\u00fc ve ya\u015fam anlay\u0131\u015f\u0131n\u0131, kendi inan\u00e7lar\u0131n\u0131 doldurmak istiyorlard\u0131. Bu kavga bug\u00fcn de devam ediyor.<\/p><div id=\"bghab-3359866342\" class=\"bghab-icerik-icine-10-paragraf bghab-entity-placement\"><script async src=\"\/\/pagead2.googlesyndication.com\/pagead\/js\/adsbygoogle.js?client=ca-pub-6203283170189293\" crossorigin=\"anonymous\"><\/script><ins class=\"adsbygoogle\" style=\"display:block; text-align:center;\" data-ad-client=\"ca-pub-6203283170189293\" \ndata-ad-slot=\"7303146466\" \ndata-ad-layout=\"in-article\"\ndata-ad-format=\"fluid\" data-full-width-responsive=\"true\"><\/ins>\n<script> \n(adsbygoogle = window.adsbygoogle || []).push({}); \n<\/script>\n<\/div>\n<p><strong>Bayra\u011f\u0131m\u0131z T\u00fcrk kimli\u011fi sembollerimizden biridir. <\/strong><\/p>\n<p>Ge\u00e7en hafta K\u0131rca Ali ALTAY DERNE\u011e\u0130 GRUBU etkinliklerini anlatan yay\u0131nlara bir g\u00f6z att\u0131m. G\u00fcney Do\u011fu Rodop kent ve k\u00f6ylerinden \u00e7ocuklar\u0131m\u0131z\u0131n Edirne ve L\u00fcleburgaz gezisi esnas\u0131nda \u201c<strong>Ne mutlu T\u00fcrk\u00fcm diyene!<\/strong>\u201d an\u0131t\u0131 \u00f6n\u00fcnde Ay Y\u0131ld\u0131zl\u0131 Bayra\u011f\u0131m\u0131za sar\u0131lm\u0131\u015f, g\u00f6ndere bayrak \u00e7eken, bayrak sallayan k\u0131z ve o\u011flanlar\u0131m\u0131z\u0131 g\u00f6rme gururu ya\u015fad\u0131m. Bayra\u011f\u0131m\u0131z T\u00fcrk kimli\u011fi sembollerimizden biridir. Onlar T\u00fcrk\u00e7e kurslar\u0131nda, sanat etkinliklerinde, T\u00fcrk\u00e7e \u015fiir s\u00f6yleme yar\u0131\u015flar\u0131nda ba\u015far\u0131l\u0131 olan umutlar\u0131m\u0131zd\u0131.<\/p>\n<p><strong>T\u00fcrk\u00e7e derslerinin okutuldu\u011fu dernek ve s\u0131n\u0131f odalar\u0131nda, T\u00fcrk \u015fair ve yazarlar\u0131m\u0131z\u0131n duvar resimleri eksik. Biz edebiyat\u0131 olan bir etnik az\u0131nl\u0131\u011f\u0131z ve bu noksan\u0131m\u0131z\u0131 tamamlamal\u0131y\u0131z. <\/strong><\/p>\n<p>Bundan iki sene \u00f6nce 2016\u2019da anne ve babalar\u0131 da K\u0131rca Ali kenti stadyum meydan\u0131na toplanm\u0131\u015f ve <strong>\u201cNe mutlu T\u00fcrk\u2019\u00fcm diyene!\u201d<\/strong> an\u0131t\u0131 i\u00e7mi\u015flerdi. Bu ayn\u0131 zamanda T\u00fcrkiye Cumhuriyetinin kurucusu, b\u00fcy\u00fck \u00f6nder Mustafa Kemal Atat\u00fcrk\u2019\u00fcn davam\u0131za ba\u011fl\u0131l\u0131k an\u0131t\u0131d\u0131r. Bu an\u0131t ancak anadilimizde s\u00f6ylendi\u011finde ge\u00e7erlidir. Sa\u011f elimizi kalbimizin \u00fczerine ve g\u00f6zlerimizi istikbale dikerdik.<\/p>\n<p>T\u00fcrk\u00e7e sevdal\u0131s\u0131 dernek\u00e7ilerimizin yo\u011fun ve planl\u0131 \u00e7al\u0131\u015fmalar\u0131 sonucu yar\u0131m as\u0131r s\u00fcren T\u00fcrk\u00e7e kurakl\u0131\u011f\u0131 sonunda g\u00fczelim Rodoplar\u2019da anadilimiz ye\u015fermeye ba\u015flam\u0131\u015f, en b\u00fcy\u00fck mutlulu\u011fumuz gen\u00e7lerin T\u00fcrk\u00e7e konu\u015fmas\u0131, \u015fark\u0131 ve t\u00fcrk\u00fclerimize evlatlar\u0131m\u0131z\u0131n sahip \u00e7\u0131kmas\u0131, \u00e7e\u015fitlilik i\u00e7inde birlik davam\u0131zda onurlu yerimizi alabilmemizdir.<\/p><div id=\"bghab-156665436\" class=\"bghab-icerik-icine-15-paragraf bghab-entity-placement\"><script async src=\"\/\/pagead2.googlesyndication.com\/pagead\/js\/adsbygoogle.js?client=ca-pub-6203283170189293\" crossorigin=\"anonymous\"><\/script><ins class=\"adsbygoogle\" style=\"display:block; text-align:center;\" data-ad-client=\"ca-pub-6203283170189293\" \ndata-ad-slot=\"7303146466\" \ndata-ad-layout=\"in-article\"\ndata-ad-format=\"fluid\" data-full-width-responsive=\"true\"><\/ins>\n<script> \n(adsbygoogle = window.adsbygoogle || []).push({}); \n<\/script>\n<\/div>\n<p><strong>T\u00fcrk\u00e7e konu\u015fan T\u00fcrk\u2019t\u00fcr inanc\u0131m\u0131za ba\u011fl\u0131 kalarak s\u00f6yl\u00fcyorum, bu ba\u015far\u0131 siyasi ba\u015far\u0131lardan da daha \u00e7ok de\u011ferli bir edinimdir.<\/strong><\/p>\n<p>Bulgar devletinden, Bulgar makamlar\u0131ndan, T\u00fcrk\u00e7eden \u00e7evrilmi\u015f ve Bulgarca yay\u0131nlanm\u0131\u015f romanlardan, Bulgarca oynat\u0131lan T\u00fcrk filmlerinden T\u00fcrk dili \u00f6\u011frenmeyi fikir edilenler yan\u0131l\u0131yor. Ben \u015fu an bile \u2013 demokrasinin 28. Y\u0131l\u0131nda \u2013 Bulgar devletinin T\u00fcrk \u00e7i\u00e7e\u011fimizin dibine bir damla su d\u00f6kece\u011fine inanm\u0131yorum.<\/p>\n<p><strong>Bizim T\u00fcrk\u00e7emize ve T\u00fcrkl\u00fc\u011f\u00fcm\u00fcze sar\u0131lmam\u0131zdan korkanlar t\u00f6relerimizi budamaya, T\u00fcrk\u00e7e ya\u015fam alanlar\u0131m\u0131z\u0131 s\u0131n\u0131rlamaya devam ediyorlar. <\/strong><\/p>\n<p>Her y\u0131l Bulgar eserlerinden y\u00fczlerce yap\u0131t \u0130spanyolca, \u0130ngilizce, Yunanca, S\u0131rp\u00e7a, Macarca, Almanca, Rus\u00e7a ve ba\u015fka dillere \u00e7evrilirken, bir tek eserin T\u00fcrk\u00e7e&#8217;mize terc\u00fcme edilmemesine nas\u0131l bir anlam verelim?<\/p>\n<p><strong>Bizim okuduk\u00e7a bilin\u00e7lenmemizden korkuyorlar! <\/strong><\/p><div id=\"bghab-4271882449\" class=\"bghab-icerik-icine-20-paragraf bghab-entity-placement\"><script async src=\"\/\/pagead2.googlesyndication.com\/pagead\/js\/adsbygoogle.js?client=ca-pub-6203283170189293\" crossorigin=\"anonymous\"><\/script><ins class=\"adsbygoogle\" style=\"display:block; text-align:center;\" data-ad-client=\"ca-pub-6203283170189293\" \ndata-ad-slot=\"7303146466\" \ndata-ad-layout=\"in-article\"\ndata-ad-format=\"fluid\" data-full-width-responsive=\"true\"><\/ins>\n<script> \n(adsbygoogle = window.adsbygoogle || []).push({}); \n<\/script>\n<\/div>\n<p>En fazla korktuklar\u0131 da Gazi Mustafa Kemalin hayat \u00f6rne\u011fidir. Rumeli-Balkan T\u00fcrklerinden olup \u00c7anakkale, Trakya, Sakarya, \u0130zmir vb sava\u015flar\u0131 kazanan bir komutan \u00e7\u0131kmas\u0131 d\u00fc\u015f\u00fcnd\u00fcr\u00fcc\u00fc bir olayd\u0131r. Rumeli (Balkan) T\u00fcrklerinden birinde bu maya varsa, hepsinde vard\u0131r, yenisi de \u00e7\u0131kabilir\u2026 b\u00fcy\u00fck bir endi\u015fe kayna\u011f\u0131d\u0131r.<\/p>\n<p>Bosna kahraman\u0131 ve ordu, parti ve devlet kurucusu ve lideri Sn. Aliya \u0130zetbegovi\u00e7 \u00f6rne\u011fi canl\u0131d\u0131r.\u00a0 1895-1899 y\u0131llar\u0131 aras\u0131nda Makedonya\/Manast\u0131r (Bitolya) Askeri Okulunda \u00f6\u011frenim g\u00f6ren bir Rumeli gencin yapt\u0131\u011f\u0131n\u0131 21. Y\u00fczy\u0131lda da yapanlar hayli hayli bulunur.<\/p>\n<p><strong>B\u00fct\u00fcn annelerimizin bildi\u011fi \u015fu ger\u00e7ek beslenmelidir. <\/strong><\/p>\n<p>T\u00fcrk\u00fcn e\u011fitimi okul \u00f6ncesinde ba\u015flar. Her T\u00fcrk ailesi bir T\u00fcrk oca\u011f\u0131d\u0131r ve dolay\u0131s\u0131yla bir T\u00fcrk e\u011fitim merkezidir. Bu e\u011fitimin \u00e7antal\u0131 \u00e7antas\u0131z, kalemli kalemsiz olmas\u0131 hi\u00e7 \u00f6nemli de\u011fildir. T\u00fcrk \u00e7ocuklar\u0131 bir\u00e7ok temel e\u011fitimi ve beceriyi okul \u00f6ncesinde, evde, oyun alan\u0131nda, ana-baba ve arkada\u015f ortam\u0131nda benimser ve geli\u015ftirir.<\/p>\n<p><strong>Bulgar okulunda T\u00fcrk \u00e7ocu\u011funa el \u00f6pme \u00f6\u011fretmezler. <\/strong><\/p><div id=\"bghab-2601352495\" class=\"bghab-icerik-icine-25-paragraf bghab-entity-placement\"><script async src=\"\/\/pagead2.googlesyndication.com\/pagead\/js\/adsbygoogle.js?client=ca-pub-6203283170189293\" crossorigin=\"anonymous\"><\/script><ins class=\"adsbygoogle\" style=\"display:block; text-align:center;\" data-ad-client=\"ca-pub-6203283170189293\" \ndata-ad-slot=\"7303146466\" \ndata-ad-layout=\"in-article\"\ndata-ad-format=\"fluid\" data-full-width-responsive=\"true\"><\/ins>\n<script> \n(adsbygoogle = window.adsbygoogle || []).push({}); \n<\/script>\n<\/div>\n<p>Bu T\u00fcrk ana baban\u0131n ana-babal\u0131k \u00f6devidir. Dede tokad\u0131 aile e\u011fitimimizden, k\u00fclt\u00fcr\u00fcm\u00fcz\u00fcn bir par\u00e7as\u0131d\u0131r. Okul \u00f6ncesi e\u011fitim dil a\u00e7\u0131s\u0131ndan da ola\u011fan\u00fcst\u00fc \u00f6nemlidir. Okul \u00f6ncesi e\u011fitimde, aile ortam\u0131nda, konu-kom\u015fu aras\u0131nda, anadil \u00f6\u011fretiminin ba\u015far\u0131l\u0131 olmas\u0131 i\u00e7in yapmam\u0131z gerekenler nedir?<\/p>\n<p><strong>1- Daha do\u011fmadan ve \u00f6zellikle de son hamilelik aylar\u0131nda annenin t\u00fcm temaslar\u0131 anadilde olmal\u0131d\u0131r.<\/strong> Ya\u015fl\u0131lar ve akranlarla sohbetler, sesli ya da sesiz okunan kitaplar, \u00f6zellikle \u015fiir kitaplar\u0131, <strong><em>dinlenen radyo ve TV programlar\u0131 T\u00fcrk\u00e7e dinlenmelidir. \u015eark\u0131 t\u00fcrk\u00fc s\u00f6ylenmelidir. Anne T\u00fcrk\u00e7e saymal\u0131, T\u00fcrk\u00e7e hayal etmeli, T\u00fcrk\u00e7e d\u00fc\u015f\u00fcnmeli ve \u00f6zlemelidir.<\/em><\/strong> <strong><em>Bunlar\u0131n hepsinin do\u011facak yavrunun ruhunun bi\u00e7imlenmesinde \u00f6nem ta\u015f\u0131d\u0131\u011f\u0131 bilinir.<\/em><\/strong> Do\u011fum Bulgar hastanesinde yap\u0131lsa bile anne do\u011fum yaparken T\u00fcrk\u00e7e hayk\u0131rmal\u0131, do\u011fan \u00e7ocu\u011funa ilk s\u00f6zleri anadilinde yani T\u00fcrk\u00e7e s\u00f6ylemelidir.\u00a0 Do\u011fum haz\u0131rl\u0131klar\u0131 yap\u0131l\u0131rken anadilinde s\u00f6yleyece\u011fi ninni, tekerleme, masal ve \u00f6yk\u00fcler \u00f6\u011frenmelidir. Do\u011facak olan anas\u0131 babas\u0131 T\u00fcrk bir leventtir. Dualar\u0131 da anadilimizde olmal\u0131d\u0131r.<\/p>\n<p><strong>2- Ne yaz\u0131k ki Bulgar E\u011fitim bakanl\u0131\u011f\u0131 etnik az\u0131nl\u0131klar\u0131n \u00e7ocuklar\u0131n\u0131n okul \u00f6n\u00fc anadilde e\u011fitimi i\u00e7in 28 y\u0131ldan beri hi\u00e7bir haz\u0131rl\u0131k yapmam\u0131\u015ft\u0131r.<\/strong> \u015eark\u0131 ve \u015fiir kitaplar\u0131, masal, hik\u00e2ye ve efsane kitaplar\u0131m\u0131z\u0131n bas\u0131lmas\u0131na imk\u00e2n verilmemi\u015ftir.<\/p>\n<p><strong><em>Ge\u00e7en sene 26 Mart 2017\u2019de verdi\u011fimiz oylar i\u00e7in DPS partisi 2018-19 b\u00fct\u00e7esinden yine 3.5 milyon leva alacak, bunu \u015fimdiye kadar 15 defa ald\u0131, ama T\u00fcrk\u00e7e bir \u00e7ocuk kitab\u0131 bast\u0131r(a)mad\u0131, bir plak \u00e7\u0131kar(a)mad\u0131, bir \u00e7ocuk oyun alan\u0131 yapt\u0131r(a)mad\u0131.<\/em><\/strong><\/p>\n<p>Bu ger\u00e7ekten \u00e7ok ac\u0131 bir ger\u00e7ek. En ac\u0131s\u0131 da bize havlayanlar\u0131 beslememizdir. Burada \u00f6zellikle belirtilmesi gereken, \u00e7ocuklarla m\u00fczik <strong><em>\u00e7al\u0131\u015fma dilinin T\u00fcrk\u00e7e olmas\u0131d\u0131r<\/em><\/strong>. Bununla <strong><em>birlikte oyun isimlerinin ve kahraman adlar\u0131n\u0131n T\u00fcrk\u00e7ele\u015ftirilmesine<\/em><\/strong> dikkat edilmelidir.<\/p><div id=\"bghab-1442373215\" class=\"bghab-icerik-icine-30-paragraf bghab-entity-placement\"><script async src=\"\/\/pagead2.googlesyndication.com\/pagead\/js\/adsbygoogle.js?client=ca-pub-6203283170189293\" crossorigin=\"anonymous\"><\/script><ins class=\"adsbygoogle\" style=\"display:block; text-align:center;\" data-ad-client=\"ca-pub-6203283170189293\" \ndata-ad-slot=\"7303146466\" \ndata-ad-layout=\"in-article\"\ndata-ad-format=\"fluid\" data-full-width-responsive=\"true\"><\/ins>\n<script> \n(adsbygoogle = window.adsbygoogle || []).push({}); \n<\/script>\n<\/div>\n<p><strong>3- Anadilimiz T\u00fcrk\u00e7eyi \u00e7ocuklar\u0131m\u0131za sevdirmek i\u00e7in daha \u00e7ok k\u00fc\u00e7\u00fck ya\u015fta evlatlar\u0131n\u0131z\u0131 \u015fiir, oyun, m\u00fczik gecelerine g\u00f6t\u00fcrmeyi ihmal etmeyiniz. <\/strong>\u015eu d\u00f6nemden faydalanarak T\u00fcrkiye\u2019den oyun setleri, masal ve \u015fiir kitaplar\u0131 da getirtebilirsiniz. T\u00fcrkiye\u2019den gelenlerin eli bo\u015f gelmesin, hele eski \u00f6\u011fretmen ve hocalar\u0131m\u0131z\u0131n. Buralara bol bol milli T\u00fcrk\u00e7e \u00f6zellikle T\u00fcrk tarihinden ve masal kitap\u00e7\u0131klar\u0131 getirsinler.<\/p>\n<p><strong>4- Ne yaz\u0131k ki, Bulgaristan\u2019da anaokulu gibi e\u011fitim kurumlar\u0131nda T\u00fcrk\u00e7emizi iyi bilen, konu\u015fan ve \u00f6\u011fretebilecek d\u00fczeyde olan \u00f6\u011fretmen, e\u011fitmen ve bak\u0131c\u0131lar\u0131m\u0131z yok.<\/strong> Bundan dolay\u0131, kimli\u011fimizi evlad\u0131m\u0131za aktara bilmek i\u00e7in daha fazla evde \u00e7al\u0131\u015fmam\u0131z gerekirken, anadilimizde e\u011fitim ve \u00f6\u011frenim kavgam\u0131za da devam etmek zorunday\u0131z. Bunun i\u00e7in de T\u00fcrk Analar\u0131n\u0131 \u00e7ok iyi e\u011fitmeliyiz. Derneklerin \u00f6rg\u00fctledi\u011fi T\u00fcrk\u00e7e, oyun, sanat, edebiyat vb kurslar\u0131na kat\u0131lan analar ve \u00e7ocuklar i\u00e7in e\u011fitim bakanl\u0131\u011f\u0131ndan destek istemeliyiz. Bu ayn\u0131 zamanda muhtarl\u0131k ve belediyelerin de g\u00f6revlerinden biridir.<\/p>\n<p><strong>5- T\u00fcrk tarih ve milli kitap\u00e7\u0131klar buralarda da\u011f\u0131t\u0131lmal\u0131d\u0131r.<\/strong><\/p>\n<p>Ba\u015fka hi\u00e7bir imk\u00e2n olmasa bile \u00e7ocuklar\u0131m\u0131z\u0131n kendi k\u00fclt\u00fcr\u00fcm\u00fcz\u00fc birazdan biraza tan\u0131malar\u0131 i\u00e7in Nasrettin Hoca, Kel O\u011flan, Alaattin ve ba\u015fkaT\u00fcrk tarihinden kahramanlar\u0131m\u0131z\u0131 tan\u0131malar\u0131 i\u00e7in masal okuma geceleri d\u00fczenlenmeli ve emekli \u00f6\u011fretmenlerden, hocalardan veya T\u00fcrk\u00e7esi d\u00fczg\u00fcn di\u011fer ya\u015fl\u0131lardan masal okumalar\u0131n\u0131 talep edebiliriz. \u0130mk\u00e2nlar d\u00e2hilinde bilgisayar da kullan\u0131larak yeni kahramanlarla yeni hikayelerle tan\u0131\u015fma yollar\u0131 da mutlaka a\u00e7\u0131lmal\u0131d\u0131r.<\/p>\n<p><strong>6- Bu arada TV programlar\u0131 ba\u015fka bir dilde izlense bile yavruya anadilinde a\u00e7\u0131klamalar yap\u0131lmal\u0131. Y<\/strong>abanc\u0131 s\u00f6zler terc\u00fcme edilerek anlat\u0131lmal\u0131, seyredilenin T\u00fcrk\u00e7e anlam\u0131 a\u00e7\u0131lmal\u0131d\u0131r. Bir \u00e7ocuk T\u00fcrk ailesinde TV izlerken anadilini \u00f6\u011frenebilir, ama yazma ve okumay\u0131 geli\u015ftirmesi \u00f6zel programlar ve ek \u00e7abalar gerektirir.<\/p><div id=\"bghab-162635958\" class=\"bghab-icerik-icine-35-paragraf bghab-entity-placement\"><script async src=\"\/\/pagead2.googlesyndication.com\/pagead\/js\/adsbygoogle.js?client=ca-pub-6203283170189293\" crossorigin=\"anonymous\"><\/script><ins class=\"adsbygoogle\" style=\"display:block; text-align:center;\" data-ad-client=\"ca-pub-6203283170189293\" \ndata-ad-slot=\"7303146466\" \ndata-ad-layout=\"in-article\"\ndata-ad-format=\"fluid\" data-full-width-responsive=\"true\"><\/ins>\n<script> \n(adsbygoogle = window.adsbygoogle || []).push({}); \n<\/script>\n<\/div>\n<p><strong>7- Ben \u015fahsen T\u00fcrk\u00e7emize konan yasa\u011f\u0131n bir insan haklar\u0131 ihlali oldu\u011funa<\/strong> ve mutlaka ve \u00e7ok yak\u0131n zamanda kald\u0131r\u0131lmas\u0131 i\u00e7in bir yol bulunaca\u011f\u0131na inan\u0131yorum. O zamana kadar \u015fehirlerdeki derneklerimiz T\u00fcrk\u00e7e kursu a\u00e7mal\u0131d\u0131r. Sofya\u2019daki Etkile\u015fim Derne\u011finin T\u00fcrk\u00e7e dil kursuna yaln\u0131z iki ki\u015finin kat\u0131lmas\u0131 \u00e7ok \u00fcz\u00fcc\u00fcd\u00fcr. Israrc\u0131 olmak zorunday\u0131z.<\/p>\n<p>8- Bununla birlikte 3-5 ya\u015f\u0131ndaki \u00e7ocuklar\u0131n oynad\u0131\u011f\u0131 oyunlar\u0131n hepsi T\u00fcrk\u00e7ele\u015ftirilmelidir, grup oyunlar\u0131 ve yaz\u0131\u015fma da T\u00fcrk\u00e7e yap\u0131lmal\u0131d\u0131r. Telefonlarda veya internette bunlara \u00e7ok dikkat edilmelidir. En \u00f6nemlisi buralarda yo\u011fun T\u00fcrk\u00e7e oyunlar at\u0131lmal\u0131 ve T\u00fcrk \u00e7ocuklar\u0131m\u0131za g\u00f6nderilmeli.<\/p>\n<p><strong>Sonunda \u015funu vurgulamak isterim.<\/strong><\/p>\n<p>\u00c7ocuklar\u0131m\u0131za T\u00fcrk\u00e7emizi \u00f6\u011fretmezsek, ana-baba \u00f6devlerimizi ihmal edersek, ana dilsiz yani kimliksiz, yan\u0131 k\u00fclt\u00fcrs\u00fcz yani Vatans\u0131z kal\u0131r\u0131z. Yabanc\u0131 dil ta\u015f \u00fcst\u00fcne dikilmi\u015f fidan gibidir. Saks\u0131ya da diksek, kar\u0131n doyuran meyve vermez. <strong>Hi\u00e7bir dil anadil kadar \u00f6nemli de\u011fildir.<\/strong> D\u00fcnyan\u0131n neresine gidersen git, y\u00fczle\u015fti\u011fin ilk soru:<\/p>\n<p><strong><u>\u00a0ANAD\u0130L\u0130N NED\u0130R VE B\u0130L\u0130YOR MUSUNDUR!<\/u><\/strong><\/p><div id=\"bghab-1870695853\" class=\"bghab-icerik-icine-40-paragraf bghab-entity-placement\"><script async src=\"\/\/pagead2.googlesyndication.com\/pagead\/js\/adsbygoogle.js?client=ca-pub-6203283170189293\" crossorigin=\"anonymous\"><\/script><ins class=\"adsbygoogle\" style=\"display:block; text-align:center;\" data-ad-client=\"ca-pub-6203283170189293\" \ndata-ad-slot=\"7303146466\" \ndata-ad-layout=\"in-article\"\ndata-ad-format=\"fluid\" data-full-width-responsive=\"true\"><\/ins>\n<script> \n(adsbygoogle = window.adsbygoogle || []).push({}); \n<\/script>\n<\/div>\n<p>\u015eunu da ekleyeyim, T\u00fcrk\u00e7e sayamayan, toplay\u0131p \u00e7\u0131kar\u0131p, \u00e7arp\u0131p b\u00f6lemeyen, do\u011fru d\u00fcr\u00fcst T\u00fcrk\u00e7e konu\u015famaz.<\/p>\n<p>Anadil \u00f6\u011frenenlere ba\u015far\u0131lar dilerim.<br \/>\nSa\u011fl\u0131cakla kal\u0131n.<br \/>\nKonumuz devam edecek.<\/p>\n<div id=\"bghab-4043867111\" class=\"bghab-yazi-altinda bghab-entity-placement\"><script async src=\"https:\/\/pagead2.googlesyndication.com\/pagead\/js\/adsbygoogle.js\"><\/script>\r\n<!-- bghaber-yaz\u0131-sonu -->\r\n<ins class=\"adsbygoogle\"\r\n     style=\"display:block\"\r\n     data-ad-client=\"ca-pub-6203283170189293\"\r\n     data-ad-slot=\"4222328180\"\r\n     data-ad-format=\"auto\"\r\n     data-full-width-responsive=\"true\"><\/ins>\r\n<script>\r\n     (adsbygoogle = window.adsbygoogle || []).push({});\r\n<\/script><\/div><br style=\"clear: both; display: block; float: none;\"\/>","protected":false},"excerpt":{"rendered":"<p>Tarih: 20 Kas\u0131m 2018 Yazan:\u00a0 Oya CANBAZO\u011eLU Konu:\u00a0 Anadilimiz kutsal\u0131m\u0131zd\u0131r. \u00a0\u00d6\u011frenece\u011fiz, \u00f6\u011freniyoruz, \u00f6\u011frenmeliyiz. Cumhuriyet Bayram\u0131 \u015fenliklerine T\u00fcrk ve \u00a0Zafer ruhu ya\u015fatan \u00c7ok Sesli T\u00fcrkiye Devlet<\/p>\n","protected":false},"author":13,"featured_media":32057,"comment_status":"closed","ping_status":"closed","sticky":false,"template":"","format":"standard","meta":{"advanced_seo_description":"","jetpack_seo_html_title":"","jetpack_seo_noindex":false,"jetpack_seo_schema_type":"","_jetpack_newsletter_access":"","_jetpack_dont_email_post_to_subs":false,"_jetpack_newsletter_tier_id":0,"_jetpack_memberships_contains_paywalled_content":false,"_jetpack_feature_clip_id":0,"_jetpack_memberships_contains_paid_content":false,"footnotes":"","jetpack_post_was_ever_published":false},"categories":[6],"tags":[],"class_list":["post-32948","post","type-post","status-publish","format-standard","has-post-thumbnail","hentry","category-yorum"],"jetpack_sharing_enabled":true,"jetpack_likes_enabled":true,"jetpack-related-posts":[],"jetpack_shortlink":"https:\/\/wp.me\/pc2PfJ-8zq","jetpack_featured_media_url":"https:\/\/i0.wp.com\/www.bghaber.org\/bghaber\/wp-content\/uploads\/2018\/07\/oya-kosy1.jpg?fit=287%2C334&ssl=1","_links":{"self":[{"href":"https:\/\/www.bghaber.org\/bghaber\/wp-json\/wp\/v2\/posts\/32948","targetHints":{"allow":["GET"]}}],"collection":[{"href":"https:\/\/www.bghaber.org\/bghaber\/wp-json\/wp\/v2\/posts"}],"about":[{"href":"https:\/\/www.bghaber.org\/bghaber\/wp-json\/wp\/v2\/types\/post"}],"author":[{"embeddable":true,"href":"https:\/\/www.bghaber.org\/bghaber\/wp-json\/wp\/v2\/users\/13"}],"replies":[{"embeddable":true,"href":"https:\/\/www.bghaber.org\/bghaber\/wp-json\/wp\/v2\/comments?post=32948"}],"version-history":[{"count":0,"href":"https:\/\/www.bghaber.org\/bghaber\/wp-json\/wp\/v2\/posts\/32948\/revisions"}],"wp:featuredmedia":[{"embeddable":true,"href":"https:\/\/www.bghaber.org\/bghaber\/wp-json\/wp\/v2\/media\/32057"}],"wp:attachment":[{"href":"https:\/\/www.bghaber.org\/bghaber\/wp-json\/wp\/v2\/media?parent=32948"}],"wp:term":[{"taxonomy":"category","embeddable":true,"href":"https:\/\/www.bghaber.org\/bghaber\/wp-json\/wp\/v2\/categories?post=32948"},{"taxonomy":"post_tag","embeddable":true,"href":"https:\/\/www.bghaber.org\/bghaber\/wp-json\/wp\/v2\/tags?post=32948"}],"curies":[{"name":"wp","href":"https:\/\/api.w.org\/{rel}","templated":true}]}}