{"id":32946,"date":"2018-11-20T10:06:05","date_gmt":"2018-11-20T07:06:05","guid":{"rendered":"http:\/\/www.bghaber.org\/bghaber\/?p=32946"},"modified":"2018-11-20T10:06:05","modified_gmt":"2018-11-20T07:06:05","slug":"hz-muhammedi-anmak-ve-anlamak","status":"publish","type":"post","link":"https:\/\/www.bghaber.org\/bghaber\/hz-muhammedi-anmak-ve-anlamak\/","title":{"rendered":"Hz. Muhammed&#8217;i Anmak ve Anlamak"},"content":{"rendered":"<p>Yazan:\u00a0Nevzat \u00d6ZT\u00dcRK, \u0130lahiyat\u00e7\u0131, E\u011fitimci Yazar<\/p>\n<p>\u201cMevlid kandili Hz. Peygamber\u2019in do\u011fumu m\u00fcnasebetiyle kutlan\u0131r. Mevlid kutlamalar\u0131n\u0131 ilk ihdas eden zat\u0131n Erbil Atabegi Muzaffer\u00fcddin K\u00f6kb\u00f6ri (\u00f6. 629\/1232) oldu\u011fu kabul edilir. Bu kutlama i\u00e7in toplananlara mevlid k\u0131ssalar\u0131 okumay\u0131 ilk ba\u015flatan ki\u015finin ise M\u0131s\u0131r \u00c7erkez h\u00fck\u00fcmdarlar\u0131ndan biri veya M\u0131s\u0131r F\u00e2t\u0131m\u00eeleri oldu\u011fu s\u00f6ylenir (Ca\u2018fer Murtaz\u00e2 el-\u00c2mil\u00ee, s. 20). Makr\u00eez\u00ee\u2019nin F\u00e2t\u0131m\u00ee bayramlar\u0131yla ilgili yazd\u0131klar\u0131 bu konuda onlar\u0131n \u00f6nceli\u011fini teyit eder mahiyettedir (el-\u0126\u0131\u0167\u00e2\u0167, I, 490). Osmanl\u0131 d\u00f6neminde mevlid kandillerinde \u00e7e\u015fitli kutlama faaliyetleri icra edilirdi. \u0130bn\u00fc\u2019l-H\u00e2c gibi baz\u0131 fakihler, mevlid m\u00fcnasebetiyle yap\u0131lan e\u011flencelere ve israf oldu\u011fu gerek\u00e7esiyle \u00e7ok say\u0131da kandil yak\u0131lmas\u0131na kar\u015f\u0131 \u00e7\u0131km\u0131\u015ft\u0131r. S\u00fcy\u00fbt\u00ee, mevlid gecelerinde toplu halde Kur\u2019an okunmas\u0131n\u0131 ve Res\u00fbl-i Ekrem\u2019e dair sohbetlerin ard\u0131ndan yemek ikram edilmesini bid\u2018at-\u0131 hasene olarak g\u00f6rmektedir (\u0124\u00fcsn\u00fc\u2019l-ma\u0137\u015bid, s. 41; ayr\u0131ca bk. MEVL\u0130D)\u201d<a href=\"#_ftn1\" name=\"_ftnref1\">[1]<\/a><\/p>\n<p>An\u0131 bir kurgudur,\u00a0<a href=\"http:\/\/www.haber7.com\/etiket\/hak\">hak<\/a>ikatten iz ta\u015f\u0131r ama art\u0131k asla hakikatin kendisi de\u011fildir. Esas\u0131nda bir mana, bir\u00a0<a href=\"http:\/\/www.haber7.com\/etiket\/muhabbet\">muhabbet<\/a>, bir i\u015f i\u00e7in insanlar\u00a0\u2018<a href=\"http:\/\/www.haber7.com\/etiket\/anma+g%C3%BCn%C3%BC\">anma g\u00fcn\u00fc<\/a>\u2019\u00a0tertip etmeye ba\u015flam\u0131\u015flarsa o mana, o muhabbet, o eylem, o toplumda ger\u00e7ek manas\u0131n\u0131 yitirmeye ba\u015flam\u0131\u015ft\u0131r demektir.<a href=\"http:\/\/www.haber7.com\/etiket\/mevlit\">Mevlit<\/a>\u00a0<a href=\"http:\/\/www.haber7.com\/etiket\/kutlama\">kutlama<\/a>lar\u0131 \u00e7ok sonralar\u0131 Fat\u0131miler d\u00f6neminde ba\u015flam\u0131\u015ft\u0131r.\u00a0<a href=\"http:\/\/www.haber7.com\/etiket\/anadolu\">Anadolu<\/a>\u2019daki ilk kutlamalar ise Artuko\u011fullar\u0131 d\u00f6nemine denk gelir. Osmanl\u0131larda ise\u00a0<a href=\"http:\/\/www.haber7.com\/etiket\/%C4%B1%C4%B1%C4%B1.+murat\">III. Murat<\/a>\u00a0ile ba\u015flam\u0131\u015f. Bu gelenek daha sonra Cumhuriyet taraf\u0131ndan da tevar\u00fcs edilmi\u015f. Bug\u00fcn Diyanet bu i\u015f i\u00e7in ciddi b\u00fct\u00e7e ay\u0131r\u0131yor ve Peygamberimiz (as)\u2019i tan\u0131tmak maksad\u0131yla ciddi etkinliklere imza at\u0131yor.<\/p>\n<p>&nbsp;<\/p>\n<p>Elbette M\u00fcsl\u00fcman bir toplumda, \u00e2lemlere rahmet \u2013ger\u00e7i bu kavram da manas\u0131n\u0131 yitirmeye ba\u015flad\u0131; \u00e7\u00fcnk\u00fc \u00e7o\u011fu insan \u00e2lemlere rahmet kavram\u0131n\u0131n pratikte ne anlama geldi\u011fini bilmiyor- Peygamber\u2019in (as) sadece bir hafta aral\u0131\u011f\u0131nda an\u0131l\u0131r hale gelmi\u015f olmas\u0131 z\u00fcld\u00fcr, hazindir. \u00c7\u00fcnk\u00fc onu anmay\u0131 b\u0131rakm\u0131\u015f veya ihmal etmi\u015f, her g\u00fcn ekmek ve su kadar onun davran\u0131\u015f kal\u0131plar\u0131na (s\u00fcnnet) muhta\u00e7 oldu\u011funu unutmu\u015f M\u00fcsl\u00fcmanlar\u0131n, bir hafta oturup onun i\u00e7in a\u011f\u0131tlar veya naatlar d\u00fczmesi ciddi bir anlam ifade etmez.<\/p>\n<p>\u201cMevlid-i Nebi\u201d nin ana temas\u0131 Hz Muhammed&#8217;i anmak de\u011fil, anlamak olmal\u0131d\u0131r. Peygamber Efendimizi nas\u0131l kendi \u00e7a\u011f\u0131m\u0131za ve kendi gen\u00e7li\u011fimize ta\u015f\u0131mam\u0131z gerekir bunun \u00fczerinde yo\u011funla\u015fmal\u0131y\u0131z. Peygamber Efendimiz zihinsel ve bedensel hicretler ya\u015fam\u0131\u015ft\u0131r. Bu hicretler bizim i\u00e7in anlaml\u0131d\u0131r. Yani b\u00fct\u00fcn cahiliye anlay\u0131\u015flardan, b\u00fct\u00fcn kirliliklerden ve toplumdaki t\u00fcm hastal\u0131klardan Hz. Muhammed (sav) hem zihinsel hem de bedensel olarak hicret etmi\u015ftir. Peygamber Efendimiz gibi her birimiz insanlar\u0131 \u00e7evremizdeki insanlar\u0131 uyarabilmeliyiz. Dolay\u0131s\u0131yla bu uyar\u0131 sistemi i\u00e7in Kur&#8217;an-\u0131 Kerimden beslenmeliyiz. Kur&#8217;an-\u0131 Kerimi hakk\u0131yla okuyup beslenmesek biz yar\u0131nlarda \u00e7a\u011f\u0131m\u0131z\u0131n her t\u00fcrl\u00fc kirliliklerine kar\u015f\u0131 kendimizi koruyamay\u0131z.<\/p><div id=\"bghab-2629069170\" class=\"bghab-icerik-icine bghab-entity-placement\"><script async src=\"\/\/pagead2.googlesyndication.com\/pagead\/js\/adsbygoogle.js?client=ca-pub-6203283170189293\" crossorigin=\"anonymous\"><\/script><ins class=\"adsbygoogle\" style=\"display:block; text-align:center;\" data-ad-client=\"ca-pub-6203283170189293\" \ndata-ad-slot=\"7303146466\" \ndata-ad-layout=\"in-article\"\ndata-ad-format=\"fluid\" data-full-width-responsive=\"true\"><\/ins>\n<script> \n(adsbygoogle = window.adsbygoogle || []).push({}); \n<\/script>\n<\/div>\n<p>Ya\u015fayan Kur&#8217;an&#8221; olarak da adland\u0131r\u0131lan Hz. Peygamberin &#8220;en g\u00fczel \u00f6rnek&#8221;<a href=\"#_ftn2\" name=\"_ftnref2\">[2]<\/a>\u00a0oldu\u011funu, ona ittib\u00e2 edilmesi gerekti\u011fini haber veren Y\u00fcce Allah&#8217;t\u0131r.<a href=\"#_ftn3\" name=\"_ftnref3\">[3]<\/a>\u00a0Hal b\u00f6yleyken onu kendisine rehber edinmek isteyen insanlara d\u00fc\u015fen en \u00f6nemli vazife; onu l\u00e2y\u0131k-\u0131 vechile tan\u0131mak ve onun uygulamalar\u0131ndaki maksad\u0131 do\u011fru kavramakt\u0131r. Onun &#8220;bir insan peygamber&#8221;<a href=\"#_ftn4\" name=\"_ftnref4\">[4]<\/a>\u00a0oldu\u011fu ger\u00e7e\u011fini g\u00f6z ard\u0131 etmemektir. Onu a\u015f\u0131r\u0131 derecede y\u00fcceltmek suretiyle \u00f6rnek al\u0131nma konumundan uzakla\u015ft\u0131rmamakt\u0131r. B\u00fct\u00fcn insanl\u0131\u011f\u0131 onun getirdi\u011fi en b\u00fcy\u00fck mucize olan Kur&#8217;an-\u0131 Kerim&#8217;e \u00e7a\u011f\u0131rmakt\u0131r.<\/p>\n<p>&nbsp;<\/p>\n<p>D\u00fcnyan\u0131n bilgeli\u011fini, d\u00fczg\u00fcn bir hayat ya\u015famay\u0131 ve b\u00fct\u00fcn faziletleri kazanmak isteyen bir kimsenin \u00f6rne\u011fi Hz. Muhammed Mustafa&#8217;d\u0131r. O, hay\u0131rda en ileride olan, ahl\u00e2k\u0131 \u00f6v\u00fclen, faziletleri kendisinde toplayan ve her t\u00fcrl\u00fc kusurdan ar\u0131nm\u0131\u015f bulunan, b\u00fct\u00fcn insanl\u0131k i\u00e7in \u00f6rnek bir \u015fahsiyettir. Onu ger\u00e7ek anlamda seven ise onun ilkelerini hayat\u0131na tatbik eden, onun yolundan giden ve her y\u00f6n\u00fcyle onun gibi olmaya \u00e7al\u0131\u015fan kimsedir.<\/p>\n<p>&nbsp;<\/p>\n<p>Hz. Peygamberi daha do\u011fru tan\u0131yabilmemiz i\u00e7in onun baz\u0131 ki\u015filik \u00f6zelliklerini hat\u0131rlamam\u0131z yerinde olacakt\u0131r. \u015e\u00f6yle ki;<\/p>\n<p><strong>Hz. Muhammed (sav); hayat\u0131 boyunca sadece ger\u00e7e\u011fi s\u00f6ylemi\u015f ve s\u00f6ylediklerini de harfiyen ya\u015fam\u0131\u015ft\u0131r.<\/strong><\/p>\n<p>Hz. Muhammed (sav); daima tatl\u0131 dilli, g\u00fcler y\u00fczl\u00fc ve ho\u015fg\u00f6r\u00fcl\u00fc olmu\u015f, s\u00f6zlerinin sayg\u0131 ile dinlenilmesini sa\u011flam\u0131\u015ft\u0131r.<\/p><div id=\"bghab-1052966017\" class=\"bghab-icerik-icine-10-paragraf bghab-entity-placement\"><script async src=\"\/\/pagead2.googlesyndication.com\/pagead\/js\/adsbygoogle.js?client=ca-pub-6203283170189293\" crossorigin=\"anonymous\"><\/script><ins class=\"adsbygoogle\" style=\"display:block; text-align:center;\" data-ad-client=\"ca-pub-6203283170189293\" \ndata-ad-slot=\"7303146466\" \ndata-ad-layout=\"in-article\"\ndata-ad-format=\"fluid\" data-full-width-responsive=\"true\"><\/ins>\n<script> \n(adsbygoogle = window.adsbygoogle || []).push({}); \n<\/script>\n<\/div>\n<p><strong>Hz. Muhammed (sav); temizli\u011fe ve sadeli\u011fe \u00f6nem vermi\u015f, giyim ve ku\u015fam\u0131yla \u00e7evresindekilere \u00f6rnek olmu\u015ftur. L\u00fcks ve ihti\u015famdan ka\u00e7\u0131nm\u0131\u015f, g\u00f6steri\u015f yapmay\u0131 yasaklam\u0131\u015ft\u0131r.<\/strong><\/p>\n<p>Hz. Muhammed (sav); yeme\u011fe besmele ile ba\u015flam\u0131\u015f, sa\u011f elini kullanm\u0131\u015f ve t\u0131ka basa doymadan sofradan kalm\u0131\u015ft\u0131r. Yemekten \u00f6nce ve sonra ellerini y\u0131kam\u0131\u015f, sa\u011fl\u0131\u011fa zararl\u0131 \u015feyleri yiyip i\u00e7memi\u015ftir. Yemek yerken sofra adab\u0131na uymu\u015f ve etraf\u0131ndakileri de nezaketle uyarm\u0131\u015ft\u0131r.<\/p>\n<p><strong>Hz. Muhammed (sav); ge\u00e7ici s\u0131k\u0131nt\u0131lar\u0131 tasa etmemi\u015f, hayata daima ger\u00e7ek\u00e7i ve iyimser bir g\u00f6zle bak\u0131lmas\u0131n\u0131 \u00f6\u011f\u00fctlemi\u015f, her zaman Allah&#8217;a y\u00f6nelmeyi tavsiye etmi\u015ftir.<\/strong><\/p>\n<p>Hz. Muhammed (sav); insanlara kanaatkar olmay\u0131 \u00f6\u011fretmi\u015f, kimseyi incitmemi\u015f, kendisine d\u00fc\u015fmanl\u0131k edenlerin bile iyili\u011fini istemi\u015ftir. \u0130nsanlar\u0131n kusurlar\u0131n\u0131 y\u00fczlerine vurmam\u0131\u015f, isim vermeden tenkit etmi\u015ftir.<\/p>\n<p><strong>Hz. Muhammed (sav); s\u00fcrekli herkese iyilik yapm\u0131\u015f, a\u00e7l\u0131k s\u0131k\u0131nt\u0131s\u0131 \u00e7ekmi\u015f, Allah&#8217;\u0131n r\u0131zas\u0131n\u0131 kazanmak i\u00e7in b\u00fct\u00fcn \u00e7ilelere katlanm\u0131\u015f ama asla \u015fikayet etmemi\u015ftir.<\/strong><\/p><div id=\"bghab-36735811\" class=\"bghab-icerik-icine-15-paragraf bghab-entity-placement\"><script async src=\"\/\/pagead2.googlesyndication.com\/pagead\/js\/adsbygoogle.js?client=ca-pub-6203283170189293\" crossorigin=\"anonymous\"><\/script><ins class=\"adsbygoogle\" style=\"display:block; text-align:center;\" data-ad-client=\"ca-pub-6203283170189293\" \ndata-ad-slot=\"7303146466\" \ndata-ad-layout=\"in-article\"\ndata-ad-format=\"fluid\" data-full-width-responsive=\"true\"><\/ins>\n<script> \n(adsbygoogle = window.adsbygoogle || []).push({}); \n<\/script>\n<\/div>\n<p>Hz. Muhammed (sav); adaleti titizlikle korumu\u015f, insanlara makamlar\u0131na g\u00f6re muamele etmeyi do\u011fru bulmam\u0131\u015f, fakir, kimsesiz, hasta, \u00f6z\u00fcrl\u00fc ve yetimlere daha fazla ilgi g\u00f6stermi\u015ftir.<\/p>\n<p><strong>Hz. Muhammed (sav); kibirden nefret etmi\u015f, kimseye kar\u015f\u0131 b\u00fcy\u00fckl\u00fck taslamam\u0131\u015ft\u0131r. Ancak hakikati inkara \u015fartlanm\u0131\u015f olanlar kar\u015f\u0131s\u0131nda da asla ezilip b\u00fcz\u00fclmemi\u015f, hakk\u0131 ve do\u011fruyu sonuna kadar savunmu\u015f, hedeflerini bir bir ger\u00e7ekle\u015ftirmi\u015f ve asla \u00fcmitsizli\u011fe kap\u0131lmam\u0131\u015ft\u0131r.<\/strong><\/p>\n<p>Hz. Muhammed (sav); otoritesini zorlama tedbirlerle de\u011fil sevgiyle yerle\u015ftirmi\u015f, dalkavukluktan ve ya\u011fc\u0131l\u0131ktan da ho\u015flanmam\u0131\u015ft\u0131r.<\/p>\n<p><strong>Hz. Muhammed (sav); meclislerde bo\u015f buldu\u011fu yere oturmu\u015f, kendisinin a\u015f\u0131r\u0131 derecede y\u00fcceltilmesini asla onaylamam\u0131\u015ft\u0131r. O, hayatta iken Yah\u00fbd\u00ee ve H\u0131ristiyanlar\u0131n d\u00fc\u015ft\u00fc\u011f\u00fc bu yanl\u0131\u015f\u0131 g\u00f6rerek sah\u00e2b\u00eelerini \u00f6nceden uyarm\u0131\u015ft\u0131r.(5)<\/strong><\/p>\n<p>Hz. Muhammed (sav); halk\u0131n aras\u0131na kat\u0131lm\u0131\u015f, kom\u015fular\u0131n\u0131, dostlar\u0131n\u0131 ve hastalar\u0131 ziyaret etmi\u015f, M\u00fcsl\u00fcmanlar\u0131n ac\u0131 ve tatl\u0131 g\u00fcnlerini onlarla payla\u015fm\u0131\u015ft\u0131r.<\/p><div id=\"bghab-2951852816\" class=\"bghab-icerik-icine-20-paragraf bghab-entity-placement\"><script async src=\"\/\/pagead2.googlesyndication.com\/pagead\/js\/adsbygoogle.js?client=ca-pub-6203283170189293\" crossorigin=\"anonymous\"><\/script><ins class=\"adsbygoogle\" style=\"display:block; text-align:center;\" data-ad-client=\"ca-pub-6203283170189293\" \ndata-ad-slot=\"7303146466\" \ndata-ad-layout=\"in-article\"\ndata-ad-format=\"fluid\" data-full-width-responsive=\"true\"><\/ins>\n<script> \n(adsbygoogle = window.adsbygoogle || []).push({}); \n<\/script>\n<\/div>\n<p><strong>Hz. Muhammed (sav); kendisinin de di\u011fer insanlar gibi bir insan oldu\u011funu, sadece Allah&#8217;\u0131n korumas\u0131 ile hata ve g\u00fcnahtan kurtulabilece\u011fini, hi\u00e7bir kayg\u0131ya kap\u0131lmadan samimiyetle ifade etmi\u015ftir.<\/strong><\/p>\n<p>Hz. Muhammed (sav); e\u015flerine sayg\u0131 g\u00f6stermi\u015f, haklar\u0131na riayet etmi\u015f, gece ibadet etmek istedi\u011fi zaman bile e\u015finden izin alma inceli\u011fini g\u00f6stermi\u015ftir.<\/p>\n<p><strong>Hz. Muhammed (sav); aile bireyleri ile \u015fakala\u015fm\u0131\u015f, aile i\u00e7i tats\u0131zl\u0131klar\u0131 anlay\u0131\u015fla kar\u015f\u0131lam\u0131\u015f, kusurlar\u0131 affetmi\u015f, ikazlar\u0131n\u0131 incitmeden ve medenice yapm\u0131\u015ft\u0131r.<\/strong><\/p>\n<p>Hz. Muhammed (sav); bir \u00f6m\u00fcr boyu do\u011fruluk \u00e7izgisinden asla sapmam\u0131\u015ft\u0131r. \u0130yilik yolunda sebat g\u00f6stermi\u015f, s\u0131k s\u0131k t\u00f6vbe ve isti\u011ffar yapm\u0131\u015f, ahlak\u0131n\u0131 g\u00fczelle\u015ftirmesi i\u00e7in Allah&#8217;a bolca dua etmi\u015ftir.<\/p>\n<p><strong>Hz. Muhammed (sav); b\u00fct\u00fcn \u00f6mr\u00fc boyunca erdemli bir hayat ya\u015famaya kendini adad\u0131\u011f\u0131 i\u00e7in insanlar\u0131n en se\u00e7kini olmu\u015f, Y\u00fcce Allah taraf\u0131ndan da &#8220;en g\u00fczel \u00f6rnek&#8221; olarak takdim edilmi\u015ftir.<\/strong><\/p><div id=\"bghab-3205122123\" class=\"bghab-icerik-icine-25-paragraf bghab-entity-placement\"><script async src=\"\/\/pagead2.googlesyndication.com\/pagead\/js\/adsbygoogle.js?client=ca-pub-6203283170189293\" crossorigin=\"anonymous\"><\/script><ins class=\"adsbygoogle\" style=\"display:block; text-align:center;\" data-ad-client=\"ca-pub-6203283170189293\" \ndata-ad-slot=\"7303146466\" \ndata-ad-layout=\"in-article\"\ndata-ad-format=\"fluid\" data-full-width-responsive=\"true\"><\/ins>\n<script> \n(adsbygoogle = window.adsbygoogle || []).push({}); \n<\/script>\n<\/div>\n<p>Hz. Muhammed (sav); inanmad\u0131\u011f\u0131 ve ya\u015famad\u0131\u011f\u0131 hi\u00e7bir \u015feyi s\u00f6ylememi\u015ftir. Onun kendisiyle \u00e7eli\u015fti\u011fi tek bir \u00f6rne\u011fe rastlanmam\u0131\u015ft\u0131r. D\u00fc\u015fmanlar\u0131 bile onun bu hakk\u0131n\u0131 teslim etmi\u015flerdir.<\/p>\n<p><strong>Hz. Muhammed (sav); insanl\u0131\u011fa evrensel ahlak ilkelerini getirmi\u015f, herkesin sorunlar\u0131yla i\u00e7tenlikle ilgilenmi\u015f, kendisine k\u00fcstah\u00e7a davrananlara bile insanca muamele etmi\u015ftir.<\/strong><\/p>\n<p>Hz. Muhammed (sav); \u0130slam&#8217;a davet etti\u011fi insanlara ahiret kurtulu\u015fundan ba\u015fka hi\u00e7bir pe\u015fin \u00e7\u0131kar vaad etmemi\u015ftir. Aksine bu yolun uzun, \u00e7etin ve \u00e7ileli oldu\u011funu \u00f6nceden haber vermi\u015ftir.<\/p>\n<p><strong>Hz. Muhammed (sav); sayg\u0131nl\u0131\u011f\u0131n\u0131 zor kullanarak de\u011fil, getirdi\u011fi il\u00e2h\u00ee prensipler do\u011frultusunda ya\u015fad\u0131\u011f\u0131 erdemli bir hayat sonucu kazanm\u0131\u015ft\u0131r. Onu sevenler de g\u00f6n\u00fclden sevmi\u015flerdir.<\/strong><\/p>\n<p>Hz. Muhammed (sav); her f\u0131rsatta al\u00e7ak g\u00f6n\u00fcll\u00fc, kinden uzak, ba\u011f\u0131\u015flay\u0131c\u0131 ve \u00fcst\u00fcn bir cesaret sahibi oldu\u011funu g\u00f6stermi\u015ftir.<\/p><div id=\"bghab-3376055601\" class=\"bghab-icerik-icine-30-paragraf bghab-entity-placement\"><script async src=\"\/\/pagead2.googlesyndication.com\/pagead\/js\/adsbygoogle.js?client=ca-pub-6203283170189293\" crossorigin=\"anonymous\"><\/script><ins class=\"adsbygoogle\" style=\"display:block; text-align:center;\" data-ad-client=\"ca-pub-6203283170189293\" \ndata-ad-slot=\"7303146466\" \ndata-ad-layout=\"in-article\"\ndata-ad-format=\"fluid\" data-full-width-responsive=\"true\"><\/ins>\n<script> \n(adsbygoogle = window.adsbygoogle || []).push({}); \n<\/script>\n<\/div>\n<p>&nbsp;<\/p>\n<p>\u201cAlt\u0131n ve g\u00fcm\u00fc\u015f biriktirmek, servet istiflemek, ba\u015fkas\u0131n\u0131n ihtiyac\u0131 varken saklamak, kendisine ait olmayan\u0131 almak ve hele hele kendisi i\u00e7in ter d\u00f6kmedi\u011fi bir lokmaya tenezz\u00fcl etmek asla Muhammed\u00ee bir tav\u0131r de\u011fildir. Bunlar\u0131 yapan da onun hakiki \u00fcmmeti olamaz. Bir insan\u0131n y\u00fcre\u011findeki Hz. Muhammed (as) sevgisi tebei\/y\u00fczeysel de\u011filse, aldatamaz. De\u011fil insanlar\u0131, hayvanlar\u0131 dahi aldatmaya yana\u015famaz. \u015euna g\u00f6re buna g\u00f6re davranamaz. Onun her hareketi tahmin edilebilirdir. Bir insan\u0131n \u2013sava\u015flardaki hile hari\u00e7- ne zaman ne yapaca\u011f\u0131 tahmin edilemiyorsa, en ufak \u00e7\u0131kar\u0131 i\u00e7in aldatmay\u0131 g\u00f6ze alabiliyorsa, milletin mal\u0131n\u0131 kendi \u015fahsi serveti yapmak i\u00e7in her daim bir gerek\u00e7e bulabiliyorsa, \u00fcmmetin ekseriyeti a\u00e7 ve b\u00eeila\u00e7ken o rahat d\u00f6\u015fe\u011finde s\u0131k\u0131nt\u0131 \u00e7ekiyor ve bu s\u0131k\u0131nt\u0131s\u0131n\u0131 da\u011f\u0131tmak i\u00e7in yery\u00fcz\u00fcn\u00fc bir cennete d\u00f6n\u00fc\u015ft\u00fcr\u00fcyorsa,\u00a0<strong>\u2018buldu\u011fu\u2019<\/strong>\u00a0paralar\u0131 istifliyorsa, yan\u0131nda \u00e7al\u0131\u015ft\u0131rd\u0131\u011f\u0131 i\u015f\u00e7iyi k\u00f6lesi haline getiriyorsa, onu insanl\u0131\u011f\u0131ndan mahrum edecek bir ge\u00e7im d\u00fczeyine mahk\u00fbm ediyorsa, elinin alt\u0131nda \u00e7al\u0131\u015fanlar\u0131n hak ve\u00a0<a href=\"http:\/\/www.haber7.com\/etiket\/hukuk\">hukuk<\/a>una kar\u015f\u0131 kendisini \u2018<a href=\"http:\/\/www.haber7.com\/etiket\/allah\"><strong>Allah<\/strong><\/a><strong>\u2019\u0131n ahbab\u0131\u2019<\/strong>\u00a0(!) gibi sorgulanmaz zannediyorsa, insanlar\u0131n eme\u011fine sayg\u0131 duymuyorsa, inanlar\u0131n y\u00fcre\u011findeki\u00a0<strong>\u2018Allah\u2019\u0131n r\u0131zas\u0131\u2019\u00a0<\/strong>fikrini, onlar\u0131 s\u00f6\u011f\u00fc\u015flemenin arac\u0131s\u0131 yap\u0131yor ve o masum insanlar\u0131 para toplama a\u011fac\u0131 san\u0131yorsa, \u00a0onun y\u00fcre\u011findeki\u00a0<strong>\u2018Muhammed\u2019<\/strong>, muhabbetin asl\u0131 ve kayna\u011f\u0131 olan Muhammed Mustafa (as) de\u011fildir.<\/p>\n<p>Ne kadar dindar g\u00f6r\u00fcnse bile Hz. Muhammed\u2019e (as)\u00a0 ittiba etmi\u015f de de\u011fildir. Ona ittiba etmemi\u015fse inanm\u0131\u015f da say\u0131lmaz. \u00c7\u00fcnk\u00fc Allah kendisini sevme \u015fart\u0131n\u0131 ona uymaya ba\u011flam\u0131\u015ft\u0131r. (Ali \u0130mran, 31)\u00a0<strong>Hz. Muhammed\u2019e<\/strong>\u00a0(as) uymayan, Allah\u2019\u0131 da sevmiyordur.\u201d\u00a0<a href=\"#_ftn5\" name=\"_ftnref5\">[5]<\/a><\/p>\n<p>Prof.Dr.S\u00f6nmez KUTLU <a href=\"#_ftn6\" name=\"_ftnref6\">[6]<\/a>\u201cHz. Peygamber\u2019in be\u015fer\u00eeli\u011fi, \u00f6rnek al\u0131nabilmesi i\u00e7in son derece \u00f6nemlidir. \u0130nsan \u00fcst\u00fc vas\u0131flara sahip birisi veya bir melek peygamber olarak g\u00f6nderilseydi, dini hayat i\u00e7in \u00f6rnek al\u0131nmas\u0131 m\u00fcmk\u00fcn olmazd\u0131. O zaman insanlar, farkl\u0131 varl\u0131k d\u00fczeyine sahip birisine ba\u011flanmaya ve onu \u00f6rnek edinmeye hakl\u0131 olarak itiraz edebilirdi. Zaten insan \u00fcst\u00fc bir varl\u0131\u011f\u0131, insanlara \u00f6rnek ve el\u00e7i olarak g\u00f6ndermek Allah\u2019\u0131n adaletine ba\u011fda\u015fmaz. \u00c7\u00fcnk\u00fc insan olmayan birisinden yapmas\u0131n\u0131 istediklerini insanlardan istemek adaletsizlik olur. Kur\u2019an\u2019da \u201csizden birisini size resul olarak g\u00f6nderdik\u201d<a href=\"#_ftn7\" name=\"_ftnref7\">[7]<\/a>\u00a0denmesi bunun i\u00e7indir.\u00a0\u00a0Bu durumda Hz. Peygamber, model olu\u015fturma anlam\u0131nda ittiba (uyma, takip etme, rol model) edilecek bir \u00f6rnek olabilir. Aksi takdirde her hareketi tekrarlanan anlam\u0131nda taklid edilecek ve her \u015feyiyle kendisine benzenilen anlam\u0131nda te\u015fbih edilecek birisi olurdu. Halbuki Hz. Peygamber\u2019in as\u0131l \u00f6rnekli\u011fi, sureten de\u011fil s\u00eeretendir.<\/p>\n<p>&nbsp;<\/p>\n<p>Hz. Peygamber\u2019i ve \u0130slam\u2019\u0131 do\u011fru anlayabilmek i\u00e7in, \u0130slam\u2019\u0131n tarihiyle M\u00fcsl\u00fcmanlar\u0131n tarihini ayr\u0131 ayr\u0131 de\u011ferlendirmek gerekmektedir. \u00c7\u00fcnk\u00fc \u0130slam\u2019\u0131n tarihi, benim kanaatime g\u00f6re vahin ba\u015flad\u0131\u011f\u0131 ve bitti\u011fi\u00a0\u00a0d\u00f6nemini kapsamaktad\u0131r. Burada savunulamayacak, insanl\u0131\u011fa ve insani tabiata ters d\u00fc\u015febilecek bir fikir ve uygulama yoktur. Ama M\u00fcsl\u00fcmanlar\u0131n tarihinde \u0130slam\u2019\u0131n genel doktrinine ters d\u00fc\u015fen unsurlar ve olumsuz \u00f6rnekler bulunabilir. Biz \u0130slam\u2019\u0131 ve Hz. Muhammed\u2019i bilimsel verilerin \u0131\u015f\u0131\u011f\u0131nda ve bilimsel y\u00f6ntemlerle yeniden okumak zorunday\u0131z.\u201d diyerek Hz. Peygamberi anlama yol ve y\u00f6ntemine i\u015faret ediyor.<\/p>\n<p>&nbsp;<\/p>\n<p><strong>Sonu\u00e7 olarak;<\/strong> \u00a0ahiret g\u00fczelliklerini, d\u00fcnyan\u0131n bilgeli\u011fini, d\u00fczg\u00fcn bir hayat ya\u015famay\u0131 ve b\u00fct\u00fcn faziletleri kazanmak isteyen bir kimsenin \u00f6rne\u011fi Hz. Muhammed Mustafa&#8217;d\u0131r. O, hay\u0131rda en ileride olan, ahl\u00e2k\u0131 \u00f6v\u00fclen, faziletleri kendisinde toplayan ve her t\u00fcrl\u00fc kusurdan ar\u0131nm\u0131\u015f bulunan, b\u00fct\u00fcn insanl\u0131k i\u00e7in \u00f6rnek bir \u015fahsiyettir. Onu ger\u00e7ek anlamda seven ise, onun ilkelerini hayat\u0131na tatbik eden, onun yolundan giden ve her y\u00f6n\u00fcyle onun gibi olmaya \u00e7al\u0131\u015fan kimsedir.<\/p><div id=\"bghab-3798073842\" class=\"bghab-icerik-icine-35-paragraf bghab-entity-placement\"><script async src=\"\/\/pagead2.googlesyndication.com\/pagead\/js\/adsbygoogle.js?client=ca-pub-6203283170189293\" crossorigin=\"anonymous\"><\/script><ins class=\"adsbygoogle\" style=\"display:block; text-align:center;\" data-ad-client=\"ca-pub-6203283170189293\" \ndata-ad-slot=\"7303146466\" \ndata-ad-layout=\"in-article\"\ndata-ad-format=\"fluid\" data-full-width-responsive=\"true\"><\/ins>\n<script> \n(adsbygoogle = window.adsbygoogle || []).push({}); \n<\/script>\n<\/div>\n<p>&nbsp;<\/p>\n<p>Alemlere rahmet olarak g\u00f6nderilen Peygamber Efendimiz Hz.Muhammed (sav)&#8217;in do\u011fdu\u011fu gece olan m\u00fcbarek Mevlid Kandili&#8217;nin \u00fclkemiz ve t\u00fcm \u0130slam alemi i\u00e7in hay\u0131rlara vesile olmas\u0131n\u0131 dilerim.<\/p>\n<p>&nbsp;<\/p>\n<p><a href=\"#_ftnref1\" name=\"_ftn1\">[1]<\/a> Diyanet \u0130slam Ansiklopedisi, <strong>cilt: 24; sayfa: 301<\/strong>[KAND\u0130L &#8211; Nebi Bozkurt]<\/p>\n<p><a href=\"#_ftnref2\" name=\"_ftn2\">[2]<\/a> Ahz\u00e2b, 33\/21. \u201cGer\u00e7ek \u015fu ki, Allah\u00b4\u0131 ve ahiret g\u00fcn\u00fcn\u00fc (korku ve umutla) bekleyen ve O\u00b4nu her daim anan kimseler i\u00e7in Allah\u00b4\u0131n el\u00e7isi g\u00fczel bir \u00f6rnek te\u015fkil eder.\u201d<\/p>\n<p><a href=\"#_ftnref3\" name=\"_ftn3\">[3]<\/a> \u00c2l-i \u0130mr\u00e2n, 3\/31. \u201cDe ki (ey Peygamber): E\u011fer ger\u00e7ekten Allah\u00b4\u0131 seviyorsan\u0131z bana tab\u00ee olun ki Allah da sizi sevsin ve g\u00fcnahlar\u0131n\u0131z\u0131 affetsin; zira Allah \u00e7ok affedicidir, rahmet kayna\u011f\u0131d\u0131r.\u201d<\/p>\n<p><a href=\"#_ftnref4\" name=\"_ftn4\">[4]<\/a> Kehf, 18\/110. \u201cDe ki: Ben de sizin gibi \u00f6l\u00fcml\u00fc bir insan\u0131m. Tanr\u0131n\u0131z\u0131n bir ve tek Tanr\u0131 oldu\u011fu vahyolundu bana. \u00d6yleyse, art\u0131k her kim Rabbine kavu\u015fmay\u0131 umuyorsa, d\u00fcr\u00fcst ve erdemli davran\u0131\u015flar ortaya koysun ve Rabbine \u00f6zg\u00fc kullukta hi\u00e7 kimseyi, hi\u00e7bir \u015feyi (O\u00b4na) ortak ko\u015fmas\u0131n!\u201d; Fussilet, 41\/6. \u201c(Ey Muhammed) de ki: \u201cBen de ancak sizin gibi \u00f6l\u00fcml\u00fc bir insan\u0131m. Bana Tanr\u0131n\u0131z\u0131n tek Tanr\u0131 oldu\u011fu vahyedilmi\u015ftir. \u00d6yleyse O\u00b4na y\u00f6nelin ve O\u00b4ndan ba\u011f\u0131\u015flanma dileyin!\u201d<\/p><div id=\"bghab-473079249\" class=\"bghab-icerik-icine-40-paragraf bghab-entity-placement\"><script async src=\"\/\/pagead2.googlesyndication.com\/pagead\/js\/adsbygoogle.js?client=ca-pub-6203283170189293\" crossorigin=\"anonymous\"><\/script><ins class=\"adsbygoogle\" style=\"display:block; text-align:center;\" data-ad-client=\"ca-pub-6203283170189293\" \ndata-ad-slot=\"7303146466\" \ndata-ad-layout=\"in-article\"\ndata-ad-format=\"fluid\" data-full-width-responsive=\"true\"><\/ins>\n<script> \n(adsbygoogle = window.adsbygoogle || []).push({}); \n<\/script>\n<\/div>\n<p>&nbsp;<\/p>\n<p><a href=\"#_ftnref5\" name=\"_ftn5\">[5]<\/a><\/p>\n<p><a href=\"#_ftnref6\" name=\"_ftn6\">[6]<\/a> Hz. Peygamber\u2019i Anlayabilmede Tarihsel Muhammed \u0130le Menkabev\u00ee Muhammed\u2019i Birbirinden Ay\u0131rman\u0131n \u00d6nemi, http:\/\/www.sonmezkutlu.net\/<\/p>\n<p><a href=\"#_ftnref7\" name=\"_ftn7\">[7]<\/a> Bakara, 2\/151.<\/p>\n<div id=\"bghab-1349042690\" class=\"bghab-yazi-altinda bghab-entity-placement\"><script async src=\"https:\/\/pagead2.googlesyndication.com\/pagead\/js\/adsbygoogle.js\"><\/script>\r\n<!-- bghaber-yaz\u0131-sonu -->\r\n<ins class=\"adsbygoogle\"\r\n     style=\"display:block\"\r\n     data-ad-client=\"ca-pub-6203283170189293\"\r\n     data-ad-slot=\"4222328180\"\r\n     data-ad-format=\"auto\"\r\n     data-full-width-responsive=\"true\"><\/ins>\r\n<script>\r\n     (adsbygoogle = window.adsbygoogle || []).push({});\r\n<\/script><\/div><br style=\"clear: both; display: block; float: none;\"\/>","protected":false},"excerpt":{"rendered":"<p>Yazan:\u00a0Nevzat \u00d6ZT\u00dcRK, \u0130lahiyat\u00e7\u0131, E\u011fitimci Yazar \u201cMevlid kandili Hz. Peygamber\u2019in do\u011fumu m\u00fcnasebetiyle kutlan\u0131r. Mevlid kutlamalar\u0131n\u0131 ilk ihdas eden zat\u0131n Erbil Atabegi Muzaffer\u00fcddin K\u00f6kb\u00f6ri (\u00f6. 629\/1232) oldu\u011fu<\/p>\n","protected":false},"author":13,"featured_media":31811,"comment_status":"closed","ping_status":"closed","sticky":false,"template":"","format":"standard","meta":{"advanced_seo_description":"","jetpack_seo_html_title":"","jetpack_seo_noindex":false,"jetpack_seo_schema_type":"","_jetpack_newsletter_access":"","_jetpack_dont_email_post_to_subs":false,"_jetpack_newsletter_tier_id":0,"_jetpack_memberships_contains_paywalled_content":false,"_jetpack_feature_clip_id":0,"_jetpack_memberships_contains_paid_content":false,"footnotes":"","jetpack_post_was_ever_published":false},"categories":[6],"tags":[],"class_list":["post-32946","post","type-post","status-publish","format-standard","has-post-thumbnail","hentry","category-yorum"],"jetpack_sharing_enabled":true,"jetpack_likes_enabled":true,"jetpack-related-posts":[],"jetpack_shortlink":"https:\/\/wp.me\/pc2PfJ-8zo","jetpack_featured_media_url":"https:\/\/i0.wp.com\/www.bghaber.org\/bghaber\/wp-content\/uploads\/2018\/07\/nevzat-hoca-r.jpg?fit=640%2C640&ssl=1","_links":{"self":[{"href":"https:\/\/www.bghaber.org\/bghaber\/wp-json\/wp\/v2\/posts\/32946","targetHints":{"allow":["GET"]}}],"collection":[{"href":"https:\/\/www.bghaber.org\/bghaber\/wp-json\/wp\/v2\/posts"}],"about":[{"href":"https:\/\/www.bghaber.org\/bghaber\/wp-json\/wp\/v2\/types\/post"}],"author":[{"embeddable":true,"href":"https:\/\/www.bghaber.org\/bghaber\/wp-json\/wp\/v2\/users\/13"}],"replies":[{"embeddable":true,"href":"https:\/\/www.bghaber.org\/bghaber\/wp-json\/wp\/v2\/comments?post=32946"}],"version-history":[{"count":0,"href":"https:\/\/www.bghaber.org\/bghaber\/wp-json\/wp\/v2\/posts\/32946\/revisions"}],"wp:featuredmedia":[{"embeddable":true,"href":"https:\/\/www.bghaber.org\/bghaber\/wp-json\/wp\/v2\/media\/31811"}],"wp:attachment":[{"href":"https:\/\/www.bghaber.org\/bghaber\/wp-json\/wp\/v2\/media?parent=32946"}],"wp:term":[{"taxonomy":"category","embeddable":true,"href":"https:\/\/www.bghaber.org\/bghaber\/wp-json\/wp\/v2\/categories?post=32946"},{"taxonomy":"post_tag","embeddable":true,"href":"https:\/\/www.bghaber.org\/bghaber\/wp-json\/wp\/v2\/tags?post=32946"}],"curies":[{"name":"wp","href":"https:\/\/api.w.org\/{rel}","templated":true}]}}