{"id":32941,"date":"2018-11-20T00:38:15","date_gmt":"2018-11-19T21:38:15","guid":{"rendered":"http:\/\/www.bghaber.org\/bghaber\/?p=32941"},"modified":"2019-04-26T01:18:04","modified_gmt":"2019-04-25T22:18:04","slug":"kesin-istek-istifa","status":"publish","type":"post","link":"https:\/\/www.bghaber.org\/bghaber\/kesin-istek-istifa\/","title":{"rendered":"Kesin istek: \u0130stifa!"},"content":{"rendered":"<p><strong>Tarih: 19 Kas\u0131m 2018<\/strong><\/p>\n<p><strong>Yazan: Raziye \u00c7ak\u0131r ULUT\u00dcRK<\/strong><\/p>\n<p><strong>Konu:<\/strong> <strong>Hafta protesto g\u00f6sterileriyle ba\u015flad\u0131. Kesin \u0130stek \u0130stifa!<\/strong><\/p>\n<p><strong>Kuskus mu, Tarhana m\u0131?<\/strong><\/p>\n<p>Bulgaristan\u2019da \u00e7ar\u015f\u0131-pazar ve marketlerde tarhana sat\u0131lmaz. Son y\u0131llarda ya\u011fmurdan sonra mantar gibi biten T\u00fcrk ve Arap lokantalar\u0131nda da sunulmaz. Yerli T\u00fcrklerin olmazsa olmaz k\u0131\u015f yiyece\u011fi kavurmal\u0131 tarhanad\u0131r. S\u00fctten, yo\u011furttan ve sebzeden olan\u0131, hele domateslisi makbuld\u00fcr. Yaz g\u00fcne\u015fi g\u00f6rm\u00fc\u015f sebzelerin hepsi i\u00e7indedir. 600 y\u0131l birlikte ya\u015fam\u0131\u015f olsak da, Bulgar tarhana tad\u0131n\u0131 aram\u0131yor. Al\u0131\u015famam\u0131\u015f besbelli.<\/p><div id=\"bghab-3903760857\" class=\"bghab-icerik-icine bghab-entity-placement\"><script async src=\"\/\/pagead2.googlesyndication.com\/pagead\/js\/adsbygoogle.js?client=ca-pub-6203283170189293\" crossorigin=\"anonymous\"><\/script><ins class=\"adsbygoogle\" style=\"display:block; text-align:center;\" data-ad-client=\"ca-pub-6203283170189293\" \ndata-ad-slot=\"7303146466\" \ndata-ad-layout=\"in-article\"\ndata-ad-format=\"fluid\" data-full-width-responsive=\"true\"><\/ins>\n<script> \n(adsbygoogle = window.adsbygoogle || []).push({}); \n<\/script>\n<\/div>\n<p>\u201c<strong>Kaufland<\/strong>\u201d AVM zinciri T\u00fcrk \u00e7ay\u0131 ve \u201c<strong>Mehmet Efendi Kahvesi<\/strong>\u201d ile birlikte T\u00fcrkiye tarhanas\u0131n\u0131n domatesli-biberlisini Bulgar tezgah\u0131na koydu. Ne ki \u00fcr\u00fcn paketi tarhanan\u0131n vitamin deposu oldu\u011funu, aromas\u0131n\u0131 ve di\u011fer \u00f6zelliklerini anlatam\u0131yor gibi. \u00dcst\u00fcne \u00fcstelik S\u0131rbistan\u2019dan gelen \u201c<strong>kuskus<\/strong>\u201d paketlerinin \u00fcst\u00fcne hemen TARHANA yazm\u0131\u015flar ve paketi yar\u0131m leva gibi paras\u0131zdan ucuza sunuldu\u011fu i\u00e7in bir kar\u0131\u015f\u0131kl\u0131k ya\u015fan\u0131yor.<\/p>\n<p>Bulgaristan\u2019da kafa kar\u0131\u015ft\u0131ran olaylar bir de\u011fil be\u015f de\u011fil. Hafta ba\u015f\u0131nda b\u00fct\u00fcn s\u0131n\u0131r kap\u0131lar\u0131n\u0131 kilitleyen, \u201cHain Bo\u011faz\u201d (Republika) adl\u0131 Koca Balkan ge\u00e7idini kapatan, Haskovo, Filibe (Plovdiv) Blogoevgrad, Burgas, Veliko T\u0131rnovo ve Varna g\u00f6sterileri sabah sat 8\u2019de ba\u015flad\u0131 ve saat 19\u2019a kadar karda k\u0131\u015fta devam etti. Bir\u00e7ok yerde jandarma ve polisle \u00e7at\u0131\u015fma ya\u015fand\u0131.<\/p>\n<p>Bug\u00fcn anla\u015f\u0131labildi\u011fine g\u00f6re milli protesto eylemlerinin ana slogan\u0131 Borisov h\u00fck\u00fcmetinin k\u00fcstahl\u0131\u011f\u0131na, y\u00fczs\u00fczl\u00fc\u011f\u00fcne ve utanmazl\u0131\u011f\u0131na kar\u015f\u0131 kararl\u0131 m\u00fccadeledir. Hedef, h\u00fck\u00fcmetin istifaya zorlanmas\u0131, Ba\u015fbakan Boyko Borisov\u2019un s\u00f6z\u00fcm ona \u201c<strong>yurtseverler<\/strong>\u201d dedi\u011fi g\u00fc\u00e7lerin bakanlar kurulundan ve t\u00fcm bakanl\u0131klardan kovulmas\u0131 ve haklar\u0131nda soru\u015fturma a\u00e7\u0131lmas\u0131d\u0131r. G\u00f6stericiler bakanl\u0131klardan d\u0131\u015flananlar\u0131n meclise d\u00f6nmesine de yol vermek istemiyor. Pazartesi g\u00fcn meclisi ku\u015fatan ve ak\u015fam saatlerinde Bakanlar Kurulu \u00f6n\u00fcnde toplanan protestocular\u0131n ta\u015f\u0131d\u0131\u011f\u0131 pankartta <strong>\u201cHALK S\u0130YAS\u0130 PART\u0130LERE KAR\u015eIDIR!\u201d<\/strong> yaz\u0131yordu. Blogoevgrad \u015fehrindeki g\u00f6sterilere kat\u0131lan gen\u00e7ler ve \u00fcniversitelilerin y\u00fcr\u00fcy\u00fc\u015f\u00fc parti ofisleri ile belediye binas\u0131n\u0131n bulundu\u011fu meydanda da\u011f\u0131ld\u0131. Makedon vatanda\u015flar\u0131n kat\u0131ld\u0131\u011f\u0131 g\u00f6steri Bulgaristan\u2019da siyasi partiye ihtiya\u00e7 olmad\u0131\u011f\u0131 konusunda uzla\u015fm\u0131\u015ft\u0131r. Onlar, Ba\u015fkanl\u0131k sistemi istiyorlar. Ba\u015fbakan Borisov\u2019un \u00fclke y\u00f6netimini diktat\u00f6rl\u00fc\u011fe g\u00f6t\u00fcrd\u00fc\u011f\u00fcne i\u015faret ediyorlar. Meclisteki ya\u015fl\u0131lar\u0131n hepsinin kom\u00fcnist ge\u00e7mi\u015fi oldu\u011funu belirtiyorlar.<\/p>\n<p>Filibe sokaklar\u0131nda dola\u015fan bayrakl\u0131 otomobiller protesto alay\u0131 olu\u015fturdular ve hoparl\u00f6rlerden \u201c<strong>\u0130stifa<\/strong>!\u201d hayk\u0131r\u0131\u015flar\u0131 dinmedi.<\/p>\n<p>Burgaz kentinde g\u00fcn boyu aras\u0131z s\u00fcren mitinglerde konu\u015fanlar dernek ba\u015fkanlar\u0131 ve sendikac\u0131lard\u0131. Onlar bir yandan vatan\u0131m\u0131z\u0131n Rus \u201cturist aileler\u201d taraf\u0131ndan istila edilmesini k\u0131narken, ya\u015fam standard\u0131n\u0131n y\u00fckseltilmesini, emekli maa\u015flar\u0131n\u0131n yeniden hesaplanmas\u0131n\u0131 ve temel g\u0131da fiyatlar\u0131n\u0131n ucuzlat\u0131lmas\u0131n\u0131 istediler. \u201c<strong>\u0130stifa!<\/strong>\u201d hayk\u0131r\u0131\u015flar\u0131 ve d\u00fcd\u00fck sesleriyle y\u00fcr\u00fcyenler polisle kap\u0131\u015ft\u0131, yol kapatt\u0131, benzin ve motorin fiyatlar\u0131n\u0131n ucuzlat\u0131lmas\u0131n\u0131 ve Bulgar akaryak\u0131t kartelinin da\u011f\u0131t\u0131lmas\u0131n\u0131 talep ettiler.<\/p><div id=\"bghab-3533424558\" class=\"bghab-icerik-icine-10-paragraf bghab-entity-placement\"><script async src=\"\/\/pagead2.googlesyndication.com\/pagead\/js\/adsbygoogle.js?client=ca-pub-6203283170189293\" crossorigin=\"anonymous\"><\/script><ins class=\"adsbygoogle\" style=\"display:block; text-align:center;\" data-ad-client=\"ca-pub-6203283170189293\" \ndata-ad-slot=\"7303146466\" \ndata-ad-layout=\"in-article\"\ndata-ad-format=\"fluid\" data-full-width-responsive=\"true\"><\/ins>\n<script> \n(adsbygoogle = window.adsbygoogle || []).push({}); \n<\/script>\n<\/div>\n<p><strong>HALK \u015e\u0130MD\u0130K\u0130 S\u0130YAS\u0130 PART\u0130LERE KAR\u015eIDIR<\/strong>! Slogan\u0131 ilk kez sokak ve meydanlarda ta\u015f\u0131n\u0131rken, \u201c<strong>Siyasi sistemin hemen de\u011fi\u015ftirilmesini istiyoruz<\/strong>!\u201d \u015fiar\u0131na 1990\u2019da rastlam\u0131\u015ft\u0131.<\/p>\n<p>Siyasi sistemin de\u011fi\u015ftirilmesi ilk kez 1990\u2019da Demokratik G\u00fc\u00e7ler Birli\u011fi taraf\u0131ndan y\u00fckseltilmi\u015fti. Kom\u00fcnist sistemin parlamenter demokrasiyle de\u011fi\u015ftirilmesi istenmi\u015fti. 1991 Anayasas\u0131yla bu oldu, fakat parlamentoya \u00e7\u00f6reklenenler kom\u00fcnist-totaliter zihniyetli kadrolar 28 y\u0131ldan beri sandalyelerden kopar\u0131lam\u0131yorlar.<\/p>\n<p>Bir \u00f6rnek vereyim. \u00dc\u00e7\u00fcnc\u00fc ku\u015fak ka\u015farl\u0131 kom\u00fcnist Gergi Pirinski 1990\u2019dan beri yani 28 y\u0131ld\u0131r BSP milletvekilidir. Meclis i\u00e7inde 86 kom\u00fcnist istihbarat\u00e7\u0131 var. \u00c7i\u015fini torbaya yapan fa\u015fist kodamanlar\u0131n yayd\u0131\u011f\u0131 kokular burun dire\u011fi k\u0131r\u0131yor. Selamla\u015fmayanlar\u0131n yaratt\u0131\u011f\u0131 gerginlik herkesi bo\u011fuyor.<\/p>\n<p><strong>Ne var ki tarih olan y\u0131llarda kom\u00fcnist totaliter ceset kald\u0131r\u0131lamad\u0131.<\/strong><\/p>\n<p>\u201c<strong>Siyasi partilerin da\u011f\u0131lmas\u0131<\/strong>!\u201d slogan\u0131 Cumhurba\u015fkanl\u0131\u011f\u0131nda yaz\u0131lm\u0131\u015fa benziyor. Olay\u0131n ters tepmesinden korkanlar kalabal\u0131k. Siyasi partiler iyi k\u00f6t\u00fc ne de olsa demokrasi sembol\u00fcd\u00fcr yani \u015f\u00f6yle b\u00f6yle de olsa oy verenleri temsil ediyorlar. Bu g\u00f6steriler oy verenlerle se\u00e7ilenler aras\u0131ndaki ba\u011flar\u0131n tamamen kopmu\u015f olmas\u0131ndan f\u0131\u015fk\u0131rd\u0131. Halk iktidar\u0131 hi\u00e7bir surette kontrol edemiyor. Bug\u00fcn Ba\u015fbakan Borisov, son 5 y\u0131lda yabanc\u0131lara verilen pasaportlar\u0131n hepsinin toplanmas\u0131n\u0131 ve kontrol edilmesini istedi. 138 bin ki\u015fi d\u00fcnyaya da\u011f\u0131lm\u0131\u015flar, nerede bulacaks\u0131n! Halk\u0131n ba\u015f kald\u0131rmas\u0131 bu defa \u00e7ok kararl\u0131 oldu\u011fundan dolay\u0131, direni\u015flerin saf s\u0131kla\u015ft\u0131rarak t\u0131rmanmas\u0131 ve bir g\u00fcn en az 200 bin ki\u015finin Sofya\u2019ya toplanmas\u0131yla Borisov defteri d\u00fcr\u00fcl\u00fcr tezine inananlar yo\u011fun bir kitle olu\u015fturuyor.<\/p><div id=\"bghab-675108618\" class=\"bghab-icerik-icine-15-paragraf bghab-entity-placement\"><script async src=\"\/\/pagead2.googlesyndication.com\/pagead\/js\/adsbygoogle.js?client=ca-pub-6203283170189293\" crossorigin=\"anonymous\"><\/script><ins class=\"adsbygoogle\" style=\"display:block; text-align:center;\" data-ad-client=\"ca-pub-6203283170189293\" \ndata-ad-slot=\"7303146466\" \ndata-ad-layout=\"in-article\"\ndata-ad-format=\"fluid\" data-full-width-responsive=\"true\"><\/ins>\n<script> \n(adsbygoogle = window.adsbygoogle || []).push({}); \n<\/script>\n<\/div>\n<p>\u00d6te yandan konu \u00fczerinde fikir y\u00fcr\u00fctenlere g\u00f6re, politik partiler yasaklan\u0131r ya da kapat\u0131l\u0131rsa diktat\u00f6rl\u00fck kurulmas\u0131 tehlikesi canl\u0131d\u0131r. Partiler, anayasal ve toplumsal kurumlar olarak siyaset alan\u0131ndan ancak askeri diktat\u00f6rl\u00fck sonucu, meclis karar\u0131yla ya da kitlelerin tepkisiyle kovulabilirler. G\u00f6lgedeki kodamanlar\u0131n ve fuzuli maa\u015fla ya\u015fayanlar\u0131n tutuklanmas\u0131n\u0131 isteyenler var. \u00a0Bir Avrupa Birli\u011fi \u00fcyesi olan Bulgaristan\u2019da bu gibi bir ad\u0131m at\u0131labilece\u011fine inanmak istemiyorum. Tek partili sistem de diktat\u00f6rl\u00fckt\u00fcr. Bundan dolay\u0131 Bulgaristan\u2019da daha fazla sola ya da sa\u011fa kayan bir politikadan s\u00f6z ediyoruz. \u015eu da var, Bulgaristan\u2019\u0131n T\u00fcrkiye\u2019den ba\u011f\u0131ml\u0131l\u0131\u011f\u0131 artt\u0131k\u00e7a siyasetti sa\u011f kay\u0131yor. \u0130\u00e7 siyasette ise etniklere bask\u0131lar art\u0131yor, insanlar kay\u0131r\u0131l\u0131yor.<\/p>\n<p>Bi\u00e7imlenen bir ba\u015fka ger\u00e7ek de \u015fudur: Varna\u2019da\u00a0 parlamenter demokrasi sisteminin da\u011f\u0131lmas\u0131n\u0131 ve <strong>CUMHURBA\u015eKANLI\u011eI S\u0130STEM\u0130<\/strong> kurulmas\u0131n\u0131 isteyenler sald\u0131rgan davran\u0131yorlar. \u00a0\u015eehirde Rusya\u2019n\u0131n g\u00fc\u00e7l\u00fc etkisi hissediliyor. Mesela benzin fiyatlar\u0131n\u0131n ucuzlamas\u0131n\u0131 kimse istemiyor. Ordu di\u015fi \u00f6rg\u00fctlenme ve \u201c<strong>nizam gruplar\u0131<\/strong>\u201d boy g\u00f6steriyor. Motorlu g\u00fc\u00e7ler dola\u015f\u0131yor. Son g\u00f6steride para militer gruplar olarak bilinen ve tav\u0131rlar\u0131 halk\u0131 korkutan\u00a0<strong> \u201c\u015eipka\u201d<\/strong>, Bulgar Kuvayi Milliyesi ve <strong>\u201cVasil Levski\u201d<\/strong> Askeri Birli\u011fi adl\u0131 g\u00fc\u00e7ler g\u00f6stericilere ve evlere bir siyasi program da\u011f\u0131tt\u0131lar.\u00a0 \u00a0\u0130stekleri \u015funlard\u0131r:<\/p>\n<ul>\n<li><em>Politik sistem de\u011fi\u015fikli\u011fi ve Halk Mahkemesi kurulmas\u0131. (Bulgaristan\u2019da 1946\u2019da kurulan Halk Mahkemesi 300 ki\u015fiye idam cezas\u0131 vermi\u015fti. Sistem de\u011fi\u015fikli\u011finden Putin\u2019e ba\u011fl\u0131 bir iktidar kurulmas\u0131 isteklerini gizlemiyorlar. Bu \u00f6rg\u00fctler Bulgaristan\u2019da kaya gaz\u0131 arama ve \u00fcretimine kar\u015f\u0131d\u0131r. \u0130ktidar heveslisi olduklar\u0131n\u0131 ve \u201cKala\u015fnikov\u201d marka silahlarla at\u0131\u015f talimi yapt\u0131klar\u0131n\u0131 gizlemiyorlar.)<\/em><\/li>\n<li><em>Akaryak\u0131t fiyatlar\u0131n\u0131n ucuzlat\u0131lmas\u0131. (Parti ba\u015fkan\u0131 Mare\u015fki kendisi de petrol \u00fcr\u00fcnleri ticaretinin i\u00e7inde olan bir i\u015f adam\u0131d\u0131r. Ucuz benzin satarak parti kurdu ve meclise girdi. Hem Moskova hem de Frans\u0131z milliyet\u00e7i hareketiyle yak\u0131n ba\u011flar\u0131 oldu\u011fu bilindi\u011fi gibi, Avrupa Birli\u011fi\u2019nin reform g\u00f6rmesinden ve yeni de\u011ferler \u00fczerinde \u00f6rg\u00fctlenmesinden yana oldu\u011fu bilinmektedir.) \u2013 (Bu arada yukar\u0131da ad\u0131 ge\u00e7en 3 milliyet\u00e7i \u00f6rg\u00fct\u00fcn yay\u0131nlad\u0131\u011f\u0131 bildiride NATO ve AB\u2019den ayr\u0131lmam\u0131z isteniyor.)<\/em><\/li>\n<li><em>Varna ve Pernik kentinde g\u00f6sterilere kat\u0131lanlarla yap\u0131lan anketlerde \u201cNe istiyorsunuz?\u201d sorusuna verilen yan\u0131tlar:<\/em><\/li>\n<li><em>\u201cBen siyasetten anlamam, fakat idarecilerin hepsi defolsun!\u201d<\/em><\/li>\n<li><em>\u201cDolays\u0131z demokrasiye ge\u00e7ilsin. Halk y\u00f6netsin!\u201d<\/em><\/li>\n<li><em>\u201cSe\u00e7imde halk\u0131n g\u00f6sterdi\u011fi adaylar aras\u0131nda en fazla oy alan kazans\u0131n. Majoriter sistem uygulans\u0131n.\u201d<\/em><\/li>\n<li><em>\u201cSiyasi partiler yasaklans\u0131n!\u201d<\/em><\/li>\n<li><em>Bulgaristan\u2019\u0131 ancak Ba\u015fkan Cumhuriyeti kurtarabilir!\u201d<\/em><\/li>\n<li><em>Emekli maa\u015flar\u0131m\u0131z ve \u00fccretlerimiz \u0130svi\u00e7re\u2019deki gibi olsun!\u201d<\/em><\/li>\n<li><em>Putin gelsin ve bize yard\u0131m etsin.<\/em><\/li>\n<li><em>Rusya ile yine birlik olal\u0131m!<\/em><\/li>\n<\/ul>\n<p>\u015eu anda Bulgar siyasetinin i\u00e7inde T\u00fcrk tarhanas\u0131ndaki vitaminler kadar h\u0131rs, \u00f6fke, fikir, istek ve umut var. Olaylar\u0131n kendili\u011finden sistemle\u015fip bi\u00e7imlenmesi bo\u015f bir \u00fcmittir.\u00a0 Halen partiler, sendikalar ve sivil toplum \u00f6rg\u00fctlerinin \u00e7o\u011fu olay\u0131n d\u0131\u015f\u0131nda bulunuyor.\u00a0 Fransal\u0131 milliyet\u00e7i M. Le Pen\u2019in Sofya ve Varna ziyareti, TV deme\u00e7leri vs olaylar\u0131 daha da elektriklese de \u015fekillendiremedi. Ortada hen\u00fcz bir halk lideri yok. Olaylara ton veren bir orkestra da yok. Halk y\u00fcr\u00fcrken, ba\u011f\u0131r\u0131p \u00e7a\u011f\u0131r\u0131rken h\u00fck\u00fcmetin s\u00f6k\u00fclmesinden yepyeni bir yap\u0131lanma do\u011faca\u011f\u0131n\u0131 beklemek de yanl\u0131\u015f olur. Bu yap\u0131da azimle bilincin, hedeflerle ara\u00e7lar\u0131n, kitlelerle liderin ve y\u00f6n\u00fcn bulu\u015fmas\u0131 yol almaya yeni yeni ba\u015flad\u0131.<\/p>\n<p>Olaylar\u0131 sizin i\u00e7in izliyoruz.<br \/>\nOkuyunuz, payla\u015f\u0131n\u0131z, tart\u0131\u015fma ba\u015flat\u0131n\u0131z.<br \/>\nEn iyi g\u00fcnler sizlerin olsun!<\/p>\n<div id=\"bghab-2994673138\" class=\"bghab-yazi-altinda bghab-entity-placement\"><script async src=\"https:\/\/pagead2.googlesyndication.com\/pagead\/js\/adsbygoogle.js\"><\/script>\r\n<!-- bghaber-yaz\u0131-sonu -->\r\n<ins class=\"adsbygoogle\"\r\n     style=\"display:block\"\r\n     data-ad-client=\"ca-pub-6203283170189293\"\r\n     data-ad-slot=\"4222328180\"\r\n     data-ad-format=\"auto\"\r\n     data-full-width-responsive=\"true\"><\/ins>\r\n<script>\r\n     (adsbygoogle = window.adsbygoogle || []).push({});\r\n<\/script><\/div><br style=\"clear: both; display: block; float: none;\"\/>","protected":false},"excerpt":{"rendered":"<p>Tarih: 19 Kas\u0131m 2018 Yazan: Raziye \u00c7ak\u0131r ULUT\u00dcRK Konu: Hafta protesto g\u00f6sterileriyle ba\u015flad\u0131. Kesin \u0130stek \u0130stifa! Kuskus mu, Tarhana m\u0131? Bulgaristan\u2019da \u00e7ar\u015f\u0131-pazar ve marketlerde tarhana<\/p>\n","protected":false},"author":14,"featured_media":32250,"comment_status":"closed","ping_status":"closed","sticky":false,"template":"","format":"standard","meta":{"advanced_seo_description":"","jetpack_seo_html_title":"","jetpack_seo_noindex":false,"jetpack_seo_schema_type":"","_jetpack_newsletter_access":"","_jetpack_dont_email_post_to_subs":false,"_jetpack_newsletter_tier_id":0,"_jetpack_memberships_contains_paywalled_content":false,"_jetpack_feature_clip_id":0,"_jetpack_memberships_contains_paid_content":false,"footnotes":"","jetpack_post_was_ever_published":false},"categories":[6],"tags":[],"class_list":["post-32941","post","type-post","status-publish","format-standard","has-post-thumbnail","hentry","category-yorum"],"jetpack_sharing_enabled":true,"jetpack_likes_enabled":true,"jetpack-related-posts":[],"jetpack_shortlink":"https:\/\/wp.me\/pc2PfJ-8zj","jetpack_featured_media_url":"https:\/\/i0.wp.com\/www.bghaber.org\/bghaber\/wp-content\/uploads\/2018\/09\/raziye.jpg?fit=255%2C363&ssl=1","_links":{"self":[{"href":"https:\/\/www.bghaber.org\/bghaber\/wp-json\/wp\/v2\/posts\/32941","targetHints":{"allow":["GET"]}}],"collection":[{"href":"https:\/\/www.bghaber.org\/bghaber\/wp-json\/wp\/v2\/posts"}],"about":[{"href":"https:\/\/www.bghaber.org\/bghaber\/wp-json\/wp\/v2\/types\/post"}],"author":[{"embeddable":true,"href":"https:\/\/www.bghaber.org\/bghaber\/wp-json\/wp\/v2\/users\/14"}],"replies":[{"embeddable":true,"href":"https:\/\/www.bghaber.org\/bghaber\/wp-json\/wp\/v2\/comments?post=32941"}],"version-history":[{"count":0,"href":"https:\/\/www.bghaber.org\/bghaber\/wp-json\/wp\/v2\/posts\/32941\/revisions"}],"wp:featuredmedia":[{"embeddable":true,"href":"https:\/\/www.bghaber.org\/bghaber\/wp-json\/wp\/v2\/media\/32250"}],"wp:attachment":[{"href":"https:\/\/www.bghaber.org\/bghaber\/wp-json\/wp\/v2\/media?parent=32941"}],"wp:term":[{"taxonomy":"category","embeddable":true,"href":"https:\/\/www.bghaber.org\/bghaber\/wp-json\/wp\/v2\/categories?post=32941"},{"taxonomy":"post_tag","embeddable":true,"href":"https:\/\/www.bghaber.org\/bghaber\/wp-json\/wp\/v2\/tags?post=32941"}],"curies":[{"name":"wp","href":"https:\/\/api.w.org\/{rel}","templated":true}]}}