{"id":32939,"date":"2018-11-19T22:29:57","date_gmt":"2018-11-19T19:29:57","guid":{"rendered":"http:\/\/www.bghaber.org\/bghaber\/?p=32939"},"modified":"2018-11-19T22:29:57","modified_gmt":"2018-11-19T19:29:57","slug":"turkiye-bulgaristanin-ugur-bocegi","status":"publish","type":"post","link":"https:\/\/www.bghaber.org\/bghaber\/turkiye-bulgaristanin-ugur-bocegi\/","title":{"rendered":"T\u00fcrkiye, Bulgaristan\u2019\u0131n U\u011fur B\u00f6ce\u011fi"},"content":{"rendered":"<p>Tarih: 19 Kas\u0131m 2018<\/p>\n<p>Yazan: \u0130brahim SOYT\u00dcRK<\/p>\n<p>Konu<strong>: \u0130lk protesto g\u00f6sterilerinden al\u0131nan dersler.<\/strong><\/p>\n<p><strong>Gaz Borusu Bulgaristan kap\u0131s\u0131na da geldi.<\/strong><\/p>\n<p>&nbsp;<\/p>\n<p>Hafta sonu g\u00f6sterili ge\u00e7en Bulgaristan\u2019da Pazartesi sabah\u0131 ufuk a\u00e7t\u0131. 180 leva emekli maa\u015f\u0131yla yaln\u0131z 120 ekmek alabilen ya da ancak 900 kws elektrik \u00f6deyebilen ya\u015fl\u0131lar sert esen r\u00fczg\u00e2rdan ve serpi\u015ftiren \u0131slak kardan \u00fcrkerek protesto g\u00f6stericilerine kat\u0131lamazken, d\u00fcnyan\u0131n en ucuz yak\u0131t\u0131 olan do\u011fal gaz borular\u0131 bu saba &#8211; Pazartesi sabah\u0131 19 11 2018 &#8211;\u00a0 Karadeniz dibinden Tekirda\u011f\/K\u0131y\u0131 K\u00f6ye \u00e7\u0131kt\u0131. Bizde olan kom\u015funun da mal\u0131d\u0131r mant\u0131\u011f\u0131yla devam etti\u011fimizde, Bulgaristan\u2019da odun kesemedim, k\u00f6m\u00fcr alamad\u0131m, elektrik faturas\u0131n\u0131 \u00f6deyemedim dertleri bu gidi\u015fle yak\u0131n gelecekte rafa kalkacak gibi. D\u00fcr\u00fcstl\u00fck yeniden masaya yat\u0131r\u0131l\u0131yor.<\/p><div id=\"bghab-4239600516\" class=\"bghab-icerik-icine bghab-entity-placement\"><script async src=\"\/\/pagead2.googlesyndication.com\/pagead\/js\/adsbygoogle.js?client=ca-pub-6203283170189293\" crossorigin=\"anonymous\"><\/script><ins class=\"adsbygoogle\" style=\"display:block; text-align:center;\" data-ad-client=\"ca-pub-6203283170189293\" \ndata-ad-slot=\"7303146466\" \ndata-ad-layout=\"in-article\"\ndata-ad-format=\"fluid\" data-full-width-responsive=\"true\"><\/ins>\n<script> \n(adsbygoogle = window.adsbygoogle || []).push({}); \n<\/script>\n<\/div>\n<p>Hafta sonu g\u00f6sterilerine Sofya\u2019da 1 760 \u015fahsi ara\u00e7 kat\u0131ld\u0131, alay yapt\u0131lar, 2 milyonluk ba\u015fkent giri\u015f-\u00e7\u0131k\u0131\u015f kap\u0131lar\u0131nda kilitlendi. Her 3 protestocuya kar\u015f\u0131 1 silahl\u0131 ve motorize polis dikildi. Polisler kalkanlar\u0131n\u0131 ve silahlar\u0131n\u0131 indirince bayrakl\u0131 ve pankartl\u0131 kitle taraf\u0131ndan alk\u0131\u015fland\u0131. \u00c7at\u0131\u015fma \u00e7\u0131kmad\u0131.<\/p>\n<p>Akt\u00fcel siyasi isteklerin ba\u015f\u0131nda h\u00fck\u00fcmeti istifaya \u00e7a\u011f\u0131ran \u015fiarlar at\u0131ld\u0131. Bulgar g\u00f6stericiler Ba\u015fbakan Yard\u0131mc\u0131s\u0131 a\u015f\u0131r\u0131 milliyet\u00e7i Valeri Simyonov\u2019un istifa etmesinden tatmin olmad\u0131. \u0130ki numaral\u0131 fa\u015fist yine ba\u015fbakan yard\u0131mc\u0131s\u0131 ve savunma bakan\u0131 \u2013 VMRO Ba\u015fkan\u0131 &#8211;\u00a0 Krasimir Karaka\u00e7anov\u2019un da \u00e7ekilmesinde \u0131srar ediliyor. H\u00fck\u00fcmetin istifas\u0131nda direniyorlar.<\/p>\n<p>Bu sabahki gazetelerde \u00e7ok ilgin\u00e7 vurgulamalar belirdi. Yaz\u0131lanlar\u0131n ne kadar do\u011fru oldu\u011funu hen\u00fcz ara\u015ft\u0131r\u0131yorum. \u00d6\u011frenebildi\u011fim, 1990 y\u0131l\u0131nda \u00fclkede siyasi gelece\u011fi dengelemek amac\u0131yla perde arkas\u0131nda gizli bir karar al\u0131nm\u0131\u015f olmas\u0131d\u0131r. O gergin devirde ba\u015fbakan BKP\u2019li ve Kremlin\u2019in Bulgaristan istasyon \u015fefi Andrey Lukanov\u2019tu. Bu kararda\u00a0 M\u00fcsl\u00fcman T\u00fcrklerin siyasi yap\u0131lanmas\u0131 olan Hak ve \u00d6zg\u00fcrl\u00fckler Hareketi (DPS) kurulu\u015funa izin verildi\u011fi gibi, Birinci D\u00fcnya Sava\u015f\u0131ndan sonra Bulgaristan\u2019a gelip yerle\u015fen Makedon ka\u00e7aklara da siyasi irade \u00f6zg\u00fcrl\u00fc\u011f\u00fc tan\u0131nmas\u0131 yer alm\u0131\u015ft\u0131r. 35 y\u0131l yasakl\u0131 olan ve lider tak\u0131m\u0131 fa\u015fizm ve kom\u00fcnizmde k\u0131y\u0131lan Makedon \u0130\u00e7 Devrim Hareketi (VMRO) \u00f6rg\u00fctlenmesi ye\u015ferme imkan\u0131n\u0131 b\u00f6yle buldu. \u00d6devi T\u00fcrklere kar\u015f\u0131 dikilmek, denge sa\u011flamak i\u00e7in direnmekti\u2026<\/p>\n<p>Ancak ne var ki, hayatta her \u015fey tasarlan\u0131p planland\u0131\u011f\u0131 gibi olmuyor. T\u00fcrkiye Cumhuriyeti\u2019nin 2004\u2019te Bulgaristan\u2019\u0131n NATO\u2019ya girmesine garant\u00f6r olmas\u0131yla \u00fclkede ya\u015fayan T\u00fcrklere olan yakla\u015f\u0131m\u0131n yumu\u015famas\u0131 gerekirdi. K\u00fclt\u00fcrel haklar\u0131 tan\u0131nsa iyi olurdu. S\u0131k\u0131nt\u0131lar a\u015f\u0131l\u0131rd\u0131. Fakat bu i\u00e7in kayma\u011f\u0131n\u0131 yaln\u0131z GERP partisi ve 2 T\u00fcrk yedi: Ahmet Do\u011fan ve Vejdi Ra\u015f\u0131dov.<\/p>\n<p>\u0130kinci olarak, yeni bir ikili Anla\u015fmayla T\u00fcrkiye Cumhuriyeti ve b\u00fcy\u00fck \u00f6nder Say\u0131n Recep Tayyip Erdo\u011fan Bulgaristan\u2019a kayan s\u0131\u011f\u0131nmac\u0131, sava\u015f ka\u00e7a\u011f\u0131 ve ekonomik g\u00f6\u00e7 selini durdurdu. Bu i\u015fin kayma\u011f\u0131 da az\u0131l\u0131 T\u00fcrk d\u00fc\u015fmanlar\u0131 \u00e7etesinden s\u00f6zde \u201cBulgar Yurtseverler Cephesi\u201d ekme\u011fine ya\u011f-bal s\u00fcrd\u00fc. Palazland\u0131lar. Radyo-TV a\u00e7t\u0131lar. Gazete \u00e7\u0131kard\u0131lar. Bulgar T\u00fcrk, \u0130slam, insan ve az\u0131nl\u0131k d\u00fc\u015fmanl\u0131\u011f\u0131n\u0131n bir as\u0131r birikmi\u015f k\u00fcfl\u00fc zehrini kustular. Liderleri olan V. Simyonov\u2019un ge\u00e7en hafta istifa etmek zorunda kalmas\u0131 durum de\u011fi\u015fikli\u011fine neden olmad\u0131. 26 Mart 2017\u2019den beri r\u00fc\u015fvet toplayan a\u015f\u0131r\u0131 milliyet\u00e7iler ense yapt\u0131lar ve bu kelepir onlara bir s\u00fcre yeter de artar.<\/p><div id=\"bghab-1177675072\" class=\"bghab-icerik-icine-10-paragraf bghab-entity-placement\"><script async src=\"\/\/pagead2.googlesyndication.com\/pagead\/js\/adsbygoogle.js?client=ca-pub-6203283170189293\" crossorigin=\"anonymous\"><\/script><ins class=\"adsbygoogle\" style=\"display:block; text-align:center;\" data-ad-client=\"ca-pub-6203283170189293\" \ndata-ad-slot=\"7303146466\" \ndata-ad-layout=\"in-article\"\ndata-ad-format=\"fluid\" data-full-width-responsive=\"true\"><\/ins>\n<script> \n(adsbygoogle = window.adsbygoogle || []).push({}); \n<\/script>\n<\/div>\n<p>\u015eimdi ayn\u0131 piyesin daha b\u00fcy\u00fck 3. Sahnesi a\u00e7\u0131l\u0131yor. Putin\u2019in Karadeniz\u2019in 2 200 metre derinli\u011finde uzatt\u0131\u011f\u0131 gaz boru hatt\u0131 \u00e7ift borulu ve birisi BOTA\u015e vanalar\u0131na akacak. 15 milyon T\u00fcrkiye hanesinin evini \u0131s\u0131tacak, \u00e7orbas\u0131n\u0131 kaynatacakt\u0131r. \u00d6yle olsa da, bir de 2. Boru var ki, o da 81 sm \u00e7ap\u0131nda ve bundan gelecek gaz ya Yunaistan \u00fczerinden Arnavutluk \u2013 \u0130talya\u2019ya ve S\u0131rbistan \u00fczerinden Macristan ve Viyana\u2019ya ula\u015facak veya Bulgaristan, S\u0131rbistan, Macaristan yoluna y\u00f6nelecek. Bulgar h\u00fck\u00fcmeti bu ikinci \u015f\u0131kk\u0131 \u00e7ok istiyor.<\/p>\n<p>Hi\u00e7 unutmayaca\u011f\u0131m, bir \u00f6nceki T\u00fcrkiye Cumhuriyeti Enerji Bakan\u0131 Berat Albayrak son Sofya ziyaretinde u\u00e7ak alan\u0131n\u0131n V\u0130P kap\u0131s\u0131ndan \u00e7\u0131kmam\u0131\u015ft\u0131. Ba\u015fbakan Boyko Borisov T\u00fcrk Bakan\u0131 u\u00e7aktan inerken siyah perdeli bir ara\u00e7la ka\u00e7\u0131rm\u0131\u015ft\u0131. G\u00f6r\u00fc\u015f\u00fclen konunun \u201cT\u00fcrk Ak\u0131m\u0131\u201d borular\u0131ndan birini Bulgaristan\u2019a \u00e7evirmek oldu\u011fundan hi\u00e7 kimse ku\u015fkulanm\u0131yor. Bizim (Bulgaristan\u2019da ya\u015fayan zavall\u0131 M\u00fcsl\u00fcman T\u00fcrklerin) haklar\u0131m\u0131z topluca tan\u0131nmadan, bu konuda yasal devlet g\u00fcvencesi almadan, yeni Borunun y\u00f6n\u00fc Bulgaristan\u2019a \u00e7evrilirse, Allah \u00e7ekmez ve af etmez\u2026 fazla yorumlamak istemiyorum. T\u00fcrkiye Cumhuriyeti devlet politikas\u0131 Bulgaristan M\u00fcsl\u00fcmanlar\u0131n\u0131n ezilmesi ve yok edilmesi pahas\u0131na y\u00fcr\u00fct\u00fclemez ve y\u00fcr\u00fct\u00fclmemelidir\u2026<\/p>\n<div id=\"bghab-3009515344\" class=\"bghab-yazi-altinda bghab-entity-placement\"><script async src=\"https:\/\/pagead2.googlesyndication.com\/pagead\/js\/adsbygoogle.js\"><\/script>\r\n<!-- bghaber-yaz\u0131-sonu -->\r\n<ins class=\"adsbygoogle\"\r\n     style=\"display:block\"\r\n     data-ad-client=\"ca-pub-6203283170189293\"\r\n     data-ad-slot=\"4222328180\"\r\n     data-ad-format=\"auto\"\r\n     data-full-width-responsive=\"true\"><\/ins>\r\n<script>\r\n     (adsbygoogle = window.adsbygoogle || []).push({});\r\n<\/script><\/div><br style=\"clear: both; display: block; float: none;\"\/>","protected":false},"excerpt":{"rendered":"<p>Tarih: 19 Kas\u0131m 2018 Yazan: \u0130brahim SOYT\u00dcRK Konu: \u0130lk protesto g\u00f6sterilerinden al\u0131nan dersler. Gaz Borusu Bulgaristan kap\u0131s\u0131na da geldi. &nbsp; Hafta sonu g\u00f6sterili ge\u00e7en Bulgaristan\u2019da<\/p>\n","protected":false},"author":13,"featured_media":15883,"comment_status":"closed","ping_status":"closed","sticky":false,"template":"","format":"standard","meta":{"advanced_seo_description":"","jetpack_seo_html_title":"","jetpack_seo_noindex":false,"jetpack_seo_schema_type":"","_jetpack_newsletter_access":"","_jetpack_dont_email_post_to_subs":false,"_jetpack_newsletter_tier_id":0,"_jetpack_memberships_contains_paywalled_content":false,"_jetpack_feature_clip_id":0,"_jetpack_memberships_contains_paid_content":false,"footnotes":"","jetpack_post_was_ever_published":false},"categories":[6],"tags":[],"class_list":["post-32939","post","type-post","status-publish","format-standard","has-post-thumbnail","hentry","category-yorum"],"jetpack_sharing_enabled":true,"jetpack_likes_enabled":true,"jetpack-related-posts":[],"jetpack_shortlink":"https:\/\/wp.me\/pc2PfJ-8zh","jetpack_featured_media_url":"https:\/\/i0.wp.com\/www.bghaber.org\/bghaber\/wp-content\/uploads\/2015\/08\/ibo-soyt.jpg?fit=426%2C492&ssl=1","_links":{"self":[{"href":"https:\/\/www.bghaber.org\/bghaber\/wp-json\/wp\/v2\/posts\/32939","targetHints":{"allow":["GET"]}}],"collection":[{"href":"https:\/\/www.bghaber.org\/bghaber\/wp-json\/wp\/v2\/posts"}],"about":[{"href":"https:\/\/www.bghaber.org\/bghaber\/wp-json\/wp\/v2\/types\/post"}],"author":[{"embeddable":true,"href":"https:\/\/www.bghaber.org\/bghaber\/wp-json\/wp\/v2\/users\/13"}],"replies":[{"embeddable":true,"href":"https:\/\/www.bghaber.org\/bghaber\/wp-json\/wp\/v2\/comments?post=32939"}],"version-history":[{"count":0,"href":"https:\/\/www.bghaber.org\/bghaber\/wp-json\/wp\/v2\/posts\/32939\/revisions"}],"wp:featuredmedia":[{"embeddable":true,"href":"https:\/\/www.bghaber.org\/bghaber\/wp-json\/wp\/v2\/media\/15883"}],"wp:attachment":[{"href":"https:\/\/www.bghaber.org\/bghaber\/wp-json\/wp\/v2\/media?parent=32939"}],"wp:term":[{"taxonomy":"category","embeddable":true,"href":"https:\/\/www.bghaber.org\/bghaber\/wp-json\/wp\/v2\/categories?post=32939"},{"taxonomy":"post_tag","embeddable":true,"href":"https:\/\/www.bghaber.org\/bghaber\/wp-json\/wp\/v2\/tags?post=32939"}],"curies":[{"name":"wp","href":"https:\/\/api.w.org\/{rel}","templated":true}]}}