{"id":32933,"date":"2018-11-18T22:34:41","date_gmt":"2018-11-18T19:34:41","guid":{"rendered":"http:\/\/www.bghaber.org\/bghaber\/?p=32933"},"modified":"2019-06-25T23:46:35","modified_gmt":"2019-06-25T20:46:35","slug":"bulgaristan-halki-zamlar-nedeniyle-sokaga-dokuldu-kaynak-yenicag-bulgaristan-halki-zamlar-nedeniyle-sokaga-dokuldu","status":"publish","type":"post","link":"https:\/\/www.bghaber.org\/bghaber\/bulgaristan-halki-zamlar-nedeniyle-sokaga-dokuldu-kaynak-yenicag-bulgaristan-halki-zamlar-nedeniyle-sokaga-dokuldu\/","title":{"rendered":"Bulgaristan halk\u0131 zamlar nedeniyle soka\u011fa d\u00f6k\u00fcld\u00fc"},"content":{"rendered":"<p>Bulgaristan&#8217;da yoksulluk ve zamlar ile yolsuzluk iddialar\u0131 \u00fczerine sokaklara d\u00f6k\u00fclenler, Ba\u015fbakan Boyko Borisov h\u00fck\u00fcmetinin istifas\u0131n\u0131 istedi. Ba\u015fkent Sofya ba\u015fta olmak \u00fczere \u00fclke genelinde yap\u0131lan protestolarda, yollar kapat\u0131ld\u0131.<\/p>\n<p>Bulgaristan&#8217;da son g\u00fcnlerde hayat pahal\u0131\u011f\u0131, yoksulluk ve yap\u0131lan zamlar nedeniyle Ba\u015fbakan Boyko Borisov ba\u015fkanl\u0131\u011f\u0131ndaki h\u00fck\u00fcmet aleyhine \u00fclkenin \u00e7e\u015fitli kentlerinde g\u00f6steriler d\u00fczenlenerek, h\u00fck\u00fcmet yetkililerinin\u00a0istifas\u0131 isteniyor. H\u00fck\u00fcmetin orta\u011f\u0131 olan a\u015f\u0131r\u0131 milliyet\u00e7i ittifak\u0131n e\u015f ba\u015fkan\u0131 Ba\u015fbakan Yard\u0131mc\u0131s\u0131 Valeri Simeonov&#8217;un\u00a0hafta i\u00e7i\u00a0protestolar \u00fczerine istifa etmesinin ard\u0131ndan\u00a0bug\u00fcn \u00fclke genelinde yine protesto eylemleri d\u00fczenlendi. Sosyal medya \u00fczerinden \u00f6rg\u00fctlenen Bulgarlar, ba\u015fkent Sofya ba\u015fta olmak \u00fczere\u00a0\u00fclkenin b\u00fcy\u00fck \u015fehirlerinde protestolarda bulunup, kom\u015fu \u00fclkelere giden kara yollar\u0131n\u0131 kapatt\u0131. Sofya&#8217;da protestolar, ba\u015fbakanl\u0131k\u00a0ve parlamento binalar\u0131 \u00f6n\u00fcnde ger\u00e7ekle\u015ftirildi. Bulgarlar;\u00a0yoksulluk, ara\u00e7 sigortas\u0131, akaryak\u0131t zamm\u0131 nedeniyle h\u00fck\u00fcmetin istifas\u0131n\u0131 ve politik siyaset sisteminin de\u011fi\u015fmesini isterken, ba\u015fkentte trafik kilitlendi;\u00a0baz\u0131 yollar ise kesildi.<\/p>\n<p>Ba\u015fbakan Yard\u0131mc\u0131s\u0131 Valeri Simeonov, engelli \u00e7ocuklara daha iyi ya\u015fam, sosyal eri\u015fim ve hizmet isteyen annelere y\u00f6nelik\u00a0&#8220;\u00c7ocuklar\u0131n\u0131 spek\u00fclasyon amac\u0131 ile kullanan, ba\u011f\u0131rgan kad\u0131nlar&#8221; a\u00e7\u0131klamas\u0131nda bulunmu\u015ftu. Engellilerin\u00a0h\u00fck\u00fcmet aleyhine protestolar\u0131n\u0131 art\u0131rmas\u0131 \u00fczerine Simeonov&#8217;un\u00a0&#8220;Ba\u011f\u0131r\u0131p, \u00e7a\u011f\u0131ran kad\u0131nlar, toplay\u0131n s\u00f6zde hasta \u00e7ocuklar\u0131n\u0131z\u0131 ve onlar\u0131 maymun gibi sokaklarda dola\u015ft\u0131rmay\u0131n&#8221; demesi ise b\u00fcy\u00fck tepki \u00e7ekmi\u015fti.<\/p>\n<p>Tepkiler \u00fczerine Bulgaristan Ba\u015fbakan Yard\u0131mc\u0131s\u0131 Simeonov, hafta i\u00e7i\u00a0istifa etti. Simeonov&#8217;un istifas\u0131na yol a\u00e7an\u00a0engelli aileleri yine sokaklara \u00e7\u0131k\u0131p, h\u00fck\u00fcmetin de istifa etmesi i\u00e7in g\u00f6sterilerde bulundu.<\/p>\n<p><strong>YUNAN\u0130STAN YOLUNU KAPATTILAR<\/strong><\/p><div id=\"bghab-1876196407\" class=\"bghab-icerik-icine bghab-entity-placement\"><script async src=\"\/\/pagead2.googlesyndication.com\/pagead\/js\/adsbygoogle.js?client=ca-pub-6203283170189293\" crossorigin=\"anonymous\"><\/script><ins class=\"adsbygoogle\" style=\"display:block; text-align:center;\" data-ad-client=\"ca-pub-6203283170189293\" \ndata-ad-slot=\"7303146466\" \ndata-ad-layout=\"in-article\"\ndata-ad-format=\"fluid\" data-full-width-responsive=\"true\"><\/ins>\n<script> \n(adsbygoogle = window.adsbygoogle || []).push({}); \n<\/script>\n<\/div>\n<p>Bulgaristan&#8217;\u0131n T\u00fcrkiye ile Yunanistan s\u0131n\u0131r\u0131ndaki protestocular ise Haskova ve di\u011fer \u015fehirlerden gelenlerin toplanmas\u0131yla T\u00fcrkiye&#8217;ye 20, Yunanistan&#8217;a 3 kilometre uzakl\u0131ktaki\u00a0Svilengrad il\u00e7esinde topland\u0131. Belediye \u00f6n\u00fcnde protesto yapan g\u00f6stericiler, daha sonra Hoskova&#8217;dan gelenlerle birlikte Yunanistan&#8217;a giden kara yolunu ara\u00e7larla trafi\u011fe kapatt\u0131. Bulgar polisinin\u00a0geni\u015f\u00a0g\u00fcvenlik \u00f6nlemi ald\u0131\u011f\u0131 ve\u00a0g\u00f6stericilere m\u00fcdahalede bulunmad\u0131\u011f\u0131 g\u00f6zlendi.<\/p>\n<p>Ailelerin so\u011fuk havaya ra\u011fmen \u00e7ocuklar\u0131yla kat\u0131ld\u0131\u011f\u0131 protestolar s\u0131ras\u0131nda Bulgar\u00a0bayraklar\u0131 ta\u015f\u0131n\u0131rken, s\u0131k s\u0131k d\u00fcd\u00fckler \u00e7al\u0131nd\u0131. Protestocular\u00a0&#8216;H\u00fck\u00fcmet istifa&#8217;, &#8216;Mafya istemiyoruz&#8217;, &#8216;\u00c7ocuklar\u0131m\u0131z\u0131n gelece\u011fini istiyoruz&#8217; yaz\u0131l\u0131 d\u00f6vizler ta\u015f\u0131d\u0131. Protestolar, ak\u015fam saatlerinde kadar s\u00fcrd\u00fcr\u00fcld\u00fc.<\/p>\n<p>&nbsp;<\/p>\n<p>Yeni\u00e7a\u011f<\/p>\n<p>&nbsp;<\/p>\n<div id=\"bghab-1383880139\" class=\"bghab-yazi-altinda bghab-entity-placement\"><script async src=\"https:\/\/pagead2.googlesyndication.com\/pagead\/js\/adsbygoogle.js\"><\/script>\r\n<!-- bghaber-yaz\u0131-sonu -->\r\n<ins class=\"adsbygoogle\"\r\n     style=\"display:block\"\r\n     data-ad-client=\"ca-pub-6203283170189293\"\r\n     data-ad-slot=\"4222328180\"\r\n     data-ad-format=\"auto\"\r\n     data-full-width-responsive=\"true\"><\/ins>\r\n<script>\r\n     (adsbygoogle = window.adsbygoogle || []).push({});\r\n<\/script><\/div><br style=\"clear: both; display: block; float: none;\"\/>","protected":false},"excerpt":{"rendered":"<p>Bulgaristan&#8217;da yoksulluk ve zamlar ile yolsuzluk iddialar\u0131 \u00fczerine sokaklara d\u00f6k\u00fclenler, Ba\u015fbakan Boyko Borisov h\u00fck\u00fcmetinin istifas\u0131n\u0131 istedi. Ba\u015fkent Sofya ba\u015fta olmak \u00fczere \u00fclke genelinde yap\u0131lan protestolarda,<\/p>\n","protected":false},"author":29,"featured_media":32935,"comment_status":"closed","ping_status":"closed","sticky":false,"template":"","format":"standard","meta":{"advanced_seo_description":"","jetpack_seo_html_title":"","jetpack_seo_noindex":false,"jetpack_seo_schema_type":"","_jetpack_newsletter_access":"","_jetpack_dont_email_post_to_subs":false,"_jetpack_newsletter_tier_id":0,"_jetpack_memberships_contains_paywalled_content":false,"_jetpack_feature_clip_id":0,"_jetpack_memberships_contains_paid_content":false,"footnotes":"","jetpack_post_was_ever_published":false},"categories":[1,4],"tags":[],"class_list":["post-32933","post","type-post","status-publish","format-standard","has-post-thumbnail","hentry","category-haberler","category-siyaset"],"jetpack_sharing_enabled":true,"jetpack_likes_enabled":true,"jetpack-related-posts":[],"jetpack_shortlink":"https:\/\/wp.me\/pc2PfJ-8zb","jetpack_featured_media_url":"https:\/\/i0.wp.com\/www.bghaber.org\/bghaber\/wp-content\/uploads\/2018\/11\/bulgaristanda-protestolar.jpg?fit=980%2C360&ssl=1","_links":{"self":[{"href":"https:\/\/www.bghaber.org\/bghaber\/wp-json\/wp\/v2\/posts\/32933","targetHints":{"allow":["GET"]}}],"collection":[{"href":"https:\/\/www.bghaber.org\/bghaber\/wp-json\/wp\/v2\/posts"}],"about":[{"href":"https:\/\/www.bghaber.org\/bghaber\/wp-json\/wp\/v2\/types\/post"}],"author":[{"embeddable":true,"href":"https:\/\/www.bghaber.org\/bghaber\/wp-json\/wp\/v2\/users\/29"}],"replies":[{"embeddable":true,"href":"https:\/\/www.bghaber.org\/bghaber\/wp-json\/wp\/v2\/comments?post=32933"}],"version-history":[{"count":0,"href":"https:\/\/www.bghaber.org\/bghaber\/wp-json\/wp\/v2\/posts\/32933\/revisions"}],"wp:featuredmedia":[{"embeddable":true,"href":"https:\/\/www.bghaber.org\/bghaber\/wp-json\/wp\/v2\/media\/32935"}],"wp:attachment":[{"href":"https:\/\/www.bghaber.org\/bghaber\/wp-json\/wp\/v2\/media?parent=32933"}],"wp:term":[{"taxonomy":"category","embeddable":true,"href":"https:\/\/www.bghaber.org\/bghaber\/wp-json\/wp\/v2\/categories?post=32933"},{"taxonomy":"post_tag","embeddable":true,"href":"https:\/\/www.bghaber.org\/bghaber\/wp-json\/wp\/v2\/tags?post=32933"}],"curies":[{"name":"wp","href":"https:\/\/api.w.org\/{rel}","templated":true}]}}