{"id":32930,"date":"2018-11-18T20:26:31","date_gmt":"2018-11-18T17:26:31","guid":{"rendered":"http:\/\/www.bghaber.org\/bghaber\/?p=32930"},"modified":"2019-06-26T13:17:05","modified_gmt":"2019-06-26T10:17:05","slug":"bakan-pekcan-bulgaristana-gidecek","status":"publish","type":"post","link":"https:\/\/www.bghaber.org\/bghaber\/bakan-pekcan-bulgaristana-gidecek\/","title":{"rendered":"Bakan Pekcan Bulgaristan&#8217;a gidecek"},"content":{"rendered":"<p>Ticaret\u00a0Bakan\u0131 Ruhsar\u00a0Pekcan, \u00e7e\u015fitli temaslarda bulunmak ve anla\u015fma imzalamak \u00fczere yar\u0131n\u00a0Bulgaristan&#8217;\u0131n ba\u015fkenti\u00a0Sofya&#8217;ya gidecek.<\/p>\n<p>Ticaret Bakanl\u0131\u011f\u0131ndan yap\u0131lan a\u00e7\u0131klamaya g\u00f6re, Bakan Pekcan&#8217;a, 18-19 Kas\u0131m&#8217;daki ziyaretinde yakla\u015f\u0131k 250 ki\u015fiden olu\u015fan i\u015f d\u00fcnyas\u0131 temsilcileri e\u015flik edecek.<\/p>\n<p>Pekcan, ziyareti kapsam\u0131nda Bulgaristan Ba\u015fbakan\u0131 Boyko Borisov ile bir araya gelecek, Bulgaristan Ekonomi Bakan\u0131 Emil Karanikolov ve Maliye Bakan\u0131 Vladislav Goranov ile de ikili g\u00f6r\u00fc\u015fmeler ger\u00e7ekle\u015ftirecek.<\/p>\n<p>Ticaret Bakanl\u0131\u011f\u0131 ile Bulgaristan\u00a0Ekonomi Bakanl\u0131\u011f\u0131\u00a0koordinasyonunda, D\u0131\u015f\u00a0Ekonomik\u0130li\u015fkiler Kurulu (DE\u0130K) ve Bulgaristan K\u00fc\u00e7\u00fck ve Orta \u00d6l\u00e7ekli Giri\u015fimleri Te\u015fvik Ajans\u0131 organizasyonunda ger\u00e7ekle\u015ftirilecek &#8220;T\u00fcrkiye-Bulgaristan \u0130\u015f Forumu&#8221;na kat\u0131lacak olan Pekcan, burada i\u015f d\u00fcnyas\u0131 temsilcilerine hitap edecek.<\/p>\n<p>Temaslar kapsam\u0131nda ikili ticari ve ekonomik ili\u015fkiler, kar\u015f\u0131l\u0131kl\u0131 yat\u0131r\u0131mlar, m\u00fcteahhitlik ve m\u00fc\u015favirlik hizmetleri, \u00fc\u00e7\u00fcnc\u00fc \u00fclkelerde i\u015f birli\u011fi, gelecek d\u00f6nemde yap\u0131lacak \u00f6zel sekt\u00f6r g\u00f6r\u00fc\u015fmeleri ile i\u015f ve Yat\u0131r\u0131m Forumlar\u0131 ele al\u0131nacak.<\/p><div id=\"bghab-321147669\" class=\"bghab-icerik-icine bghab-entity-placement\"><script async src=\"\/\/pagead2.googlesyndication.com\/pagead\/js\/adsbygoogle.js?client=ca-pub-6203283170189293\" crossorigin=\"anonymous\"><\/script><ins class=\"adsbygoogle\" style=\"display:block; text-align:center;\" data-ad-client=\"ca-pub-6203283170189293\" \ndata-ad-slot=\"7303146466\" \ndata-ad-layout=\"in-article\"\ndata-ad-format=\"fluid\" data-full-width-responsive=\"true\"><\/ins>\n<script> \n(adsbygoogle = window.adsbygoogle || []).push({}); \n<\/script>\n<\/div>\n<p>G\u00f6r\u00fc\u015fmelerde, iki \u00fclke aras\u0131nda g\u00fcmr\u00fckler ve ula\u015ft\u0131rma alanlar\u0131ndaki ili\u015fkiler, g\u00fcmr\u00fck kap\u0131lar\u0131nda ve ge\u00e7i\u015flerinde ya\u015fanan sorunlar, \u00e7ok tarafl\u0131 kurulu\u015flar kapsam\u0131nda hayata ge\u00e7irilebilecek i\u015f birli\u011fi olanaklar\u0131, G\u00fcmr\u00fck Birli\u011fi Anla\u015fmas\u0131&#8217;n\u0131n g\u00fcncellenmesi gibi konular da de\u011ferlendirilecek.<\/p>\n<p>\u00d6te yandan, Bakan Pekcan ile Bulgar Ekonomi Bakan\u0131 Karanikolov taraf\u0131ndan &#8220;Cumhurba\u015fkanl\u0131\u011f\u0131\u00a0Yat\u0131r\u0131m Ofisi ile Bulgaristan Yat\u0131r\u0131m Ajans\u0131 Aras\u0131nda \u0130\u015fbirli\u011fi Anla\u015fmas\u0131&#8221; imzalanacak.<\/p>\n<p>Resmi\u00a0Gazete&#8217;nin 17 Ocak tarihli say\u0131s\u0131nda yay\u0131mlanarak y\u00fcr\u00fcrl\u00fc\u011fe giren &#8220;T\u00fcrkiye-Bulgaristan H\u00fck\u00fcmetleraras\u0131 \u0130\u015fbirli\u011fi Komisyonu&#8221;nun ilk d\u00f6nem toplant\u0131s\u0131n\u0131n tarihlerinin belirlenmesine y\u00f6nelik g\u00f6r\u00fc\u015f al\u0131\u015fveri\u015finde de bulunulmas\u0131 planlan\u0131yor.<\/p>\n<p>&nbsp;<\/p>\n<p>AA<\/p>\n<div id=\"bghab-680565728\" class=\"bghab-yazi-altinda bghab-entity-placement\"><script async src=\"https:\/\/pagead2.googlesyndication.com\/pagead\/js\/adsbygoogle.js\"><\/script>\r\n<!-- bghaber-yaz\u0131-sonu -->\r\n<ins class=\"adsbygoogle\"\r\n     style=\"display:block\"\r\n     data-ad-client=\"ca-pub-6203283170189293\"\r\n     data-ad-slot=\"4222328180\"\r\n     data-ad-format=\"auto\"\r\n     data-full-width-responsive=\"true\"><\/ins>\r\n<script>\r\n     (adsbygoogle = window.adsbygoogle || []).push({});\r\n<\/script><\/div><br style=\"clear: both; display: block; float: none;\"\/>","protected":false},"excerpt":{"rendered":"<p>Ticaret\u00a0Bakan\u0131 Ruhsar\u00a0Pekcan, \u00e7e\u015fitli temaslarda bulunmak ve anla\u015fma imzalamak \u00fczere yar\u0131n\u00a0Bulgaristan&#8217;\u0131n ba\u015fkenti\u00a0Sofya&#8217;ya gidecek. Ticaret Bakanl\u0131\u011f\u0131ndan yap\u0131lan a\u00e7\u0131klamaya g\u00f6re, Bakan Pekcan&#8217;a, 18-19 Kas\u0131m&#8217;daki ziyaretinde yakla\u015f\u0131k 250 ki\u015fiden<\/p>\n","protected":false},"author":29,"featured_media":32931,"comment_status":"closed","ping_status":"closed","sticky":false,"template":"","format":"standard","meta":{"advanced_seo_description":"","jetpack_seo_html_title":"","jetpack_seo_noindex":false,"jetpack_seo_schema_type":"","_jetpack_newsletter_access":"","_jetpack_dont_email_post_to_subs":false,"_jetpack_newsletter_tier_id":0,"_jetpack_memberships_contains_paywalled_content":false,"_jetpack_feature_clip_id":0,"_jetpack_memberships_contains_paid_content":false,"footnotes":"","jetpack_post_was_ever_published":false},"categories":[1,4],"tags":[],"class_list":["post-32930","post","type-post","status-publish","format-standard","has-post-thumbnail","hentry","category-haberler","category-siyaset"],"jetpack_sharing_enabled":true,"jetpack_likes_enabled":true,"jetpack-related-posts":[],"jetpack_shortlink":"https:\/\/wp.me\/pc2PfJ-8z8","jetpack_featured_media_url":"https:\/\/i0.wp.com\/www.bghaber.org\/bghaber\/wp-content\/uploads\/2018\/11\/bakan-pekcan-bulgaristan-a-gidecek-12766787.jpeg?fit=606%2C340&ssl=1","_links":{"self":[{"href":"https:\/\/www.bghaber.org\/bghaber\/wp-json\/wp\/v2\/posts\/32930","targetHints":{"allow":["GET"]}}],"collection":[{"href":"https:\/\/www.bghaber.org\/bghaber\/wp-json\/wp\/v2\/posts"}],"about":[{"href":"https:\/\/www.bghaber.org\/bghaber\/wp-json\/wp\/v2\/types\/post"}],"author":[{"embeddable":true,"href":"https:\/\/www.bghaber.org\/bghaber\/wp-json\/wp\/v2\/users\/29"}],"replies":[{"embeddable":true,"href":"https:\/\/www.bghaber.org\/bghaber\/wp-json\/wp\/v2\/comments?post=32930"}],"version-history":[{"count":0,"href":"https:\/\/www.bghaber.org\/bghaber\/wp-json\/wp\/v2\/posts\/32930\/revisions"}],"wp:featuredmedia":[{"embeddable":true,"href":"https:\/\/www.bghaber.org\/bghaber\/wp-json\/wp\/v2\/media\/32931"}],"wp:attachment":[{"href":"https:\/\/www.bghaber.org\/bghaber\/wp-json\/wp\/v2\/media?parent=32930"}],"wp:term":[{"taxonomy":"category","embeddable":true,"href":"https:\/\/www.bghaber.org\/bghaber\/wp-json\/wp\/v2\/categories?post=32930"},{"taxonomy":"post_tag","embeddable":true,"href":"https:\/\/www.bghaber.org\/bghaber\/wp-json\/wp\/v2\/tags?post=32930"}],"curies":[{"name":"wp","href":"https:\/\/api.w.org\/{rel}","templated":true}]}}