{"id":32877,"date":"2018-11-18T22:54:39","date_gmt":"2018-11-18T19:54:39","guid":{"rendered":"http:\/\/www.bghaber.org\/bghaber\/?p=32877"},"modified":"2019-06-25T23:46:34","modified_gmt":"2019-06-25T20:46:34","slug":"bulgaristan-ve-romanya-arasinda-krusari-sinir-kapisi-acildi","status":"publish","type":"post","link":"https:\/\/www.bghaber.org\/bghaber\/bulgaristan-ve-romanya-arasinda-krusari-sinir-kapisi-acildi\/","title":{"rendered":"Bulgaristan ve Romanya aras\u0131nda Kru\u015fari S\u0131n\u0131r Kap\u0131s\u0131 a\u00e7\u0131ld\u0131"},"content":{"rendered":"<p>Ba\u015fbakanl\u0131k Bas\u0131n Merkezinden verilen bilgiye g\u00f6re bug\u00fcnk\u00fc oturumunda h\u00fck\u00fcmet, Kuzey Bulgaristan\u2019da Bulgaristan-Romanya s\u0131n\u0131r\u0131nda Kru\u015fari S\u0131n\u0131r Kap\u0131s\u0131 a\u00e7\u0131lmas\u0131 karar\u0131 ald\u0131.<\/p>\n<p>Kru\u015fari-Dobromir S\u0131n\u0131r Kap\u0131s\u0131, 2012 y\u0131l\u0131nda h\u00fck\u00fcmetler aras\u0131 d\u00fczeyde Romanya ile imzalanan s\u00f6zle\u015fme kapsam\u0131nda hizmete a\u00e7\u0131lmas\u0131 gereken iki yeni s\u0131n\u0131r kap\u0131s\u0131ndan biridir. S\u00f6zle\u015fmede iki s\u0131n\u0131r kontrol noktas\u0131n\u0131n saat 08.00-20.00 aras\u0131nda olmak \u00fczere \u00e7al\u0131\u015fma saatleri, insanlar\u0131n ve mallar\u0131n uluslararas\u0131 ta\u015f\u0131mac\u0131l\u0131\u011f\u0131n\u0131n toplam a\u011f\u0131rl\u0131\u011f\u0131n\u0131n 3,5 tona kadar s\u0131n\u0131rland\u0131r\u0131lmas\u0131 gibi detaylar da d\u00fczenlenmi\u015ftir.<\/p>\n<p>\u0130ki s\u0131n\u0131r kap\u0131s\u0131ndan biri olan Kaynarca S\u0131n\u0131r Kap\u0131s\u0131, Bakanlar Kurulu\u2019nun 29 Eyl\u00fcl 2017 tarihli karar\u0131yla a\u00e7\u0131ld\u0131. S\u00f6zle\u015fme ve Schengen S\u0131n\u0131r Kodeksi gere\u011fince Bulgaristan ve Romanya s\u0131n\u0131r polisi yetkilileri ortak s\u0131n\u0131rlarda ortak kontrol uygulamaktad\u0131rlar. Bu yakla\u015f\u0131m, yeni a\u00e7\u0131lan s\u0131n\u0131r kap\u0131s\u0131n\u0131n faaliyetinde de uygulanacak.<\/p>\n<p>S\u0131n\u0131r ge\u00e7i\u015f noktas\u0131, Romanya taraf\u0131ndan in\u015fa edildi. S\u0131n\u0131r kontrol noktas\u0131 tesislerinin ise hem Romanya\u2019n\u0131n, hem Bulgaristan\u2019\u0131n s\u0131n\u0131r polis merkezlerinde kurulmas\u0131 \u00f6ng\u00f6r\u00fcl\u00fcyor.<\/p>\n<p>&nbsp;<\/p>\n<p>&nbsp;<\/p>\n<p>K\u0131rcaali Haber<\/p><div id=\"bghab-3840746464\" class=\"bghab-icerik-icine bghab-entity-placement\"><script async src=\"\/\/pagead2.googlesyndication.com\/pagead\/js\/adsbygoogle.js?client=ca-pub-6203283170189293\" crossorigin=\"anonymous\"><\/script><ins class=\"adsbygoogle\" style=\"display:block; text-align:center;\" data-ad-client=\"ca-pub-6203283170189293\" \ndata-ad-slot=\"7303146466\" \ndata-ad-layout=\"in-article\"\ndata-ad-format=\"fluid\" data-full-width-responsive=\"true\"><\/ins>\n<script> \n(adsbygoogle = window.adsbygoogle || []).push({}); \n<\/script>\n<\/div>\n<div id=\"bghab-53566296\" class=\"bghab-yazi-altinda bghab-entity-placement\"><script async src=\"https:\/\/pagead2.googlesyndication.com\/pagead\/js\/adsbygoogle.js\"><\/script>\r\n<!-- bghaber-yaz\u0131-sonu -->\r\n<ins class=\"adsbygoogle\"\r\n     style=\"display:block\"\r\n     data-ad-client=\"ca-pub-6203283170189293\"\r\n     data-ad-slot=\"4222328180\"\r\n     data-ad-format=\"auto\"\r\n     data-full-width-responsive=\"true\"><\/ins>\r\n<script>\r\n     (adsbygoogle = window.adsbygoogle || []).push({});\r\n<\/script><\/div><br style=\"clear: both; display: block; float: none;\"\/>","protected":false},"excerpt":{"rendered":"<p>Ba\u015fbakanl\u0131k Bas\u0131n Merkezinden verilen bilgiye g\u00f6re bug\u00fcnk\u00fc oturumunda h\u00fck\u00fcmet, Kuzey Bulgaristan\u2019da Bulgaristan-Romanya s\u0131n\u0131r\u0131nda Kru\u015fari S\u0131n\u0131r Kap\u0131s\u0131 a\u00e7\u0131lmas\u0131 karar\u0131 ald\u0131. Kru\u015fari-Dobromir S\u0131n\u0131r Kap\u0131s\u0131, 2012 y\u0131l\u0131nda h\u00fck\u00fcmetler<\/p>\n","protected":false},"author":29,"featured_media":32505,"comment_status":"closed","ping_status":"closed","sticky":false,"template":"","format":"standard","meta":{"advanced_seo_description":"","jetpack_seo_html_title":"","jetpack_seo_noindex":false,"jetpack_seo_schema_type":"","_jetpack_newsletter_access":"","_jetpack_dont_email_post_to_subs":false,"_jetpack_newsletter_tier_id":0,"_jetpack_memberships_contains_paywalled_content":false,"_jetpack_feature_clip_id":0,"_jetpack_memberships_contains_paid_content":false,"footnotes":"","jetpack_post_was_ever_published":false},"categories":[9],"tags":[],"class_list":["post-32877","post","type-post","status-publish","format-standard","has-post-thumbnail","hentry","category-ekonomi"],"jetpack_sharing_enabled":true,"jetpack_likes_enabled":true,"jetpack-related-posts":[],"jetpack_shortlink":"https:\/\/wp.me\/pc2PfJ-8yh","jetpack_featured_media_url":"https:\/\/i0.wp.com\/www.bghaber.org\/bghaber\/wp-content\/uploads\/2018\/10\/bulgaristan-turkiye-arasind.jpg?fit=752%2C395&ssl=1","_links":{"self":[{"href":"https:\/\/www.bghaber.org\/bghaber\/wp-json\/wp\/v2\/posts\/32877","targetHints":{"allow":["GET"]}}],"collection":[{"href":"https:\/\/www.bghaber.org\/bghaber\/wp-json\/wp\/v2\/posts"}],"about":[{"href":"https:\/\/www.bghaber.org\/bghaber\/wp-json\/wp\/v2\/types\/post"}],"author":[{"embeddable":true,"href":"https:\/\/www.bghaber.org\/bghaber\/wp-json\/wp\/v2\/users\/29"}],"replies":[{"embeddable":true,"href":"https:\/\/www.bghaber.org\/bghaber\/wp-json\/wp\/v2\/comments?post=32877"}],"version-history":[{"count":0,"href":"https:\/\/www.bghaber.org\/bghaber\/wp-json\/wp\/v2\/posts\/32877\/revisions"}],"wp:featuredmedia":[{"embeddable":true,"href":"https:\/\/www.bghaber.org\/bghaber\/wp-json\/wp\/v2\/media\/32505"}],"wp:attachment":[{"href":"https:\/\/www.bghaber.org\/bghaber\/wp-json\/wp\/v2\/media?parent=32877"}],"wp:term":[{"taxonomy":"category","embeddable":true,"href":"https:\/\/www.bghaber.org\/bghaber\/wp-json\/wp\/v2\/categories?post=32877"},{"taxonomy":"post_tag","embeddable":true,"href":"https:\/\/www.bghaber.org\/bghaber\/wp-json\/wp\/v2\/tags?post=32877"}],"curies":[{"name":"wp","href":"https:\/\/api.w.org\/{rel}","templated":true}]}}