{"id":32737,"date":"2018-11-07T12:02:08","date_gmt":"2018-11-07T09:02:08","guid":{"rendered":"http:\/\/www.bghaber.org\/bghaber\/?p=32737"},"modified":"2018-11-07T12:11:15","modified_gmt":"2018-11-07T09:11:15","slug":"sofra-basinda","status":"publish","type":"post","link":"https:\/\/www.bghaber.org\/bghaber\/sofra-basinda\/","title":{"rendered":"Sofra Ba\u015f\u0131nda"},"content":{"rendered":"<p>Tarih: 05 Ekim 2018<\/p>\n<p>Yazan: Raziye \u00c7AKIR<\/p>\n<p>Konu: <strong>Hepsinin dedesi, nenesi, anas\u0131 ve babas\u0131 her yerde T\u00fcrk\u00e7e konu\u015fuyordu. Akrabalar\u0131 da T\u00fcrkiye\u2019dedir.<\/strong><\/p>\n<p>&nbsp;<\/p>\n<p>Liderlik heves meselesi de\u011fildir. Ne sofra ba\u015f\u0131nda en uzun kalan, ne de halk gerilemek zorunda kald\u0131\u011f\u0131nda onu inin karanl\u0131\u011f\u0131na g\u00f6t\u00fcren liderdir.<\/p>\n<p>4 Kas\u0131m ak\u015fam\u0131 Hak ve \u00d6zg\u00fcrl\u00fck Hareketi (H\u00d6H) gen\u00e7lik \u00f6rg\u00fct\u00fc 20 ya\u015f\u0131n\u0131 Sofya\u2019da \u201c<strong>Prenses<\/strong>\u201d Otelin k\u00f6r sofra salonlar\u0131n\u0131n birinde kutlad\u0131.\u00a0 \u00d6nce \u015funa i\u015faret edelim, kutlama gecesinde \u015fu Hak ve \u00d6zg\u00fcrl\u00fck Hareketi (H\u00d6H) ismiyle hi\u00e7bir defa an\u0131lmad\u0131. T\u00fcrk dili korkusu, T\u00fcrk\u00e7e konu\u015fma yasa\u011f\u0131 Sofya\u2019da \u00a04 y\u0131ld\u0131zl\u0131 T\u00fcrk otelinin salonlar\u0131na da \u00f6l\u00fcm korkusu gibi sinmi\u015f ki, Bulgarca ve \u0130ngilizce konu\u015fmalar yap\u0131ld\u0131. Anlayan anlad\u0131 anlamayan anlamad\u0131.<\/p><div id=\"bghab-869159595\" class=\"bghab-icerik-icine bghab-entity-placement\"><script async src=\"\/\/pagead2.googlesyndication.com\/pagead\/js\/adsbygoogle.js?client=ca-pub-6203283170189293\" crossorigin=\"anonymous\"><\/script><ins class=\"adsbygoogle\" style=\"display:block; text-align:center;\" data-ad-client=\"ca-pub-6203283170189293\" \ndata-ad-slot=\"7303146466\" \ndata-ad-layout=\"in-article\"\ndata-ad-format=\"fluid\" data-full-width-responsive=\"true\"><\/ins>\n<script> \n(adsbygoogle = window.adsbygoogle || []).push({}); \n<\/script>\n<\/div>\n<p>20.y\u0131l kutlamas\u0131n\u0131 \u00f6rg\u00fctleyen DPS Gen\u00e7lik Kollar\u0131 Ba\u015fkan\u0131, Avrupa Parlamentosu milletvekili ve Avrupa Liberalleri ALDE Ba\u015fkan Yard\u0131mc\u0131s\u0131 \u0130lhan K\u00fc\u00e7\u00fck, \u015fu DPS bayra\u011f\u0131nda ve amblemindeki iki zeytin dal\u0131nda 9\u2019ar yaprak var, bunlar i\u00e7te ve d\u0131\u015fta bar\u0131\u015f ve huzurdan yana oldu\u011fumuzu ifade ederken, Bulgaristan\u2019daki 9 etnik az\u0131nl\u0131k toplulu\u011funun birlik sembol\u00fcd\u00fcr, demedi. H\u00d6H kurucu fikri, halk\u0131m\u0131z\u0131n ho\u015fg\u00f6r\u00fcl\u00fc d\u00fcnya g\u00f6r\u00fc\u015f\u00fcnden ve hak ve \u00f6zg\u00fcrl\u00fckler u\u011fruna direnme azminden do\u011fmu\u015ftur. Hak ve \u00f6zg\u00fcrl\u00fck, adalet ve demokrasi gibi herkesin kutsal nimeti oldu\u011fundan, ortak bir sembol ve edinimdir de demedi.<\/p>\n<p>K\u00fc\u00e7\u00fck, insan k\u0131tl\u0131\u011f\u0131nda \u00e7ok-foksiyonel bir lider durumunda, ama konu\u015ftuklar\u0131 kulak zar\u0131ndan i\u00e7eri girmiyor. S\u00f6zde dinleyenler birbirlerine \u201c<strong>kafama hi\u00e7bir \u015fey girmiyor<\/strong>\u201d demek isteseler de, insan\u0131n ge\u00e7mi\u015finden ka\u00e7amad\u0131\u011f\u0131 gibi, i\u00e7inde bulundu\u011fu ortamdan da ka\u00e7amad\u0131\u011f\u0131n\u0131 anlayarak, sustular ve s\u0131k s\u0131k alk\u0131\u015flamakla yetindiler:<\/p>\n<p>Salonda bulunan ve Bulgarca ve \u0130ngilizce konu\u015fmalar\u0131 anlamaya \u00e7al\u0131\u015fan gen\u00e7lerin dedeleri, neneleri, anneleri, babalar\u0131, yengeleri ve day\u0131lar\u0131 ate\u015f i\u00e7inde \u00f6zg\u00fcrl\u00fck m\u00fccadelemizi T\u00fcrk ruhuyla ve T\u00fcrk\u00e7e anla\u015farak vermi\u015flerdi. \u015eehitlerimiz dilimiz, dinimiz ve T\u00fcrk kimli\u011fimiz i\u00e7in \u00f6ld\u00fcler.<\/p>\n<p>Onlar, T\u00fcrk\u2019t\u00fc, Pomak\u2019t\u0131, \u00c7ingeneydi, Ulah\u2019t\u0131, Tatar\u2019d\u0131, Gagavuz\u2019du, Armen\u2019di, Yahudi\u2019ydi, Makedon\u2019du, ama hepsi hak ve \u00f6zg\u00fcrl\u00fck u\u011fruna sava\u015fan insanlard\u0131. H\u00d6H davam\u0131z,\u00a0 XX. Y\u00fczy\u0131l insan haklar\u0131 m\u00fccadelemizin ortak \u00fcr\u00fcn\u00fcd\u00fcr. \u00c7e\u015fitlilikte birlik ve birlikte \u00e7e\u015fitlilik m\u00fccadelemizin zafer bayra\u011f\u0131d\u0131r.<\/p>\n<p>\u015eimdi ne oldu? Herkes k\u00f6k\u00fcne d\u00f6nmek, kendi \u00e7i\u00e7e\u011fini a\u00e7mak ve kendi meyvesini sarmak isterken umutlar\u0131m\u0131zdan yaprak salatas\u0131 yap\u0131ld\u0131. Anadilimiz olan ve 21. Y\u00fczy\u0131lda 250 milyon insan\u0131n konu\u015ftu\u011fu, \u00e7a\u011fda\u015f cesur ve zeki modern kimli\u011fi yaratan, en h\u0131zl\u0131 y\u00fckselen medeniyetlerden biri olan Y\u00fcce T\u00fcrk uygarl\u0131\u011f\u0131n\u0131 ta\u015f\u0131yan anadilimizi bir kenara b\u0131rak\u0131p, h\u0131zla yozla\u015fan, durmadan \u00e7\u00f6ken ve kullanan n\u00fcfus giderek azalan, k\u00fclt\u00fcr, edebiyat ve uygarl\u0131k a\u00e7\u0131s\u0131ndan durgunluk ya\u015fayan Bulgar dilinde kutlama gecesi d\u00fczenlenmesi, g\u00f6n\u00fcl k\u0131ran izlenim b\u0131rakt\u0131. Resmi dil olmas\u0131 bu durumu de\u011fi\u015ftirmez. Bu bir modern Avrupa de\u011feridir. Az\u0131nl\u0131k dillerinin ya\u015fama hakk\u0131 me\u015ftudur.<\/p><div id=\"bghab-3356381001\" class=\"bghab-icerik-icine-10-paragraf bghab-entity-placement\"><script async src=\"\/\/pagead2.googlesyndication.com\/pagead\/js\/adsbygoogle.js?client=ca-pub-6203283170189293\" crossorigin=\"anonymous\"><\/script><ins class=\"adsbygoogle\" style=\"display:block; text-align:center;\" data-ad-client=\"ca-pub-6203283170189293\" \ndata-ad-slot=\"7303146466\" \ndata-ad-layout=\"in-article\"\ndata-ad-format=\"fluid\" data-full-width-responsive=\"true\"><\/ins>\n<script> \n(adsbygoogle = window.adsbygoogle || []).push({}); \n<\/script>\n<\/div>\n<p>\u015eu unutulmamal\u0131d\u0131r! Hak ve \u00f6zg\u00fcrl\u00fck hareketi bir direni\u015f bi\u00e7imi olarak T\u00fcrklerimiz aras\u0131nda ve T\u00fcrk dilinde, T\u00fcrkl\u00fck ruhuyla ve M\u00fcsl\u00fcman T\u00fcrk iradesiyle mayalanm\u0131\u015ft\u0131r. Bu davan\u0131n devamc\u0131s\u0131 ve 2. Ku\u015fa\u011f\u0131 olan H\u00d6H Gen\u00e7lik lider-korosu davam\u0131z\u0131n \u00f6z\u00fcne tamamen ihanet etmi\u015f bir boyuta ula\u015ft\u0131\u011f\u0131n\u0131 kan\u0131tlamaktan \u00e7ekinmedi.<\/p>\n<p>Ku\u015fkusuz bu ger\u00e7ek, DPS Gen\u00e7lik \u00f6rg\u00fct\u00fc y\u00f6netimindeki kadrolar\u0131n T\u00fcrk \u00f6z\u00fcm\u00fcz\u00fc belirleyen n\u00fcve vas\u0131flar\u0131n\u0131 yitirdi\u011fini ve ne oldu\u011fu bilinmeyen bir y\u00f6nelim i\u00e7inde bulunduklar\u0131na i\u015faret oluyor.<\/p>\n<p>1984- 1989 y\u0131llar\u0131 aras\u0131nda hak ve \u00f6zg\u00fcrl\u00fck, adalet ve insan haklar\u0131, s\u00fcrg\u00fcn ve zindanlardaki kadrolar\u0131m\u0131z\u0131n hemen sal\u0131verilmesi i\u00e7in verilen sava\u015f\u0131m T\u00fcrk dilinde, T\u00fcrkler aras\u0131nda \u00f6rg\u00fctlenmi\u015fken, g\u00fcn\u00fcm\u00fcz\u00fcn k\u00f6r sofrac\u0131lar\u0131 anadilimizi kullanmaya utan\u0131r duruma gelmi\u015flerdir. O yenilmez ve y\u0131lmaz \u00f6zg\u00fcrl\u00fck\u00e7\u00fc kadrolar t\u00fct\u00fcn tarlalar\u0131, maden ocaklar\u0131, in\u015faat iskeleleri, baraj duvarlar\u0131, hayvan bak\u0131c\u0131 \u201cakademilerinde\u201d katran, bal\u00e7\u0131k, don, har\u00e7, beton, demir kitab\u0131ndan okuyarak yeti\u015fmi\u015flerdi.<\/p>\n<p>Almanya\u2019n\u0131n \u00f6zg\u00fcrl\u00fck i\u00e7in \u201c<strong>Fridrich Nauman<\/strong>\u201d vakf\u0131 G\u00fcney Avrupa lideri Daniel Kadik y\u0131ld\u00f6n\u00fcm\u00fc k\u00fcrs\u00fcs\u00fcnden yapt\u0131\u011f\u0131 konu\u015fmada, 2007\u2019den beri Sofya\u2019da olduklar\u0131n\u0131 ve H\u00d6H Genel Ba\u015fkan\u0131 Mustafa Karaday\u0131\u2019y\u0131 kendilerinin yeti\u015ftirdi\u011fini s\u00f6yledi. H\u0131rstan patlay\u0131p \u00f6l\u00fcr m\u00fcs\u00fcn? \u00d6fkeden \u00e7\u0131ld\u0131r\u0131p intihar m\u0131 edersin? Kendilerini bizden \u00fcst\u00fcn sayan ve bizi yava\u015f yava\u015f k\u00f6r sofralarda eriterek uyutan ve yok etmeye \u00e7al\u0131\u015fanlar\u0131n i\u00e7imize ne kadar sokuldu\u011funu bir d\u00fc\u015f\u00fcn\u00fcn. Bunu, Ahmet Do\u011fan haini \u00f6rne\u011finde, \u201c<strong>istedi\u011fi y\u00fcksekokula yaz\u0131lma<\/strong>\u201d \u00f6zg\u00fcrl\u00fc\u011f\u00fcnde, sahteden \u201c<strong>hapse d\u00fc\u015fme<\/strong>\u201d oyununda, \u201c<strong>bilimler doktoru<\/strong>\u201d ilan edilmesinde, 8 defa s\u00f6zde evlenmesinde, vatan\u0131m\u0131z\u0131 ve kimli\u011fimizi satan, fa\u015fist-VMRO\u2019nun \u201c<strong>Alt\u0131n Y\u0131ld\u0131z Madalyas\u0131yla<\/strong>\u201d taltif edilmesinde, Bulgaristan M\u00fcsl\u00fcmanlar\u0131n\u0131n adlar\u0131n\u0131 de\u011fi\u015ftiren ve b\u00fcy\u00fck say\u0131da karde\u015fimizin \u00f6l\u00fcm\u00fcne, vatan\u0131m\u0131zdan kovulmam\u0131za neden olan savc\u0131 Prof. Vasil Mr\u0131\u00e7kov ile birlikte \u201c<strong>Stara Planina<\/strong>\u201d \u00d6d\u00fcl\u00fcyle \u00f6d\u00fcllendirilmesinde, korumal\u0131 saraylarda ya\u015fat\u0131lmas\u0131nda ortaya \u00e7\u0131kan Rus istihbarat tuza\u011f\u0131nda ve ba\u015fka \u00f6rneklerde usta \u00a0icatlar olarak art\u0131k ya\u015fam\u0131\u015ft\u0131k.\u00a0 Besbelli kukla oynatanlar el de\u011fi\u015ftirilmi\u015fler.<\/p>\n<p>Biz \u0130lhan K\u00fc\u00e7\u00fck\u2019 \u00fcn kutlama konu\u015fmas\u0131nda \u201c<strong>\u00e7ok k\u00fclt\u00fcrl\u00fc<\/strong>\u201d ve \u201c<strong>\u00e7ok etnikli<\/strong>\u201d bir kitle \u00f6rg\u00fct\u00fc s\u00f6zlerini anlamakta g\u00fc\u00e7l\u00fck \u00e7ektik. Bulgaristan\u2019da hangi etni\u011fin okulu var? Halk k\u00fclt\u00fcr\u00fc t\u00f6re ve gelenekleri ezilip \u00f6ld\u00fcr\u00fclm\u00fcyor ki? Hangi etnik topluluk etnik kimli\u011fini anadilinde savunurken her g\u00fcn polisle \u00e7at\u0131\u015fm\u0131yor? Kurban vermiyor?\u00a0 Unutmayal\u0131m az\u0131na kadar dolu Bulgar Hapishanelerindeki mahk\u00fbmlar\u0131n % 80\u2019ni etnik az\u0131nl\u0131k gen\u00e7leridir. \u00dclkenin d\u00f6rt bir yan\u0131nda, k\u00f6y ve kentlerinde her g\u00fcn bir \u00c7ingene isyan\u0131 ya\u015fan\u0131yor.\u00a0 \u00c7ingene m\u00fczi\u011fi dinlemek yasak, \u00e7ingene dilinde yaz\u0131p okumak yasak, \u00c7ingene k\u0131zlar\u0131n\u0131n davul zurnal\u0131 d\u00fc\u011f\u00fcnle evlenmesi yasak, at ko\u015fular\u0131 yasak, \u00c7ingenece konu\u015fmak yasak vs vs.<\/p><div id=\"bghab-936343976\" class=\"bghab-icerik-icine-15-paragraf bghab-entity-placement\"><script async src=\"\/\/pagead2.googlesyndication.com\/pagead\/js\/adsbygoogle.js?client=ca-pub-6203283170189293\" crossorigin=\"anonymous\"><\/script><ins class=\"adsbygoogle\" style=\"display:block; text-align:center;\" data-ad-client=\"ca-pub-6203283170189293\" \ndata-ad-slot=\"7303146466\" \ndata-ad-layout=\"in-article\"\ndata-ad-format=\"fluid\" data-full-width-responsive=\"true\"><\/ins>\n<script> \n(adsbygoogle = window.adsbygoogle || []).push({}); \n<\/script>\n<\/div>\n<p>Say\u0131n \u0130lhan t\u00fcm etniklerin gen\u00e7leri <strong>MEMLEKET\u0130M\u0130Z\u0130<\/strong> yani <strong>VATANIMIZI<\/strong> her g\u00fcn terk ediyorlar. Gen\u00e7ler ka\u00e7\u0131yorlar? Neden acaba? Yani gelece\u011fimiz yok oluyor! Yaln\u0131z k\u00f6yler de\u011fil, kasabalar da bo\u015fal\u0131yor. Okullarda \u00f6\u011fretmen ve e\u011fitmen, sa\u011fl\u0131k merkezlerinde doktor, hem\u015fire ve hademe yok. K\u00f6ylerimizde muhtardan ba\u015fka devlet memuru yok.. Yani devlet kurumlar\u0131 tamamen \u00e7\u00f6km\u00fc\u015f. Yani devlet yok olmu\u015f\u2026<\/p>\n<p>H\u00d6H Ba\u015fkan Yard\u0131mc\u0131s\u0131, K\u0131rca Ali Belediye Ba\u015fkan\u0131 Hasan Aziz, k\u00fcrs\u00fcden kurucu akademisyen edas\u0131nda, Ahmet Do\u011fan\u2019\u0131n da tozunu alarak ve k\u00fcf\u00fcne mehlem s\u00fcrerek yapt\u0131\u011f\u0131 vurgulamal\u0131 konu\u015fmas\u0131nda, \u201c<strong>70 \u00fcniversiteli T\u00fcrk genci olarak o kurucu toplant\u0131da T\u00fcrk\u00e7e konu\u015fmu\u015ftuk<\/strong>\u201d, bu hareketin gen\u00e7 kollar\u0131n\u0131n mayas\u0131nda T\u00fcrk dili ve T\u00fcrk ruhu var demedi. K\u0131rca Alide 20 y\u0131ldan beri dayatmaya \u00e7al\u0131\u015ft\u0131\u011f\u0131 \u201c<strong>Bulgar Etnik Modeli<\/strong>\u201d nin \u00e7\u00f6kt\u00fc\u011f\u00fcn\u00fc bildirmeye de dili varmad\u0131. Bug\u00fcn koskoca K\u0131rca Ali Belediyesinden Sofya Y\u00fcksek Okullar\u0131nda kay\u0131tl\u0131 70 \u00f6\u011frenci yok diyemedi. T\u00fcrk dili sorununun \u00e7\u00f6z\u00fcm\u00fcne bir \u00e7\u00f6z\u00fcm getiremedi\u011fini s\u00f6ylemeye de dili d\u00f6nmedi.<\/p>\n<p><strong>Her \u015fey eski hamam eski tas diyenler aldan\u0131yor. Art\u0131k hamam\u0131n suyu kesiliyor. Kurnalar akm\u0131yor, tellak emekli olmu\u015f, elektrikler yanm\u0131yor<\/strong>.<\/p>\n<p>\u015eimdiki T\u00fcrkl\u00fc\u011f\u00fcn son mek\u00e2n\u0131 saray sofralar\u0131, \u201c<strong>Prenses<\/strong>\u201d otel gibi kumarc\u0131 merkezlerinin k\u00f6r sofralar\u0131 ve Avrupa Birli\u011fi\u2019nin a\u00e7\u0131k b\u00fcfeleridir. Bu merkezlerde bar\u0131nanlar da hep ayn\u0131 ki\u015filerdir.<\/p>\n<p>\u00d6tekilerin T\u00fcrk\u00e7esi \u00f6lm\u00fc\u015f, ruhu kaynam\u0131\u015f, karn\u0131 a\u00e7 kimsenin umurunda de\u011fil. Ba\u015fa gelen \u00e7ekilir. Hep iyi olsun diye m\u00fccadele ettik, fakat y\u0131llardan beri kork tavu\u011fun alt\u0131ndan kuzgun yavrusu \u00e7\u0131k\u0131yor, yapacak bir \u015fey yok. Kontrol\u00fcm\u00fczde olmayan bir d\u00fcnyada ya\u015f\u0131yoruz.<\/p><div id=\"bghab-1193392962\" class=\"bghab-icerik-icine-20-paragraf bghab-entity-placement\"><script async src=\"\/\/pagead2.googlesyndication.com\/pagead\/js\/adsbygoogle.js?client=ca-pub-6203283170189293\" crossorigin=\"anonymous\"><\/script><ins class=\"adsbygoogle\" style=\"display:block; text-align:center;\" data-ad-client=\"ca-pub-6203283170189293\" \ndata-ad-slot=\"7303146466\" \ndata-ad-layout=\"in-article\"\ndata-ad-format=\"fluid\" data-full-width-responsive=\"true\"><\/ins>\n<script> \n(adsbygoogle = window.adsbygoogle || []).push({}); \n<\/script>\n<\/div>\n<p><strong>Hepsinin dedesi, nenesi, anas\u0131 ve babas\u0131 her yerde T\u00fcrk\u00e7e konu\u015fuyordu. Gidecekleri yer de T\u00fcrk mezarl\u0131\u011f\u0131d\u0131r. Ne yaz\u0131k ki, Sofya\u2019da o da yok. <\/strong><\/p>\n<p><strong>\u00d6yleyse dedenizin mezar\u0131na girip hesap verirsiniz\u2026 <\/strong><\/p>\n<p><strong>Ne yapal\u0131m, durum bu!<\/strong><\/p>\n<p>Okudu\u011funuz i\u00e7in te\u015fekk\u00fcrler.<\/p>\n<p>Payla\u015f\u0131n\u0131z.<\/p><div id=\"bghab-2485908431\" class=\"bghab-icerik-icine-25-paragraf bghab-entity-placement\"><script async src=\"\/\/pagead2.googlesyndication.com\/pagead\/js\/adsbygoogle.js?client=ca-pub-6203283170189293\" crossorigin=\"anonymous\"><\/script><ins class=\"adsbygoogle\" style=\"display:block; text-align:center;\" data-ad-client=\"ca-pub-6203283170189293\" \ndata-ad-slot=\"7303146466\" \ndata-ad-layout=\"in-article\"\ndata-ad-format=\"fluid\" data-full-width-responsive=\"true\"><\/ins>\n<script> \n(adsbygoogle = window.adsbygoogle || []).push({}); \n<\/script>\n<\/div>\n<p>Gen\u00e7 biriyseniz, umut k\u0131r\u0131kl\u0131\u011f\u0131 ya\u015famay\u0131n\u0131z.<\/p>\n<p>Kendinize iyi bak\u0131n\u0131z!<\/p>\n<div id=\"bghab-2088767110\" class=\"bghab-yazi-altinda bghab-entity-placement\"><script async src=\"https:\/\/pagead2.googlesyndication.com\/pagead\/js\/adsbygoogle.js\"><\/script>\r\n<!-- bghaber-yaz\u0131-sonu -->\r\n<ins class=\"adsbygoogle\"\r\n     style=\"display:block\"\r\n     data-ad-client=\"ca-pub-6203283170189293\"\r\n     data-ad-slot=\"4222328180\"\r\n     data-ad-format=\"auto\"\r\n     data-full-width-responsive=\"true\"><\/ins>\r\n<script>\r\n     (adsbygoogle = window.adsbygoogle || []).push({});\r\n<\/script><\/div><br style=\"clear: both; display: block; float: none;\"\/>","protected":false},"excerpt":{"rendered":"<p>Tarih: 05 Ekim 2018 Yazan: Raziye \u00c7AKIR Konu: Hepsinin dedesi, nenesi, anas\u0131 ve babas\u0131 her yerde T\u00fcrk\u00e7e konu\u015fuyordu. Akrabalar\u0131 da T\u00fcrkiye\u2019dedir. &nbsp; Liderlik heves meselesi<\/p>\n","protected":false},"author":13,"featured_media":32250,"comment_status":"closed","ping_status":"closed","sticky":false,"template":"","format":"standard","meta":{"advanced_seo_description":"","jetpack_seo_html_title":"","jetpack_seo_noindex":false,"jetpack_seo_schema_type":"","_jetpack_newsletter_access":"","_jetpack_dont_email_post_to_subs":false,"_jetpack_newsletter_tier_id":0,"_jetpack_memberships_contains_paywalled_content":false,"_jetpack_feature_clip_id":0,"_jetpack_memberships_contains_paid_content":false,"footnotes":"","jetpack_post_was_ever_published":false},"categories":[6],"tags":[],"class_list":["post-32737","post","type-post","status-publish","format-standard","has-post-thumbnail","hentry","category-yorum"],"jetpack_sharing_enabled":true,"jetpack_likes_enabled":true,"jetpack-related-posts":[],"jetpack_shortlink":"https:\/\/wp.me\/pc2PfJ-8w1","jetpack_featured_media_url":"https:\/\/i0.wp.com\/www.bghaber.org\/bghaber\/wp-content\/uploads\/2018\/09\/raziye.jpg?fit=255%2C363&ssl=1","_links":{"self":[{"href":"https:\/\/www.bghaber.org\/bghaber\/wp-json\/wp\/v2\/posts\/32737","targetHints":{"allow":["GET"]}}],"collection":[{"href":"https:\/\/www.bghaber.org\/bghaber\/wp-json\/wp\/v2\/posts"}],"about":[{"href":"https:\/\/www.bghaber.org\/bghaber\/wp-json\/wp\/v2\/types\/post"}],"author":[{"embeddable":true,"href":"https:\/\/www.bghaber.org\/bghaber\/wp-json\/wp\/v2\/users\/13"}],"replies":[{"embeddable":true,"href":"https:\/\/www.bghaber.org\/bghaber\/wp-json\/wp\/v2\/comments?post=32737"}],"version-history":[{"count":0,"href":"https:\/\/www.bghaber.org\/bghaber\/wp-json\/wp\/v2\/posts\/32737\/revisions"}],"wp:featuredmedia":[{"embeddable":true,"href":"https:\/\/www.bghaber.org\/bghaber\/wp-json\/wp\/v2\/media\/32250"}],"wp:attachment":[{"href":"https:\/\/www.bghaber.org\/bghaber\/wp-json\/wp\/v2\/media?parent=32737"}],"wp:term":[{"taxonomy":"category","embeddable":true,"href":"https:\/\/www.bghaber.org\/bghaber\/wp-json\/wp\/v2\/categories?post=32737"},{"taxonomy":"post_tag","embeddable":true,"href":"https:\/\/www.bghaber.org\/bghaber\/wp-json\/wp\/v2\/tags?post=32737"}],"curies":[{"name":"wp","href":"https:\/\/api.w.org\/{rel}","templated":true}]}}