{"id":32709,"date":"2018-11-07T14:40:23","date_gmt":"2018-11-07T11:40:23","guid":{"rendered":"http:\/\/www.bghaber.org\/bghaber\/?p=32709"},"modified":"2019-06-26T15:20:00","modified_gmt":"2019-06-26T12:20:00","slug":"ab-parlamentosundan-bulgaristan-ve-romanyanin-schengene-kabul-edilmesi-cagrisi","status":"publish","type":"post","link":"https:\/\/www.bghaber.org\/bghaber\/ab-parlamentosundan-bulgaristan-ve-romanyanin-schengene-kabul-edilmesi-cagrisi\/","title":{"rendered":"AB Parlamentosu\u2019ndan Bulgaristan ve Romanya&#8217;n\u0131n Schengen\u2019e kabul edilmesi \u00e7a\u011fr\u0131s\u0131"},"content":{"rendered":"<p>Avrupa Birli\u011fi (AB) Parlamentosu Bas\u0131n Merkezinden yap\u0131lan a\u00e7\u0131klamada,\u201d Avrupa Parlamentosu\u2019nun Sivil \u00d6zg\u00fcrl\u00fckler, Adalet ve \u0130\u00e7i\u015fleri Komitesi, d\u00fcn ak\u015fam Bulgaristan ve Romanya&#8217;n\u0131n m\u00fcmk\u00fcn olan en k\u0131sa zamanda Schengen B\u00f6lgesi\u2019ne dahil edilmesi \u00e7a\u011fr\u0131s\u0131nda bulundu\u201d denildi.<\/p>\n<p>Avrupa Parlamentosu milletvekilleri, iki \u00fclkenin ayn\u0131 anda hem kara hem deniz hem hava yoluyla Schengen\u2019e kabul edilmesinde \u0131srar ediyor ve \u015fu anda Schengen B\u00f6lgesi\u2019ne gidip gelmek i\u00e7in yap\u0131lan s\u0131n\u0131r kontrollerinin olumsuz ekonomik etkisi oldu\u011funu ekliyor.<\/p>\n<p>\u00c7a\u011fr\u0131, AB Konseyi&#8217;ne y\u00f6neliktir. Yap\u0131lan a\u00e7\u0131klamada mevcut durumun sadece iki \u00fclkeye de\u011fil, ayn\u0131 zamanda di\u011fer AB \u00fclkelerine de zarar verdi\u011fi kaydedildi. AP Komitesi, Schengen&#8217;in geni\u015flemesinin iltica ve g\u00f6\u00e7 alanlar\u0131ndaki eksikliklerle ba\u011flant\u0131l\u0131 olmamas\u0131 gerekti\u011fine i\u015faret ediyor.<\/p>\n<p>Sivil \u00d6zg\u00fcrl\u00fckler, Adalet ve \u0130\u00e7i\u015fleri Komitesi\u2019nin yapt\u0131\u011f\u0131 \u00e7a\u011fr\u0131, aral\u0131k ay\u0131nda kabul edilmesi beklenen Avrupa Parlamentosu taraf\u0131ndan haz\u0131rlanan bir rapora dahil edilecek.<\/p>\n<p>&nbsp;<\/p>\n<p>K\u0131rcaali Haber<\/p><div id=\"bghab-2135105126\" class=\"bghab-icerik-icine bghab-entity-placement\"><script async src=\"\/\/pagead2.googlesyndication.com\/pagead\/js\/adsbygoogle.js?client=ca-pub-6203283170189293\" crossorigin=\"anonymous\"><\/script><ins class=\"adsbygoogle\" style=\"display:block; text-align:center;\" data-ad-client=\"ca-pub-6203283170189293\" \ndata-ad-slot=\"7303146466\" \ndata-ad-layout=\"in-article\"\ndata-ad-format=\"fluid\" data-full-width-responsive=\"true\"><\/ins>\n<script> \n(adsbygoogle = window.adsbygoogle || []).push({}); \n<\/script>\n<\/div>\n<div id=\"bghab-962915984\" class=\"bghab-yazi-altinda bghab-entity-placement\"><script async src=\"https:\/\/pagead2.googlesyndication.com\/pagead\/js\/adsbygoogle.js\"><\/script>\r\n<!-- bghaber-yaz\u0131-sonu -->\r\n<ins class=\"adsbygoogle\"\r\n     style=\"display:block\"\r\n     data-ad-client=\"ca-pub-6203283170189293\"\r\n     data-ad-slot=\"4222328180\"\r\n     data-ad-format=\"auto\"\r\n     data-full-width-responsive=\"true\"><\/ins>\r\n<script>\r\n     (adsbygoogle = window.adsbygoogle || []).push({});\r\n<\/script><\/div><br style=\"clear: both; display: block; float: none;\"\/>","protected":false},"excerpt":{"rendered":"<p>Avrupa Birli\u011fi (AB) Parlamentosu Bas\u0131n Merkezinden yap\u0131lan a\u00e7\u0131klamada,\u201d Avrupa Parlamentosu\u2019nun Sivil \u00d6zg\u00fcrl\u00fckler, Adalet ve \u0130\u00e7i\u015fleri Komitesi, d\u00fcn ak\u015fam Bulgaristan ve Romanya&#8217;n\u0131n m\u00fcmk\u00fcn olan en k\u0131sa<\/p>\n","protected":false},"author":29,"featured_media":10681,"comment_status":"closed","ping_status":"closed","sticky":false,"template":"","format":"standard","meta":{"advanced_seo_description":"","jetpack_seo_html_title":"","jetpack_seo_noindex":false,"jetpack_seo_schema_type":"","_jetpack_newsletter_access":"","_jetpack_dont_email_post_to_subs":false,"_jetpack_newsletter_tier_id":0,"_jetpack_memberships_contains_paywalled_content":false,"_jetpack_feature_clip_id":0,"_jetpack_memberships_contains_paid_content":false,"footnotes":"","jetpack_post_was_ever_published":false},"categories":[4],"tags":[],"class_list":["post-32709","post","type-post","status-publish","format-standard","has-post-thumbnail","hentry","category-siyaset"],"jetpack_sharing_enabled":true,"jetpack_likes_enabled":true,"jetpack-related-posts":[],"jetpack_shortlink":"https:\/\/wp.me\/pc2PfJ-8vz","jetpack_featured_media_url":"https:\/\/i0.wp.com\/www.bghaber.org\/bghaber\/wp-content\/uploads\/2014\/07\/d3534260705869035d9690b7e76beb11.jpg?fit=850%2C478&ssl=1","_links":{"self":[{"href":"https:\/\/www.bghaber.org\/bghaber\/wp-json\/wp\/v2\/posts\/32709","targetHints":{"allow":["GET"]}}],"collection":[{"href":"https:\/\/www.bghaber.org\/bghaber\/wp-json\/wp\/v2\/posts"}],"about":[{"href":"https:\/\/www.bghaber.org\/bghaber\/wp-json\/wp\/v2\/types\/post"}],"author":[{"embeddable":true,"href":"https:\/\/www.bghaber.org\/bghaber\/wp-json\/wp\/v2\/users\/29"}],"replies":[{"embeddable":true,"href":"https:\/\/www.bghaber.org\/bghaber\/wp-json\/wp\/v2\/comments?post=32709"}],"version-history":[{"count":0,"href":"https:\/\/www.bghaber.org\/bghaber\/wp-json\/wp\/v2\/posts\/32709\/revisions"}],"wp:featuredmedia":[{"embeddable":true,"href":"https:\/\/www.bghaber.org\/bghaber\/wp-json\/wp\/v2\/media\/10681"}],"wp:attachment":[{"href":"https:\/\/www.bghaber.org\/bghaber\/wp-json\/wp\/v2\/media?parent=32709"}],"wp:term":[{"taxonomy":"category","embeddable":true,"href":"https:\/\/www.bghaber.org\/bghaber\/wp-json\/wp\/v2\/categories?post=32709"},{"taxonomy":"post_tag","embeddable":true,"href":"https:\/\/www.bghaber.org\/bghaber\/wp-json\/wp\/v2\/tags?post=32709"}],"curies":[{"name":"wp","href":"https:\/\/api.w.org\/{rel}","templated":true}]}}