{"id":32705,"date":"2018-11-07T13:37:42","date_gmt":"2018-11-07T10:37:42","guid":{"rendered":"http:\/\/www.bghaber.org\/bghaber\/?p=32705"},"modified":"2019-06-26T15:20:00","modified_gmt":"2019-06-26T12:20:00","slug":"bulgaristan-bir-kez-daha-abdden-vize-uygulamasini-kaldirmasini-istedi","status":"publish","type":"post","link":"https:\/\/www.bghaber.org\/bghaber\/bulgaristan-bir-kez-daha-abdden-vize-uygulamasini-kaldirmasini-istedi\/","title":{"rendered":"Bulgaristan bir kez daha ABD\u2019den vize uygulamas\u0131n\u0131 kald\u0131rmas\u0131n\u0131 istedi"},"content":{"rendered":"<p>D\u0131\u015fi\u015fleri Bakanl\u0131\u011f\u0131ndan verilen bilgiye g\u00f6re D\u0131\u015fi\u015fleri Bakan\u0131 Ekaterina Zaharieva\u2019\u0131n, d\u00fcn Amerika Birle\u015fik Devletleri (ABD) D\u0131\u015fi\u015fleri Bakan\u0131 Mike Pompeo ile g\u00f6r\u00fc\u015fmesi sonras\u0131 yapt\u0131\u011f\u0131 a\u00e7\u0131klamada,\u201d ABD, vizesiz seyahat program\u0131na dahil edilmenin en \u00f6nemli kriterlerinden biri olan Bulgaristan vatanda\u015flar\u0131 i\u00e7in reddedilen ABD vize ba\u015fvuru say\u0131s\u0131n\u0131 azaltma s\u00fcrecinde Bulgaristan&#8217;\u0131 desteklemeye devam edecek\u201d diye kaydetti.<\/p>\n<p>Her y\u0131l reddedilen ba\u015fvuru say\u0131s\u0131 azalmas\u0131na ra\u011fmen onlar yine de %14&#8217;t\u00fcr ve kriter %3&#8217;\u00fcn alt\u0131ndad\u0131r. Ekaterina Zaharieva, Bulgaristan&#8217;da amac\u0131n fark\u0131ndal\u0131\u011f\u0131 artt\u0131rmak oldu\u011funu, b\u00f6ylece daha az \u015fartlara uymayan ki\u015filerin vize ba\u015fvurusunda bulunaca\u011f\u0131n\u0131 belirtti. Bulgaristan, vatanda\u015flar\u0131n\u0131n ABD&#8217;yi ziyaret etmek i\u00e7in vize talep etti\u011fi be\u015f Avrupa Birli\u011fi (AB) \u00fclkesinden biridir.<\/p>\n<p>Ba\u015fbakan Yard\u0131mc\u0131s\u0131 ve D\u0131\u015fi\u015fleri Bakan\u0131 ile ABD D\u0131\u015fi\u015fleri Bakan\u0131, ABD&#8217;de \u00e7al\u0131\u015fan Bulgarlar\u0131n, Bulgaristan&#8217;da emekli maa\u015f\u0131 almak i\u00e7in hizmet s\u00fcresinin tan\u0131nmas\u0131 meselesini g\u00f6r\u00fc\u015ft\u00fc. Bu mesele yakla\u015f\u0131k 400 bin Bulgar&#8217;\u0131 ilgilendiriyor.<\/p>\n<p>Zaharieva,\u201d ABD\u2019nin bir dizi Avrupa \u00fclkesi ile sosyal sigorta anla\u015fmas\u0131 var, ancak Bulgaristan ile de\u011fil. Bu konuda s\u00fcrekli olarak \u00e7al\u0131\u015f\u0131yoruz ve prosed\u00fcrleri olduk\u00e7a kolayla\u015ft\u0131rd\u0131k, ancak \u015fimdi Bulgaristan&#8217;\u0131n anla\u015fma konusunda \u00f6ncelikli olarak m\u00fczakere edilecek \u00fclkeler listesine girme iste\u011fini do\u011frulad\u0131k\u201d diye belirtti.<\/p>\n<p>Bakan, toplant\u0131n\u0131n iki \u00fclke aras\u0131ndaki stratejik ortakl\u0131\u011f\u0131 ve m\u00fckemmel ili\u015fkileri teyit etmek i\u00e7in m\u00fckemmel bir f\u0131rsat oldu\u011funu da s\u00f6zlerine ekledi.<\/p><div id=\"bghab-1825538780\" class=\"bghab-icerik-icine bghab-entity-placement\"><script async src=\"\/\/pagead2.googlesyndication.com\/pagead\/js\/adsbygoogle.js?client=ca-pub-6203283170189293\" crossorigin=\"anonymous\"><\/script><ins class=\"adsbygoogle\" style=\"display:block; text-align:center;\" data-ad-client=\"ca-pub-6203283170189293\" \ndata-ad-slot=\"7303146466\" \ndata-ad-layout=\"in-article\"\ndata-ad-format=\"fluid\" data-full-width-responsive=\"true\"><\/ins>\n<script> \n(adsbygoogle = window.adsbygoogle || []).push({}); \n<\/script>\n<\/div>\n<p>Muhataplar ayr\u0131ca savunma alan\u0131ndaki stratejik ortakl\u0131\u011f\u0131 ve Bulgaristan Silahl\u0131 Kuvvetleri\u2019nin modernizasyon plan\u0131n\u0131 da ele ald\u0131. G\u00f6r\u00fc\u015fmede Bulgaristan&#8217;\u0131n enerji arz kaynaklar\u0131n\u0131 ve aktar\u0131m rotalar\u0131n\u0131 \u00e7e\u015fitlendirme \u00e7abalar\u0131na da de\u011finildi.<\/p>\n<p>Bakan,\u201d Yunanistan ile do\u011falgaz ara ba\u011flant\u0131 hatt\u0131 projesi ve Dedea\u011fa\u00e7&#8217;taki (Alexandroupoli) s\u0131v\u0131la\u015ft\u0131r\u0131lm\u0131\u015f do\u011falgaz LNG terminalinin yan\u0131 s\u0131ra do\u011fal gaz tedariki i\u00e7in kaynaklar\u0131n ve g\u00fczerg\u00e2hlar\u0131n \u00e7e\u015fitlendirilmesi a\u00e7\u0131s\u0131ndan rekabete yol a\u00e7acak Balkan Do\u011falgaz Da\u011f\u0131t\u0131m Merkezi\u2019ni in\u015fa etme \u00e7abalar\u0131m\u0131z\u0131 da konu\u015ftuk\u201d diye belirtti.<\/p>\n<p>ABD ziyareti s\u0131ras\u0131nda Ekaterina Zaharieva, ba\u015fkent New York\u2019taki Bulgar toplumunun temsilcileriyle bir araya geldi. Ba\u015fbaakn Yard\u0131mc\u0131s\u0131 ve D\u0131\u015fi\u015fleri Bakan\u0131,ABD Ulusal G\u00fcvenlik Dan\u0131\u015fman\u0131 ve Kabine \u00dcyesi John Bolton, Uluslararas\u0131 Cumhuriyet Enstit\u00fcs\u00fc Ba\u015fkan Yard\u0131mc\u0131s\u0131 Judy Wan Rest ve Ulusal Demokrasi Enstit\u00fcs\u00fc Orta ve Do\u011fu Avrupa B\u00f6lge Direkt\u00f6r\u00fc Robert Benjamin ile g\u00f6r\u00fc\u015fmeler yapacak.<\/p>\n<p>&nbsp;<\/p>\n<p>&nbsp;<\/p>\n<p>K\u0131rcaali Haber<\/p>\n<div id=\"bghab-1292783930\" class=\"bghab-yazi-altinda bghab-entity-placement\"><script async src=\"https:\/\/pagead2.googlesyndication.com\/pagead\/js\/adsbygoogle.js\"><\/script>\r\n<!-- bghaber-yaz\u0131-sonu -->\r\n<ins class=\"adsbygoogle\"\r\n     style=\"display:block\"\r\n     data-ad-client=\"ca-pub-6203283170189293\"\r\n     data-ad-slot=\"4222328180\"\r\n     data-ad-format=\"auto\"\r\n     data-full-width-responsive=\"true\"><\/ins>\r\n<script>\r\n     (adsbygoogle = window.adsbygoogle || []).push({});\r\n<\/script><\/div><br style=\"clear: both; display: block; float: none;\"\/>","protected":false},"excerpt":{"rendered":"<p>D\u0131\u015fi\u015fleri Bakanl\u0131\u011f\u0131ndan verilen bilgiye g\u00f6re D\u0131\u015fi\u015fleri Bakan\u0131 Ekaterina Zaharieva\u2019\u0131n, d\u00fcn Amerika Birle\u015fik Devletleri (ABD) D\u0131\u015fi\u015fleri Bakan\u0131 Mike Pompeo ile g\u00f6r\u00fc\u015fmesi sonras\u0131 yapt\u0131\u011f\u0131 a\u00e7\u0131klamada,\u201d ABD, vizesiz<\/p>\n","protected":false},"author":29,"featured_media":32706,"comment_status":"closed","ping_status":"closed","sticky":false,"template":"","format":"standard","meta":{"advanced_seo_description":"","jetpack_seo_html_title":"","jetpack_seo_noindex":false,"jetpack_seo_schema_type":"","_jetpack_newsletter_access":"","_jetpack_dont_email_post_to_subs":false,"_jetpack_newsletter_tier_id":0,"_jetpack_memberships_contains_paywalled_content":false,"_jetpack_feature_clip_id":0,"_jetpack_memberships_contains_paid_content":false,"footnotes":"","jetpack_post_was_ever_published":false},"categories":[1,4],"tags":[],"class_list":["post-32705","post","type-post","status-publish","format-standard","has-post-thumbnail","hentry","category-haberler","category-siyaset"],"jetpack_sharing_enabled":true,"jetpack_likes_enabled":true,"jetpack-related-posts":[],"jetpack_shortlink":"https:\/\/wp.me\/pc2PfJ-8vv","jetpack_featured_media_url":"https:\/\/i0.wp.com\/www.bghaber.org\/bghaber\/wp-content\/uploads\/2018\/11\/Zaharieva-ABD-D%C4%B1%C5%9Fi%C5%9Fleri-Bakan%C4%B1-Mike-Pompeo.jpg?fit=860%2C484&ssl=1","_links":{"self":[{"href":"https:\/\/www.bghaber.org\/bghaber\/wp-json\/wp\/v2\/posts\/32705","targetHints":{"allow":["GET"]}}],"collection":[{"href":"https:\/\/www.bghaber.org\/bghaber\/wp-json\/wp\/v2\/posts"}],"about":[{"href":"https:\/\/www.bghaber.org\/bghaber\/wp-json\/wp\/v2\/types\/post"}],"author":[{"embeddable":true,"href":"https:\/\/www.bghaber.org\/bghaber\/wp-json\/wp\/v2\/users\/29"}],"replies":[{"embeddable":true,"href":"https:\/\/www.bghaber.org\/bghaber\/wp-json\/wp\/v2\/comments?post=32705"}],"version-history":[{"count":0,"href":"https:\/\/www.bghaber.org\/bghaber\/wp-json\/wp\/v2\/posts\/32705\/revisions"}],"wp:featuredmedia":[{"embeddable":true,"href":"https:\/\/www.bghaber.org\/bghaber\/wp-json\/wp\/v2\/media\/32706"}],"wp:attachment":[{"href":"https:\/\/www.bghaber.org\/bghaber\/wp-json\/wp\/v2\/media?parent=32705"}],"wp:term":[{"taxonomy":"category","embeddable":true,"href":"https:\/\/www.bghaber.org\/bghaber\/wp-json\/wp\/v2\/categories?post=32705"},{"taxonomy":"post_tag","embeddable":true,"href":"https:\/\/www.bghaber.org\/bghaber\/wp-json\/wp\/v2\/tags?post=32705"}],"curies":[{"name":"wp","href":"https:\/\/api.w.org\/{rel}","templated":true}]}}